{"id":191274,"date":"2025-06-20T15:41:01","date_gmt":"2025-06-20T15:41:01","guid":{"rendered":"https:\/\/www.europesays.com\/fr\/191274\/"},"modified":"2025-06-20T15:41:01","modified_gmt":"2025-06-20T15:41:01","slug":"ces-lyceens-prennent-la-plume-pour-preserver-le-littoral","status":"publish","type":"post","link":"https:\/\/www.europesays.com\/fr\/191274\/","title":{"rendered":"Ces lyc\u00e9ens prennent la plume pour pr\u00e9server le littoral"},"content":{"rendered":"<p>Depuis janvier\u00a02025, une classe de seconde g\u00e9n\u00e9rale et technologique de la Joliverie s\u2019est lanc\u00e9e dans un projet interdisciplinaire, m\u00ealant fran\u00e7ais, histoire, g\u00e9ographie et \u00e9ducation morale et civique.<\/p>\n<p>Avec des grands <br \/>sp\u00e9cialistes du littoral<\/p>\n<p><a href=\"https:\/\/www.ouest-france.fr\/environnement\/protection-oceans\/\" target=\"_self\" rel=\"noopener\">Elle a r\u00e9alis\u00e9 enti\u00e8rement un journal consacr\u00e9 au th\u00e8me de la pr\u00e9servation du littoral<\/a>. Pour cela, elle a \u00e9t\u00e9 encadr\u00e9e par Mme\u00a0Baxa et Lelant Papin professeurs et\u00a0de deux journalistes\u00a0ind\u00e9pendants, Pierre Moussey et Aur\u00e9lie Bacheley.<\/p>\n<p><a href=\"https:\/\/nantes.maville.com\/actu\/actudet_-plonges-dans-les-archives-de-nantes-ces-lyceens-vont-raconter-la-guerre-dans-un-podcast-_8-6765940_actu.Htm?utm_source=troove&amp;utm_medium=site\" target=\"_blank\" rel=\"noopener\">+++ A LIRE AUSSI. Plong\u00e9s dans les archives de Nantes, ces lyc\u00e9ens vont raconter la guerre dans un podcast<\/a><\/p>\n<p>La mission de ces \u00e9l\u00e8ves\u00a0a \u00e9t\u00e9 d\u2019enqu\u00eater, rencontrer des sp\u00e9cialistes, interroger des chercheurs professionnels du littoral et des acteurs engag\u00e9s pour mieux comprendre les enjeux environnementaux qui touchent nos c\u00f4tes. Ils ont ensuite r\u00e9dig\u00e9 les articles de ce futur journal intitul\u00e9\u00a0Ouest C\u00f4te, l\u2019info engag\u00e9e pour le littoral\u00a0\u00bb.<\/p>\n<p><a href=\"https:\/\/nantes.maville.com\/actu\/actudet_-saint-sebastien-sur-loire.-baugerie-les-lyceens-a-l-heure-de-la-transition-ecologique-_8-6751672_actu.Htm?utm_source=troove&amp;utm_medium=site\" target=\"_blank\" rel=\"noopener\">+++ A LIRE AUSSI. Saint-S\u00e9bastien-sur-Loire. Baugerie : les lyc\u00e9ens \u00e0 l\u2019heure de la transition \u00e9cologique<\/a><\/p>\n<p>En parall\u00e8le, ils ont particip\u00e9 \u00e0 une op\u00e9ration collecte de d\u00e9chets \u00e0 La Bernerie, organis\u00e9e par l\u2019association Surfrider.<\/p>\n<p>C e projet a permis de d\u00e9velopper l\u2019esprit critique, favoriser l\u2019esprit citoyen et de mettre les \u00e9l\u00e8ves\u00a0en\u00a0situation r\u00e9elle de production journalistique.  Il sera diffus\u00e9 en interne et en externe.<\/p>\n<p>\u00a0<\/p>\n","protected":false},"excerpt":{"rendered":"Depuis janvier\u00a02025, une classe de seconde g\u00e9n\u00e9rale et technologique de la Joliverie s\u2019est lanc\u00e9e dans un projet interdisciplinaire,&hellip;\n","protected":false},"author":2,"featured_media":191275,"comment_status":"","ping_status":"","sticky":false,"template":"","format":"standard","meta":{"footnotes":""},"categories":[2818],"tags":[1111,11,1777,674,1011,27,3135,15387,766,12,2636,32967,32966,17909,25],"class_list":{"0":"post-191274","1":"post","2":"type-post","3":"status-publish","4":"format-standard","5":"has-post-thumbnail","7":"category-nantes","8":"tag-actu","9":"tag-actualites","10":"tag-eu","11":"tag-europe","12":"tag-fr","13":"tag-france","14":"tag-littoral","15":"tag-lyceens","16":"tag-nantes","17":"tag-news","18":"tag-pays-de-la-loire","19":"tag-plume","20":"tag-prennent","21":"tag-preserver","22":"tag-republique-francaise"},"share_on_mastodon":{"url":"https:\/\/pubeurope.com\/@fr\/114716454597658019","error":""},"_links":{"self":[{"href":"https:\/\/www.europesays.com\/fr\/wp-json\/wp\/v2\/posts\/191274","targetHints":{"allow":["GET"]}}],"collection":[{"href":"https:\/\/www.europesays.com\/fr\/wp-json\/wp\/v2\/posts"}],"about":[{"href":"https:\/\/www.europesays.com\/fr\/wp-json\/wp\/v2\/types\/post"}],"author":[{"embeddable":true,"href":"https:\/\/www.europesays.com\/fr\/wp-json\/wp\/v2\/users\/2"}],"replies":[{"embeddable":true,"href":"https:\/\/www.europesays.com\/fr\/wp-json\/wp\/v2\/comments?post=191274"}],"version-history":[{"count":0,"href":"https:\/\/www.europesays.com\/fr\/wp-json\/wp\/v2\/posts\/191274\/revisions"}],"wp:featuredmedia":[{"embeddable":true,"href":"https:\/\/www.europesays.com\/fr\/wp-json\/wp\/v2\/media\/191275"}],"wp:attachment":[{"href":"https:\/\/www.europesays.com\/fr\/wp-json\/wp\/v2\/media?parent=191274"}],"wp:term":[{"taxonomy":"category","embeddable":true,"href":"https:\/\/www.europesays.com\/fr\/wp-json\/wp\/v2\/categories?post=191274"},{"taxonomy":"post_tag","embeddable":true,"href":"https:\/\/www.europesays.com\/fr\/wp-json\/wp\/v2\/tags?post=191274"}],"curies":[{"name":"wp","href":"https:\/\/api.w.org\/{rel}","templated":true}]}}