{"id":191276,"date":"2025-06-20T15:42:18","date_gmt":"2025-06-20T15:42:18","guid":{"rendered":"https:\/\/www.europesays.com\/fr\/191276\/"},"modified":"2025-06-20T15:42:18","modified_gmt":"2025-06-20T15:42:18","slug":"top-5-des-nouveaux-spots-a-tester-en-juin-big-city-nantes","status":"publish","type":"post","link":"https:\/\/www.europesays.com\/fr\/191276\/","title":{"rendered":"Top 5 des nouveaux spots \u00e0 tester en juin \u2013 Big City Nantes"},"content":{"rendered":"<p>La chaleur est de retour\u2026 et Nantes continue de nous r\u00e9galer avec de nouveaux spots tr\u00e8s sympas \u00e0 d\u00e9couvrir ! En <strong>juin 2025<\/strong>, \u00e7a sent bon le renouveau avec des lieux pleins de gourmandise, de festivit\u00e9s et de bizarreries. Bar \u00e0 cocktails, magasin de d\u00e9co, cantine caf\u00e9, spot cr\u00e9atif ou encore cabinet de bizarreries\u2026 <strong><a href=\"https:\/\/www.bigcitynantes.fr\/\" rel=\"nofollow noopener\" target=\"_blank\">Big City Nantes<\/a><\/strong> t\u2019a s\u00e9lectionn\u00e9 cinq nouvelles p\u00e9pites qui vont te faire kiffer en ce d\u00e9but d\u2019\u00e9t\u00e9. Suis le guide, on t\u2019explique tout \u00e7a !<\/p>\n<p>Ambrosia : Un bar \u00e0 cocktails ultra original<img loading=\"lazy\" decoding=\"async\" width=\"680\" height=\"510\" src=\"https:\/\/www.europesays.com\/fr\/wp-content\/uploads\/2025\/06\/Bar-restaurant-Ambriosa.png\" alt=\"Bar-restaurant Ambriosa \u00a9Ambrosia\" class=\"lazyload wp-image-115607\"  data-\/>Bar-restaurant Ambriosa  \u00a9Ambrosia<\/p>\n<p>\u00c0 deux pas de la place Graslin, retrouve le super bar-restaurant\u00a0<strong>Ambrosia<\/strong>. Ce spot te propose une carte de\u00a0<strong>cocktails\u00a0cr\u00e9atifs, audacieux et in\u00e9dits.<\/strong> Chaque boisson est une cr\u00e9ation sur-mesure, \u00e9labor\u00e9e \u00e0 partir d\u2019ingr\u00e9dients originaux et rares, pens\u00e9e comme une v\u00e9ritable exp\u00e9rience sensorielle. <\/p>\n<p>\ud83d\udccd 6 rue Scribe, 44000 Nantes<\/p>\n<p>Dille &amp; Kamille d\u00e9barque \u00e0 Nantes<img loading=\"lazy\" decoding=\"async\" width=\"680\" height=\"510\" src=\"https:\/\/www.europesays.com\/fr\/wp-content\/uploads\/2025\/06\/Dille-Kamille-Nantes.png\" alt=\"Dille &amp; Kamille Nantes\" class=\"lazyload wp-image-115611\"  data-\/>Dille &amp; Kamille Nantes \u00a9Dille &amp; Kamille<\/p>\n<p>Le premier <strong>magasin fran\u00e7ais de la cha\u00eene Dille &amp; Kamille<\/strong> d\u00e9barque \u00e0 <strong>Nantes<\/strong>. Retrouve une large s\u00e9lection de produits intemporels en mat\u00e9riaux naturels pour la maison et le jardin. Cuisine, maison, jardin, \u00e9picerie\u2026 Il y en a pour tout le monde ! En plus, la nouvelle collection estivale vient de sortir !<\/p>\n<p>\ud83d\udccd 2 Rue Boileau, 44000 Nantes<\/p>\n<p>\u00c0 la Carte Postale : une cantine-caf\u00e9 avec 10 000 cartes postales<img loading=\"lazy\" decoding=\"async\" width=\"680\" height=\"510\" src=\"https:\/\/www.europesays.com\/fr\/wp-content\/uploads\/2025\/06\/A-la-carte-postale.png\" alt=\"A la carte postale \u00a9A la carte postale\" class=\"lazyload wp-image-115614\"  data-\/>A la carte postale \u00a9A la carte postale<\/p>\n<p><strong>\u00c0 la Carte Postale<\/strong>, c\u2019est une cantine-caf\u00e9 conviviale \u00e0 Nantes, ouverte du lundi au vendredi. On y mange une cuisine locale et v\u00e9g\u00e9tarienne (avec options viande\/poisson) le midi, et on y boit un caf\u00e9 toute la journ\u00e9e. Le lieu se transforme aussi en espace cr\u00e9atif avec un projet unique : recouvrir le plafond de 10 000 cartes postales gr\u00e2ce aux visiteurs. Simple, chaleureux et participatif.<\/p>\n<p>\ud83d\udccd 10 rue de l\u2019\u00eele Mabon, 44200 Nantes<\/p>\n<p>Atelier Dulcie-September : un spot cr\u00e9atif et chaleureux<img loading=\"lazy\" decoding=\"async\" width=\"680\" height=\"510\" src=\"https:\/\/www.europesays.com\/fr\/wp-content\/uploads\/2025\/06\/Atelier-Dulcie-September-\u00a9Ville-de-Nantes.png\" alt=\"Atelier Dulcie- September \u00a9Ville de Nantes\" class=\"lazyload wp-image-115613\"  data-\/>Atelier Dulcie- September \u00a9Ville de Nantes<\/p>\n<p>L\u2019<strong>Atelier Dulcie-September<\/strong>, c\u2019est un lieu o\u00f9 on se sent vite chez soi. Install\u00e9 dans l\u2019<strong>ancienne \u00e9cole des Beaux-Arts <\/strong>\u00e0 <strong>Nantes<\/strong>, il rassemble celles et ceux qui ont envie de cr\u00e9er, de bosser, d\u2019\u00e9changer ou juste de passer un bon moment. Ateliers, \u00e9v\u00e9nements, coworking\u2026 tout y est fait pour encourager les rencontres et faire na\u00eetre des projets. Un espace chaleureux et vivant o\u00f9 les id\u00e9es circulent librement et o\u00f9 chacun trouve sa place.<\/p>\n<p>\ud83d\udccd Place Dulcie-September, 44000 Nantes<\/p>\n<p><strong>Bibelots et Bizarreries<\/strong> : Le cabinet des curiosit\u00e9s \u00e0 Nantes<img loading=\"lazy\" decoding=\"async\" width=\"680\" height=\"510\" src=\"https:\/\/www.europesays.com\/fr\/wp-content\/uploads\/2025\/06\/Bibellots-et-Bizarreries-Nantes.png\" alt=\"Bibelots et Bizarreries Nantes \u00a9Bibelots et Bizarreries\" class=\"lazyload wp-image-115612\"  data-\/>Bibelots et Bizarreries Nantes \u00a9Bibelots et Bizarreries<\/p>\n<p><strong>Bibelots et Bizarrerie<\/strong>s, c\u2019est le spot parfait pour d\u00e9nicher des objets vintage et surprenants \u00e0 <strong>Nantes<\/strong>. Ici, on fouille, on d\u00e9couvre, on trouve des petites merveilles pleines de charme. Que tu cherches un cadeau original ou juste un truc sympa pour ta d\u00e9co, tu vas adorer l\u2019ambiance cosy et les tr\u00e9sors qui t\u2019attendent. Un lieu simple et chaleureux o\u00f9 chaque objet a son histoire et o\u00f9 tu peux venir fl\u00e2ner sans pression.<\/p>\n<p>\ud83d\udccd 9 rue voltaire, 44000 Nantes<\/p>\n<p>Voil\u00e0 notre s\u00e9lection pour ce mois de juin ! Tu as\u00a0<strong>d\u2019autres suggestions<\/strong>\u00a0\u00e0 nous faire ? Commente nos posts sur les r\u00e9seaux sociaux, cela nous permettra\u00a0<strong>d\u2019enrichir le prochain top des nouveaux spots \u00e0 Nantes ! Bonne d\u00e9couverte \ud83d\ude04<\/strong><\/p>\n<p>Et si tu as manqu\u00e9 nos s\u00e9lections des mois pr\u00e9c\u00e9dents, pas de panique ! Il n\u2019est jamais trop tard pour d\u00e9couvrir ces superbes adresses :<\/p>\n","protected":false},"excerpt":{"rendered":"La chaleur est de retour\u2026 et Nantes continue de nous r\u00e9galer avec de nouveaux spots tr\u00e8s sympas \u00e0&hellip;\n","protected":false},"author":2,"featured_media":191277,"comment_status":"","ping_status":"","sticky":false,"template":"","format":"standard","meta":{"footnotes":""},"categories":[2818],"tags":[1111,11,7168,19808,4586,1777,674,1011,27,12086,766,12,2636,25,1669,1662,4064],"class_list":{"0":"post-191276","1":"post","2":"type-post","3":"status-publish","4":"format-standard","5":"has-post-thumbnail","7":"category-nantes","8":"tag-actu","9":"tag-actualites","10":"tag-bars","11":"tag-bistrot","12":"tag-cafe","13":"tag-eu","14":"tag-europe","15":"tag-fr","16":"tag-france","17":"tag-friperie","18":"tag-nantes","19":"tag-news","20":"tag-pays-de-la-loire","21":"tag-republique-francaise","22":"tag-sorties","23":"tag-vin","24":"tag-week-end"},"share_on_mastodon":{"url":"https:\/\/pubeurope.com\/@fr\/114716458938814064","error":""},"_links":{"self":[{"href":"https:\/\/www.europesays.com\/fr\/wp-json\/wp\/v2\/posts\/191276","targetHints":{"allow":["GET"]}}],"collection":[{"href":"https:\/\/www.europesays.com\/fr\/wp-json\/wp\/v2\/posts"}],"about":[{"href":"https:\/\/www.europesays.com\/fr\/wp-json\/wp\/v2\/types\/post"}],"author":[{"embeddable":true,"href":"https:\/\/www.europesays.com\/fr\/wp-json\/wp\/v2\/users\/2"}],"replies":[{"embeddable":true,"href":"https:\/\/www.europesays.com\/fr\/wp-json\/wp\/v2\/comments?post=191276"}],"version-history":[{"count":0,"href":"https:\/\/www.europesays.com\/fr\/wp-json\/wp\/v2\/posts\/191276\/revisions"}],"wp:featuredmedia":[{"embeddable":true,"href":"https:\/\/www.europesays.com\/fr\/wp-json\/wp\/v2\/media\/191277"}],"wp:attachment":[{"href":"https:\/\/www.europesays.com\/fr\/wp-json\/wp\/v2\/media?parent=191276"}],"wp:term":[{"taxonomy":"category","embeddable":true,"href":"https:\/\/www.europesays.com\/fr\/wp-json\/wp\/v2\/categories?post=191276"},{"taxonomy":"post_tag","embeddable":true,"href":"https:\/\/www.europesays.com\/fr\/wp-json\/wp\/v2\/tags?post=191276"}],"curies":[{"name":"wp","href":"https:\/\/api.w.org\/{rel}","templated":true}]}}