{"id":191288,"date":"2025-06-20T15:48:09","date_gmt":"2025-06-20T15:48:09","guid":{"rendered":"https:\/\/www.europesays.com\/fr\/191288\/"},"modified":"2025-06-20T15:48:09","modified_gmt":"2025-06-20T15:48:09","slug":"la-france-insoumise-designe-ses-deux-chefs-de-file","status":"publish","type":"post","link":"https:\/\/www.europesays.com\/fr\/191288\/","title":{"rendered":"La France Insoumise d\u00e9signe ses deux chefs de file"},"content":{"rendered":"<p>            Par<br \/>\n        <strong><br \/>\n            <a href=\"https:\/\/actu.fr\/auteur\/nicolas-demollien\" title=\"Consulter tous les articles de Nicolas Demollien\" rel=\"nofollow noopener\" target=\"_blank\">Nicolas Demollien<\/a><br \/>\n        <\/strong><\/p>\n<p>        Publi\u00e9 le<\/p>\n<p>            20 juin 2025 \u00e0 17h38        <\/p>\n<p><a href=\"https:\/\/actu.fr\/tag\/la-france-insoumise-lfi\" rel=\"nofollow noopener\" target=\"_blank\">La France Insoumise<\/a> entend bien jouer les trouble-f\u00eates dans la<b> course au beffroi <\/b>! Le parti vient de d\u00e9signer <b>deux \u00ab\u00a0chefs de file\u00a0\u00bb <\/b>pour pr\u00e9parer une liste dans le cadre des <a href=\"https:\/\/actu.fr\/tag\/municipales-2026\" rel=\"nofollow noopener\" target=\"_blank\">\u00e9lections municipales 2026<\/a> \u00e0 <a href=\"https:\/\/actu.fr\/hauts-de-france\/lille_59350\" rel=\"nofollow noopener\" target=\"_blank\">Lille<\/a> (Nord).\u00a0<\/p>\n<p>Deux chefs de file d\u00e9sign\u00e9s par LFI pour les Municipales 2026<\/p>\n<p class=\" wall-content\">Pour pr\u00e9parer cette campagne, le <b>comit\u00e9 \u00e9lectoral<\/b> de LFI a ainsi valid\u00e9 un bin\u00f4me de chefs de file : <b>Lahouaria Addouche<\/b> et <b>Lucas Fournier<\/b>.\u00a0 Attention, cela ne veut toutefois pas dire qu\u2019ils seront les t\u00eates de liste lors des \u00e9lections de mars prochain.\u00a0<\/p>\n<p class=\" wall-content\">La premi\u00e8re, \u00e2g\u00e9e de 42 ans, est ouvri\u00e8re et ancienne travailleuse du social. D\u00e9put\u00e9e suppl\u00e9ante sur la 1\u00e8re circonscription du Nord depuis 2022, elle est militante \u00e0 la France insoumise depuis 2017. \u00ab\u00a0Elle est engag\u00e9e dans les quartiers populaires de Lille aupr\u00e8s des habitants les plus pr\u00e9caires, et dans des actions \u00e0 but humanitaire\u00a0\u00bb, commente-t-on du c\u00f4t\u00e9 de LFI.<\/p>\n<p class=\" wall-content\">Lucas Fournier, 25 ans, est bien connu \u00e0 Hellemmes. Professeur des \u00e9coles, t\u00eate de liste soutenue par LFI en 2020, il est depuis \u00e9lu au conseil communal de la commune associ\u00e9e. \u00ab\u00a0Il s\u2019est battu durant ce mandat contre l\u2019insalubrit\u00e9 croissante des logements, contre le projet d\u2019am\u00e9nagement de la friche H2D, et pour le soutien au peuple palestinien\u00a0\u00bb.<b\/><\/p>\n<p class=\" wall-content\">\n<p class=\" wall-content\">Le parti affiche ses ambitions et entend bien emporter le scrutin. \u00ab\u00a0Dans une ville o\u00f9 pr\u00e8s d\u2019un quart des habitants, soit 50 000 personnes, vivent sous le seuil de pauvret\u00e9 et o\u00f9 les espaces verts par habitant sont parmi les plus faibles de France, la rupture avec des d\u00e9cennies d\u2019un socialisme gestionnaire en fin de vie est in\u00e9luctable\u00a0\u00bb, lance le parti.<\/p>\n<p>Vid\u00e9os : en ce moment sur Actu<\/p>\n<p class=\" wall-content\">Nous reviendrons sur les id\u00e9es de LFI dans les semaines \u00e0 venir.\u00a0<\/p>\n<p class=\" wall-content\">Suivez toute l\u2019actualit\u00e9 de vos villes et m\u00e9dias favoris en vous inscrivant \u00e0 <a href=\"https:\/\/moncompte.actu.fr\" title=\"D\u00e9couvez Mon Actu\" rel=\"nofollow noopener\" data-trk=\"{&quot;cta&quot;:{&quot;action&quot;:&quot;https:\\\/\\\/moncompte.actu.fr&quot;,&quot;category&quot;:&quot;mon compte&quot;,&quot;from&quot;:&quot;article footer&quot;,&quot;name&quot;:&quot;Mon actu&quot;,&quot;type&quot;:&quot;cta&quot;}}\" target=\"_blank\">Mon Actu<\/a>.<\/p>\n<ul class=\"ac-article-tag wall-content\">\n<li><a href=\"https:\/\/actu.fr\/tag\/la-france-insoumise-lfi\" data-trk=\"{&quot;cta&quot;:{&quot;action&quot;:&quot;La France Insoumise (LFI)&quot;,&quot;category&quot;:&quot;tag&quot;,&quot;from&quot;:&quot;article footer&quot;,&quot;name&quot;:&quot;La France Insoumise (LFI)&quot;,&quot;type&quot;:&quot;cta&quot;}}\" rel=\"nofollow noopener\" target=\"_blank\">#La France Insoumise (LFI)<\/a><\/li>\n<li><a href=\"https:\/\/actu.fr\/tag\/municipales-2026\" data-trk=\"{&quot;cta&quot;:{&quot;action&quot;:&quot;Municipales 2026&quot;,&quot;category&quot;:&quot;tag&quot;,&quot;from&quot;:&quot;article footer&quot;,&quot;name&quot;:&quot;Municipales 2026&quot;,&quot;type&quot;:&quot;cta&quot;}}\" rel=\"nofollow noopener\" target=\"_blank\">#Municipales 2026<\/a><\/li>\n<\/ul>\n","protected":false},"excerpt":{"rendered":"Par Nicolas Demollien Publi\u00e9 le 20 juin 2025 \u00e0 17h38 La France Insoumise entend bien jouer les trouble-f\u00eates&hellip;\n","protected":false},"author":2,"featured_media":191289,"comment_status":"","ping_status":"","sticky":false,"template":"","format":"standard","meta":{"footnotes":""},"categories":[2815],"tags":[1111,11,1777,674,1011,27,811,1023,1307,3434,12,316,25],"class_list":{"0":"post-191288","1":"post","2":"type-post","3":"status-publish","4":"format-standard","5":"has-post-thumbnail","7":"category-lille","8":"tag-actu","9":"tag-actualites","10":"tag-eu","11":"tag-europe","12":"tag-fr","13":"tag-france","14":"tag-hauts-de-france","15":"tag-la-france-insoumise-lfi","16":"tag-lille","17":"tag-municipales-2026","18":"tag-news","19":"tag-politique","20":"tag-republique-francaise"},"share_on_mastodon":{"url":"https:\/\/pubeurope.com\/@fr\/114716482153853977","error":""},"_links":{"self":[{"href":"https:\/\/www.europesays.com\/fr\/wp-json\/wp\/v2\/posts\/191288","targetHints":{"allow":["GET"]}}],"collection":[{"href":"https:\/\/www.europesays.com\/fr\/wp-json\/wp\/v2\/posts"}],"about":[{"href":"https:\/\/www.europesays.com\/fr\/wp-json\/wp\/v2\/types\/post"}],"author":[{"embeddable":true,"href":"https:\/\/www.europesays.com\/fr\/wp-json\/wp\/v2\/users\/2"}],"replies":[{"embeddable":true,"href":"https:\/\/www.europesays.com\/fr\/wp-json\/wp\/v2\/comments?post=191288"}],"version-history":[{"count":0,"href":"https:\/\/www.europesays.com\/fr\/wp-json\/wp\/v2\/posts\/191288\/revisions"}],"wp:featuredmedia":[{"embeddable":true,"href":"https:\/\/www.europesays.com\/fr\/wp-json\/wp\/v2\/media\/191289"}],"wp:attachment":[{"href":"https:\/\/www.europesays.com\/fr\/wp-json\/wp\/v2\/media?parent=191288"}],"wp:term":[{"taxonomy":"category","embeddable":true,"href":"https:\/\/www.europesays.com\/fr\/wp-json\/wp\/v2\/categories?post=191288"},{"taxonomy":"post_tag","embeddable":true,"href":"https:\/\/www.europesays.com\/fr\/wp-json\/wp\/v2\/tags?post=191288"}],"curies":[{"name":"wp","href":"https:\/\/api.w.org\/{rel}","templated":true}]}}