{"id":191294,"date":"2025-06-20T15:52:11","date_gmt":"2025-06-20T15:52:11","guid":{"rendered":"https:\/\/www.europesays.com\/fr\/191294\/"},"modified":"2025-06-20T15:52:11","modified_gmt":"2025-06-20T15:52:11","slug":"lyon-la-ztl-entre-officiellement-en-vigueur-en-presquile-voici-tout-ce-quil-faut-savoir","status":"publish","type":"post","link":"https:\/\/www.europesays.com\/fr\/191294\/","title":{"rendered":"Lyon. La ZTL entre officiellement en vigueur en Presqu&rsquo;\u00eele, voici tout ce qu&rsquo;il faut savoir"},"content":{"rendered":"<p>            Par<br \/>\n        <strong><br \/>\n            <a href=\"https:\/\/actu.fr\/auteur\/julien-sournies\" title=\"Consulter tous les articles de Julien Sournies\" rel=\"nofollow noopener\" target=\"_blank\">Julien Sournies<\/a><br \/>\n        <\/strong><\/p>\n<p>        Publi\u00e9 le<\/p>\n<p>            20 juin 2025 \u00e0 17h43        <\/p>\n<p>\u201cNotre but est de miser sur la s\u00e9curit\u00e9 et le confort des pi\u00e9tons, et c\u2019est chose fa\u00eete. C\u2019est <strong>une grande \u00e9tape<\/strong> d\u2019un grand projet qui commence\u00a0\u00bb, se f\u00e9licite Valentin Lungenstrass, adjoint \u00e9cologiste \u00e0 la mairie de <a href=\"https:\/\/actu.fr\/lyon\/\" rel=\"nofollow noopener\" target=\"_blank\">Lyon<\/a>. Sur les coups de 6h du matin, ce samedi 21 juin 2025, la fameuse <a href=\"https:\/\/actu.fr\/auvergne-rhone-alpes\/lyon_69123\/lyon-zone-a-trafic-limite-en-presqu-ile-les-dates-connues-voici-les-grandes-etapes-a-venir_62511949.html\" rel=\"nofollow noopener\" target=\"_blank\">Zone \u00e0 trafic limit\u00e9 (ZTL)<\/a>, projet de longue date des \u00e9cologistes lyonnais, entre <strong>officiellement en vigueur<\/strong> en Presqu\u2019\u00eele.<br \/>Une nouvelle mesure qui va donc bouleverser le quotidien de nombreux Lyonnais, pi\u00e9tons, cyclistes, automobilistes ou encore pilotes de deux-roues. Horaires, points d\u2019entr\u00e9e, verbalisations, <a href=\"https:\/\/actu.fr\/tag\/transports-en-commun-lyonnais-tcl\" rel=\"nofollow noopener\" target=\"_blank\">TCL<\/a>\u2026 Voici ce qu\u2019il faut savoir.<\/p>\n<p>2 bornes sur 5 actuellement en service<\/p>\n<p class=\" wall-content\">Ainsi, \u00e0 partir de ce samedi, la ZTL, qui s\u2019\u00e9tend de la place Bellecour aux bas des pentes de la <a href=\"https:\/\/actu.fr\/tag\/croix-rousse\" rel=\"nofollow noopener\" target=\"_blank\">Croix-Rousse<\/a>, sera enti\u00e8rement effective, 7\/7j et 24\/24h. De fait, aucun v\u00e9hicule, sauf si vous b\u00e9n\u00e9ficiez d\u2019un passe-droit, ne sera autoris\u00e9 \u00e0 circuler en Presqu\u2019\u00eele. \u00ab\u2009L\u2019objectif est de <strong>limiter le trafic de transit<\/strong> qui ne s\u2019arr\u00eate pas dans notre c\u0153ur de ville\u2009\u00bb, avan\u00e7ait alors Bruno Bernard, pr\u00e9sident de la M\u00e9tropole, au mois de mars.<\/p>\n<p class=\" wall-content\">D\u00e8s 6h ce samedi, toutes les bornes d\u2019acc\u00e8s seront toutefois en position basse jusqu\u2019\u00e0 13h \u00ab\u2009pour faciliter les op\u00e9rations de logistique et de livraison\u2009\u00bb, indique la Ville de Lyon. Au total, <strong>cinq points d\u2019entr\u00e9e<\/strong> (rue Gentil, rue Childebert, rue Constantine, rue Port du Temple et rue du Pr\u00e9sident Edouard Herriot), mat\u00e9rialis\u00e9s par des bornes escamotables, permettront d\u2019y acc\u00e9der.<\/p>\n<p>    <img   decoding=\"async\" loading=\"lazy\" src=\"https:\/\/www.europesays.com\/fr\/wp-content\/uploads\/2025\/06\/ztl-lyon-960x640.png\" alt=\"Voici le p\u00e9rim\u00e8tre de la ZTL \u00e0 Lyon.\" width=\"960\" height=\"640\"\/><br \/>\n    Voici le plan de circulation de la ZTL \u00e0 Lyon. (\u00a9Ville de Lyon)<\/p>\n<p class=\" wall-content\">Seulement, pour les grands d\u00e9buts de la ZTL, uniquement deux bornes, \u00e0 savoir celles des rues Gentil (c\u00f4t\u00e9 Rh\u00f4ne) et Port du Temple (c\u00f4t\u00e9 Sa\u00f4ne), seront en service et continuellement en <strong>position basse<\/strong>. \u00ab\u2009Il va falloir attendre aux environs de mi-juillet pour les remont\u00e9es\u2009\u00bb, indique Fabien Bagnon, vice-pr\u00e9sident \u00e0 la M\u00e9tropole.<\/p>\n<p>Pas de verbalisation cet \u00e9t\u00e9, sauf dans une rue<\/p>\n<p class=\" wall-content\">Concernant les trois autres\u2009? \u00ab\u2009On laisse quelques semaines de mise en \u0153uvre. D\u2019ici la fin de l\u2019\u00e9t\u00e9, elles seront toutes effectives\u2009\u00bb, poursuit l\u2019\u00e9lu m\u00e9tropolitain.<\/p>\n<p class=\" wall-content\">De surcro\u00eet, comme pour la ZFE notamment, une phase de <strong>p\u00e9dagogie<\/strong> sera par ailleurs instaur\u00e9e \u00ab\u2009le temps que les automobilistes s\u2019adaptent\u2009\u00bb, annonce Valentin Lungenstrass. De fait, les contrevenants ne feront pas l\u2019objet d\u2019une verbalisation \u00ab\u2009jusqu\u2019\u00e0 la rentr\u00e9e de septembre environ\u2009\u00bb.<\/p>\n<p class=\" wall-content\">Une zone fait toutefois exception \u00e0 la r\u00e8gle\u2009: la rue Grenette, qui traverse la Presqu\u2019\u00eele d\u2019Est en Ouest. \u00ab\u2009C\u2019est la seule rue o\u00f9 des <strong>verbalisations seront possibles d\u00e8s samedi<\/strong>, via un dispositif de vid\u00e9o-verbalisation, car aucune voiture n\u2019y est autoris\u00e9e \u00e0 circuler. Elle est exclusivement r\u00e9serv\u00e9e aux bus\u2009\u00bb, pr\u00e9vient Valentin Lungenstrass.<\/p>\n<p>Comment franchir les points d&rsquo;acc\u00e8s et qui a droit d&rsquo;y acc\u00e9der ?<\/p>\n<p>Pour franchir ces points d&rsquo;acc\u00e8s, les personnes autoris\u00e9es pourront employer diff\u00e9rents moyens :<\/p>\n<p>&#8211; La reconnaissance de la plaque d&rsquo;immatriculation<br \/>&#8211; Un badge<br \/>&#8211; Des codes d&rsquo;acc\u00e8s notamment pour les clients des h\u00f4tels<br \/>&#8211; Un syst\u00e8me d&rsquo;interphone notamment pour les v\u00e9hicules de secours<\/p>\n<p>Voici les \u00ab\u00a0v\u00e9hicules\u00a0\u00bb pouvant entrer dans la ZTL malgr\u00e9 les restrictions :<\/p>\n<p>&#8211; Les taxis et chauffeurs (acc\u00e8s via lecture de plaque ou badge)<br \/>&#8211; Les personnes habitant dans le p\u00e9rim\u00e8tre de la ZTL (acc\u00e8s via lecture de plaque ou badge)<br \/>&#8211; Les services urbains de la Ville et de la M\u00e9tropole (acc\u00e8s via lecture de plaque)<br \/>&#8211; Les commer\u00e7ants et artisans (acc\u00e8s via lecture de plaque et badge)<br \/>&#8211; Les personnes en situation de handicap (acc\u00e8s via lecture de plaque)<br \/>&#8211; Livraisons sp\u00e9cifiques et clients d&rsquo;h\u00f4tels (acc\u00e8s via un digicode)<br \/>&#8211; Particulier souhaitant retirer une marchandise dans le p\u00e9rim\u00e8tre (demande d&rsquo;autorisation sur inscription 48 h avant le jour d&rsquo;acc\u00e8s)<\/p>\n<p>Quid des itin\u00e9raires des bus TCL\u2009?<\/p>\n<p class=\" wall-content\">Enfin, concernant les usagers des <strong>TCL<\/strong> en Presqu\u2019\u00eele, la ZTL aura par ailleurs un impact consid\u00e9rable sur les bus, puisqu\u2019ils ne pourront plus circuler dans les rues. En ce sens, deux espaces d\u00e9di\u00e9s voient le jour.<\/p>\n<p class=\" wall-content\">\u00c0 Bellecour, il existera en effet <strong>deux p\u00f4les bus<\/strong>. L\u2019un situ\u00e9 du c\u00f4t\u00e9 de la Sa\u00f4ne (avec les lignes C20, C20E, 40) et l\u2019autre du c\u00f4t\u00e9 du Rh\u00f4ne (C10, C12, 15, 15E et 35). \u00c0 Cordeliers, un nouveau p\u00f4le accueillera les lignes\u00a0C3, C13, C14, C18, C23, 9, 27, 59, A32 et A71.<\/p>\n<p class=\" wall-content\">En compl\u00e9ment de ces p\u00f4les, <a href=\"https:\/\/actu.fr\/auvergne-rhone-alpes\/lyon_69123\/tcl-a-lyon-un-nouveau-bus-pour-secourir-cette-ligne-completement-saturee-voici-quand_62747585.html\" rel=\"nofollow noopener\" target=\"_blank\">plusieurs nouvelles lignes de bus<\/a> structurantes verront \u00e9galement le jour d\u00e8s lundi. \u00c0 l\u2019image de la ligne <strong>C23<\/strong>, reliant la Cit\u00e9 Internationale \u00e0 Villeurbanne\/Flachet, via les quais du Rh\u00f4ne et la Part-Dieu, pour permettre de d\u00e9sengorger la ligne C3 passant par l\u2019H\u00f4tel de Ville.<\/p>\n<p class=\" wall-content\">La ligne 59, quant \u00e0 elle, proposera une desserte compl\u00e9mentaire de Rillieux-la-Pape et maintient une liaison directe avec le c\u0153ur de la Presqu\u2019\u00eele via Cordeliers. \u00ab\u2009Ces nouvelles lignes permettent \u00e0 la fois d\u2019augmenter les capacit\u00e9s de transport et de renforcer les fr\u00e9quences de passage\u2009\u00bb, promet la Ville.<\/p>\n<p class=\" wall-content\">Suivez toute l\u2019actualit\u00e9 de vos villes et m\u00e9dias favoris en vous inscrivant \u00e0 <a href=\"https:\/\/moncompte.actu.fr\" title=\"D\u00e9couvez Mon Actu\" rel=\"nofollow noopener\" data-trk=\"{&quot;cta&quot;:{&quot;action&quot;:&quot;https:\\\/\\\/moncompte.actu.fr&quot;,&quot;category&quot;:&quot;mon compte&quot;,&quot;from&quot;:&quot;article footer&quot;,&quot;name&quot;:&quot;Mon actu&quot;,&quot;type&quot;:&quot;cta&quot;}}\" target=\"_blank\">Mon Actu<\/a>.<\/p>\n<ul class=\"ac-article-tag wall-content\">\n<li><a href=\"https:\/\/actu.fr\/tag\/circulation\" data-trk=\"{&quot;cta&quot;:{&quot;action&quot;:&quot;Circulation&quot;,&quot;category&quot;:&quot;tag&quot;,&quot;from&quot;:&quot;article footer&quot;,&quot;name&quot;:&quot;Circulation&quot;,&quot;type&quot;:&quot;cta&quot;}}\" rel=\"nofollow noopener\" target=\"_blank\">#Circulation<\/a><\/li>\n<li><a href=\"https:\/\/actu.fr\/tag\/presqu-ile\" data-trk=\"{&quot;cta&quot;:{&quot;action&quot;:&quot;Presqu\\u2019Ile&quot;,&quot;category&quot;:&quot;tag&quot;,&quot;from&quot;:&quot;article footer&quot;,&quot;name&quot;:&quot;Presqu\\u2019Ile&quot;,&quot;type&quot;:&quot;cta&quot;}}\" rel=\"nofollow noopener\" target=\"_blank\">#Presqu\u2019Ile<\/a><\/li>\n<\/ul>\n","protected":false},"excerpt":{"rendered":"Par Julien Sournies Publi\u00e9 le 20 juin 2025 \u00e0 17h43 \u201cNotre but est de miser sur la s\u00e9curit\u00e9&hellip;\n","protected":false},"author":2,"featured_media":191295,"comment_status":"","ping_status":"","sticky":false,"template":"","format":"standard","meta":{"footnotes":""},"categories":[1889],"tags":[1111,11,2430,3542,1777,674,1011,27,2428,12,2809,25,104],"class_list":{"0":"post-191294","1":"post","2":"type-post","3":"status-publish","4":"format-standard","5":"has-post-thumbnail","7":"category-lyon","8":"tag-actu","9":"tag-actualites","10":"tag-auvergne-rhone-alpes","11":"tag-circulation","12":"tag-eu","13":"tag-europe","14":"tag-fr","15":"tag-france","16":"tag-lyon","17":"tag-news","18":"tag-presquile","19":"tag-republique-francaise","20":"tag-societe"},"share_on_mastodon":{"url":"https:\/\/pubeurope.com\/@fr\/114716497886368263","error":""},"_links":{"self":[{"href":"https:\/\/www.europesays.com\/fr\/wp-json\/wp\/v2\/posts\/191294","targetHints":{"allow":["GET"]}}],"collection":[{"href":"https:\/\/www.europesays.com\/fr\/wp-json\/wp\/v2\/posts"}],"about":[{"href":"https:\/\/www.europesays.com\/fr\/wp-json\/wp\/v2\/types\/post"}],"author":[{"embeddable":true,"href":"https:\/\/www.europesays.com\/fr\/wp-json\/wp\/v2\/users\/2"}],"replies":[{"embeddable":true,"href":"https:\/\/www.europesays.com\/fr\/wp-json\/wp\/v2\/comments?post=191294"}],"version-history":[{"count":0,"href":"https:\/\/www.europesays.com\/fr\/wp-json\/wp\/v2\/posts\/191294\/revisions"}],"wp:featuredmedia":[{"embeddable":true,"href":"https:\/\/www.europesays.com\/fr\/wp-json\/wp\/v2\/media\/191295"}],"wp:attachment":[{"href":"https:\/\/www.europesays.com\/fr\/wp-json\/wp\/v2\/media?parent=191294"}],"wp:term":[{"taxonomy":"category","embeddable":true,"href":"https:\/\/www.europesays.com\/fr\/wp-json\/wp\/v2\/categories?post=191294"},{"taxonomy":"post_tag","embeddable":true,"href":"https:\/\/www.europesays.com\/fr\/wp-json\/wp\/v2\/tags?post=191294"}],"curies":[{"name":"wp","href":"https:\/\/api.w.org\/{rel}","templated":true}]}}