{"id":191299,"date":"2025-06-20T15:55:08","date_gmt":"2025-06-20T15:55:08","guid":{"rendered":"https:\/\/www.europesays.com\/fr\/191299\/"},"modified":"2025-06-20T15:55:08","modified_gmt":"2025-06-20T15:55:08","slug":"aux-manettes-de-la-patisserie-du-cheval-blanc-a-paris-maxime-frederic-sacre-meilleur-patissier-du-monde","status":"publish","type":"post","link":"https:\/\/www.europesays.com\/fr\/191299\/","title":{"rendered":"Aux manettes de la p\u00e2tisserie du Cheval Blanc \u00e0 Paris, Maxime Fr\u00e9d\u00e9ric sacr\u00e9 \u00ab\u00a0meilleur p\u00e2tissier du monde\u00a0\u00bb"},"content":{"rendered":"<p>            Par<br \/>\n        <strong><br \/>\n            <a href=\"https:\/\/actu.fr\/auteur\/redaction-paris\" title=\"Consulter tous les articles de R\u00e9daction Paris\" rel=\"nofollow noopener\" target=\"_blank\">R\u00e9daction Paris<\/a><br \/>\n        <\/strong><\/p>\n<p>        Publi\u00e9 le<\/p>\n<p>            20 juin 2025 \u00e0 16h14        <\/p>\n<p>Faire du bon et durable, en \u00e9tant bien entour\u00e9. C\u2019est la recette de <strong>Maxime Fr\u00e9d\u00e9ric<\/strong> qui s\u2019est impos\u00e9, \u00e0 36\u00a0ans, comme l\u2019un des <a href=\"https:\/\/actu.fr\/ile-de-france\/paris_75056\/le-meilleur-patissier-de-l-annee-se-trouve-a-paris_46867411.html\" rel=\"nofollow noopener\" target=\"_blank\">chefs p\u00e2tissiers les plus reconnus<\/a>. Apr\u00e8s avoir \u00e9t\u00e9 sacr\u00e9 lundi 16\u00a0juin 2025 \u00ab\u2009chef p\u00e2tissier le plus cr\u00e9atif du monde\u2009\u00bb par le guide de voyage culinaire La Liste, il a \u00e9t\u00e9 nomm\u00e9, trois jours plus tard, \u00ab\u2009meilleur p\u00e2tissier du monde\u2009\u00bb par World\u2019s 50 Best Restaurants. Il succ\u00e8de \u00e0 <a href=\"https:\/\/actu.fr\/ile-de-france\/paris_75056\/paris-nina-metayer-devient-la-premiere-femme-elue-meilleure-patissiere-du-monde_60265533.html\" rel=\"nofollow noopener\" target=\"_blank\">Nina M\u00e9tayer<\/a>.<\/p>\n<p>\u00ab\u2009Ce qui m\u2019int\u00e9resse, c\u2019est l\u2019humain\u2009\u00bb<\/p>\n<p class=\" wall-content\">Pour Maxime Fr\u00e9d\u00e9ric, aux manettes de la p\u00e2tisserie du <a href=\"https:\/\/actu.fr\/ile-de-france\/paris_75056\/deux-hotels-de-paris-classes-parmi-les-meilleurs-du-monde-selon-le-prestigieux-palmares-de-la-liste_62723229.html\" rel=\"nofollow noopener\" target=\"_blank\">Cheval Blanc Paris<\/a>, propri\u00e9t\u00e9 de LVMH, l\u2019esprit d\u2019\u00e9quipe n\u2019est pas qu\u2019une formule mais un mode de vie. \u00ab\u2009Ce qui m\u2019int\u00e9resse, c\u2019est l\u2019humain\u2009\u00bb, assurait au lendemain de son premier sacre, celui qui s\u2019est entour\u00e9 au fil des ans d\u2019une <strong>\u00e9quipe fid\u00e8le<\/strong> qu\u2019il appelle \u00ab\u2009ses piliers\u2009\u00bb.<\/p>\n<p class=\" wall-content\">\u00ab\u2009Il a de vraies valeurs collectives\u2009\u00bb, confirme Arnaud Donckele, chef de Pl\u00e9nitude, le trois \u00e9toiles du Cheval Blanc Paris. \u00ab\u2009Maxime ne cherche pas \u00e0 impressionner, il veut simplement <strong>donner de l\u2019affect<\/strong>. Sa p\u00e2tisserie, elle lui ressemble\u2009: elle n\u2019est pas faite pour \u00e9pater mais pour \u00eatre aim\u00e9e.\u2009\u00bb<\/p>\n<p class=\" wall-content\">Chef p\u00e2tissier du <a href=\"https:\/\/actu.fr\/ile-de-france\/paris_75056\/crillon-lutetia-george-v-a-qui-appartiennent-les-palaces-de-paris-la-creme-de-la-creme-des-hotels_62464096.html\" rel=\"nofollow noopener\" target=\"_blank\">Georges V<\/a> depuis 2016 il a fait ses classes pendant six ans au <a href=\"https:\/\/actu.fr\/ile-de-france\/paris_75056\/le-meurice-le-plaza-athenee-a-paris-les-grandes-tables-mettent-en-vente-leur-vaisselle-a-prix-casses_62110249.html\" rel=\"nofollow noopener\" target=\"_blank\">Meurice<\/a>, d\u2019abord comme commis aupr\u00e8s de <strong>Camille Lesecq<\/strong>, puis comme adjoint du tr\u00e8s m\u00e9diatis\u00e9 C\u00e9dric Grolet.<\/p>\n<p>Une passion h\u00e9rit\u00e9e de sa grand-m\u00e8re<\/p>\n<p class=\" wall-content\">\u00ab\u2009Mon r\u00eave, c\u2019\u00e9tait de travailler dans un palace parisien\u2009\u00bb, confie celui qui a grandi dans le Cotentin avant de d\u00e9barquer \u00e0 Paris \u00e0 20\u00a0ans.\u00a0Un go\u00fbt du luxe qu\u2019il fait habilement cohabiter avec son <strong>ancrage terrien<\/strong>, h\u00e9rit\u00e9 de ses grands-parents, producteurs laitiers et propri\u00e9taires d\u2019une ferme reprise par sa grande s\u0153ur No\u00e9mie.\u00a0C\u2019est d\u2019ailleurs aupr\u00e8s de sa grand-m\u00e8re Bernadette qu\u2019il se d\u00e9couvre une passion pour la p\u00e2tisserie. \u00ab\u2009Avec elle, il y avait toujours un pr\u00e9texte pour faire un g\u00e2teau\u2009\u00bb, se souvient-il.<\/p>\n<p>Vid\u00e9os : en ce moment sur Actu<\/p>\n<p class=\" wall-content\">En 2019, touch\u00e9 par les difficult\u00e9s \u00e9conomiques de sa s\u0153ur, il d\u00e9cide avec sa femme Claire de s\u2019impliquer dans l\u2019exploitation. \u00ab\u2009Je ne pouvais pas vivre mon r\u00eave \u00e0 Paris, alors que <strong>son r\u00eave \u00e0 elle se transformait en cauchemar<\/strong>\u2009\u00bb, r\u00e9sume-t-il.\u00a0Ils se recentrent sur la production d\u2019\u0153ufs, un ingr\u00e9dient qu\u2019il peinait lui-m\u00eame \u00e0 sourcer pour ses cr\u00e9ations. Depuis, les \u0153ufs de la ferme sont livr\u00e9s chaque semaine au Cheval Blanc.<\/p>\n<p>Deux ans pour mettre au point pour son mille-feuille prim\u00e9<\/p>\n<p class=\" wall-content\">\u00c0 la m\u00eame p\u00e9riode, il rencontre des producteurs de noisettes dans le Lot-et-Garonne, avec lesquels il sympathise et s\u2019associe. <strong>\u00ab\u20092019, c\u2019\u00e9tait une ann\u00e9e incroyable\u2009\u00bb<\/strong>, affirme-t-il, enthousiaste. \u00ab\u2009Ce qui est beau, ce sont les projets de famille\u2009\u00bb, qu\u2019elle soit de sang ou de c\u0153ur, ajoute ce p\u00e8re de deux jeunes enfants.<\/p>\n<p class=\" wall-content\">Sa premi\u00e8re fille Hortense na\u00eet fin 2021, juste apr\u00e8s l\u2019ouverture du Cheval Blanc. Quelques mois plus tard, <a href=\"https:\/\/actu.fr\/ile-de-france\/paris_75056\/a-paris-ce-chef-collectionne-les-distinctions-avec-son-restaurant_55677485.html\" rel=\"nofollow noopener\" target=\"_blank\">Arnaud Donckele<\/a> d\u00e9croche <strong>trois \u00e9toiles d\u2019un coup<\/strong> pour le restaurant Pl\u00e9nitude, o\u00f9 Maxime Fr\u00e9d\u00e9ric \u00ab\u2009hausse la p\u00e2tisserie \u00e0 un niveau rarement \u00e9gal\u00e9\u2009\u00bb, souligne le guide Michelin.<\/p>\n<p class=\" wall-content\">En 2022, il obtient le prix coup de c\u0153ur lors des Troph\u00e9es Fou P\u00e2tisserie pour son <strong>mille-feuille<\/strong>, qu\u2019il a mis deux ans \u00e0 \u00e9laborer.<\/p>\n<p class=\" wall-content\">La m\u00eame ann\u00e9e, il prend la t\u00eate des Caf\u00e9s Louis Vuitton, juste \u00e0 c\u00f4t\u00e9 de Cheval Blanc. L\u2019an dernier, le p\u00e2tissier a r\u00e9alis\u00e9 le r\u00eave de son \u00e9pouse, en ouvrant <strong>une boulangerie<\/strong>, baptis\u00e9e Pleincoeur, aux Batignolles, \u00e0 Paris.\u00a0Une nouvelle aventure lanc\u00e9e avec quatre autres associ\u00e9s, \u00ab\u2009parce que le faire tout seul, je trouve \u00e7a pauvre\u2009\u00bb, conclut-il.<\/p>\n<p class=\" wall-content\">Avec AFP.<\/p>\n<p class=\" wall-content\">Suivez toute l\u2019actualit\u00e9 de vos villes et m\u00e9dias favoris en vous inscrivant \u00e0 <a href=\"https:\/\/moncompte.actu.fr\" title=\"D\u00e9couvez Mon Actu\" rel=\"nofollow noopener\" data-trk=\"{&quot;cta&quot;:{&quot;action&quot;:&quot;https:\\\/\\\/moncompte.actu.fr&quot;,&quot;category&quot;:&quot;mon compte&quot;,&quot;from&quot;:&quot;article footer&quot;,&quot;name&quot;:&quot;Mon actu&quot;,&quot;type&quot;:&quot;cta&quot;}}\" target=\"_blank\">Mon Actu<\/a>.<\/p>\n","protected":false},"excerpt":{"rendered":"Par R\u00e9daction Paris Publi\u00e9 le 20 juin 2025 \u00e0 16h14 Faire du bon et durable, en \u00e9tant bien&hellip;\n","protected":false},"author":2,"featured_media":191300,"comment_status":"","ping_status":"","sticky":false,"template":"","format":"standard","meta":{"footnotes":""},"categories":[1888],"tags":[1111,1928,11,1927,1777,674,1011,27,1661,1652,12,1926,626,1925,25,1340],"class_list":{"0":"post-191299","1":"post","2":"type-post","3":"status-publish","4":"format-standard","5":"has-post-thumbnail","7":"category-paris","8":"tag-actu","9":"tag-actu-paris","10":"tag-actualites","11":"tag-actualites-paris","12":"tag-eu","13":"tag-europe","14":"tag-fr","15":"tag-france","16":"tag-gastronomie","17":"tag-loisirs-culture","18":"tag-news","19":"tag-news-paris","20":"tag-paris","21":"tag-paris-news","22":"tag-republique-francaise","23":"tag-restaurant"},"share_on_mastodon":{"url":"https:\/\/pubeurope.com\/@fr\/114716509612315865","error":""},"_links":{"self":[{"href":"https:\/\/www.europesays.com\/fr\/wp-json\/wp\/v2\/posts\/191299","targetHints":{"allow":["GET"]}}],"collection":[{"href":"https:\/\/www.europesays.com\/fr\/wp-json\/wp\/v2\/posts"}],"about":[{"href":"https:\/\/www.europesays.com\/fr\/wp-json\/wp\/v2\/types\/post"}],"author":[{"embeddable":true,"href":"https:\/\/www.europesays.com\/fr\/wp-json\/wp\/v2\/users\/2"}],"replies":[{"embeddable":true,"href":"https:\/\/www.europesays.com\/fr\/wp-json\/wp\/v2\/comments?post=191299"}],"version-history":[{"count":0,"href":"https:\/\/www.europesays.com\/fr\/wp-json\/wp\/v2\/posts\/191299\/revisions"}],"wp:featuredmedia":[{"embeddable":true,"href":"https:\/\/www.europesays.com\/fr\/wp-json\/wp\/v2\/media\/191300"}],"wp:attachment":[{"href":"https:\/\/www.europesays.com\/fr\/wp-json\/wp\/v2\/media?parent=191299"}],"wp:term":[{"taxonomy":"category","embeddable":true,"href":"https:\/\/www.europesays.com\/fr\/wp-json\/wp\/v2\/categories?post=191299"},{"taxonomy":"post_tag","embeddable":true,"href":"https:\/\/www.europesays.com\/fr\/wp-json\/wp\/v2\/tags?post=191299"}],"curies":[{"name":"wp","href":"https:\/\/api.w.org\/{rel}","templated":true}]}}