{"id":1913,"date":"2025-04-04T05:12:08","date_gmt":"2025-04-04T05:12:08","guid":{"rendered":"https:\/\/www.europesays.com\/fr\/1913\/"},"modified":"2025-04-04T05:12:08","modified_gmt":"2025-04-04T05:12:08","slug":"on-me-mettait-des-trucs-dans-le-cl-la-colere-froide-danouk-grinberg-sur-ses-tournages-avec-bertrand-blier","status":"publish","type":"post","link":"https:\/\/www.europesays.com\/fr\/1913\/","title":{"rendered":"\u201cOn me mettait des trucs dans le c*l\u201d : la col\u00e8re froide d\u2019Anouk Grinberg sur ses tournages avec Bertrand Blier"},"content":{"rendered":"<p>Anouk Grinberg a partag\u00e9 la vie de <a href=\"https:\/\/www.closermag.fr\/people\/anouk-grinberg-menacee-et-forcee-par-bertrand-blier-ses-souvenirs-crus-et-ignobles-sur-leur-relation-3534033\" rel=\"nofollow noopener\" target=\"_blank\"><br \/>\nBertrand Blier<\/a> pendant des ann\u00e9es. Elle a racont\u00e9 son calvaire<br \/>\navec lui dans les pages de L&rsquo;Obs. \u00ab\u00a0Il agissait en<br \/>\npropri\u00e9taire de moi, <strong>il projetait constamment sur moi des<br \/>\nfantasmes<\/strong> que j\u2019\u00e9tais cens\u00e9e incarner \u00e0 l\u2019\u00e9cran. J\u2019\u00e9tais<br \/>\nencercl\u00e9e par son regard, \u00e0 la merci de ses d\u00e9lires de metteur en<br \/>\nsc\u00e8ne\u00a0\u00bb. Elle a d\u00e9crit un m\u00e9canisme d&#8217;emprise ultra<br \/>\nr\u00f4d\u00e9 dans lequel le r\u00e9alisateur l&rsquo;a notamment \u00ab\u00a0forc\u00e9e \u00e0 prendre<br \/>\ndes neuroleptiques pour arracher [s]on consentement\u00a0\u00bb dans le<br \/>\ncadre d&rsquo;un tournage.\u00a0<\/p>\n<p>Le 2 avril, <a href=\"https:\/\/www.mediapart.fr\/journal\/france\/020425\/anouk-grinberg-je-suis-un-soleil-plus-fort-que-ce-qu-m-fait\" rel=\"nofollow noopener\" target=\"_blank\"><br \/>\nMediapart<\/a> a partag\u00e9 un nouveau t\u00e9moignage de <a href=\"https:\/\/www.closermag.fr\/people\/du-vomi-anouk-grinberg-laisse-eclater-une-colere-froide-gerard-depardieu-ne-sen-sort-pas-indemne-3534086\" rel=\"nofollow noopener\" target=\"_blank\"><br \/>\nl&rsquo;actrice de 62 ans<\/a>. Avec une col\u00e8re froide, elle a racont\u00e9 des<br \/>\nviolences inimaginables et r\u00e9p\u00e9t\u00e9es inflig\u00e9es par celui qu&rsquo;elle a<br \/>\naim\u00e9. Ironiquement, ces violences ont notamment eu lieu sur le<br \/>\ntournage du film Merci la vie. \u00ab\u00a0J&rsquo;ai pas r\u00e9agi quand<br \/>\non me mettait des gifles, quand on m&rsquo;\u00e9tranglait, quand on me<br \/>\nmettait des trucs dans le c*l, quand on me faisait dire des<br \/>\nhorreurs\u00a0\u00bb, regrette-t-elle aujourd&rsquo;hui.<\/p>\n<p>Anouk Grinberg \u00e0 propos de Bertrand Blier : \u00ab\u00a0Il m&rsquo;a<br \/>\ntortur\u00e9e\u00a0\u00bb<\/p>\n<p>\u00c0 la lumi\u00e8re de son exp\u00e9rience d&rsquo;adulte et de sa conscience<br \/>\nf\u00e9ministe, <a href=\"https:\/\/www.closermag.fr\/people\/anouk-grinberg-coupee-par-augustin-trapenard-voici-ce-quil-ne-voulait-pas-quelle-dise-3534079\" rel=\"nofollow noopener\" target=\"_blank\"><br \/>\nAnouk Grinberg<\/a>\u00a0a analys\u00e9 la situation. \u00ab\u00a0Je me rends<br \/>\ncompte que <strong>j&rsquo;ai \u00e9t\u00e9 l&rsquo;objet de ses d\u00e9lires,<\/strong> et je<br \/>\nne me suis pas aper\u00e7ue\u00a0\u00bb, constate-t-elle, les yeux emplis de<br \/>\nlarme et la voix qui tremble. Au micro de Mediapart, elle aborde<br \/>\naussi la <strong>\u00ab\u00a0v\u00e9ritable torture\u00a0\u00bb<\/strong> qu&rsquo;a \u00e9t\u00e9 le<br \/>\ntournage de Mon homme, aux c\u00f4t\u00e9s de G\u00e9rard Lanvin.<\/p>\n<p>Et pour cause : \u00ab\u00a0Il [Bertrand Blier] m&rsquo;a tortur\u00e9e. Je ne<br \/>\nvoulais pas le faire, vraiment, clairement, parce qu&rsquo;\u00e0 ce<br \/>\nmoment-l\u00e0, <strong>j&rsquo;\u00e9tais d\u00e9j\u00e0 plus devenue moi-m\u00eame<\/strong>,<br \/>\nparce que <strong>mon enfant \u00e9tait n\u00e9<\/strong>, et donc j&rsquo;\u00e9tais<br \/>\ndevenue responsable de quelqu&rsquo;un d&rsquo;autre\u00a0\u00bb, se<br \/>\nremm\u00e9more-t-elle.<\/p>\n<p>\u00ab\u00a0Il m&rsquo;a fait taire violemment,<br \/>\nautoritairement\u00a0\u00bb<\/p>\n<p>Comme s&rsquo;est souvenue Anouk Grinberg, \u00e0 partir du moment o\u00f9 elle<br \/>\ndevient m\u00e8re, <strong>elle passe d'\u00a0\u00bbobjet\u00a0\u00bb \u00e0<br \/>\n\u00ab\u00a0sujet\u00a0\u00bb.<\/strong> Son \u00e9mancipation est n\u00e9anmoins travers\u00e9e<br \/>\npar une r\u00e9sistance. Celle de son propre compagnon, Bertrand Blier.<br \/>\n\u00ab\u00a0Ce sujet l\u00e0 ne lui plaisait pas. Il l&rsquo;a combattu,<br \/>\nm\u00eame\u00a0\u00bb.\u00a0<\/p>\n<p>De mani\u00e8re ultra violente, une nouvelle fois. <strong>\u00ab\u00a0Il<br \/>\nm&rsquo;a fait taire violemment, autoritairement, avec force, chez un<br \/>\npsychiatre de stars\u00a0\u00bb.<\/strong> Ce fameux psychiatre qui lui a<br \/>\nfait prendre des m\u00e9dicaments afin qu&rsquo;elle se soumettre \u00e0 tous les<br \/>\ndesideratas du \u00ab\u00a0g\u00e9nie cr\u00e9ateur\u00a0\u00bb.<\/p>\n","protected":false},"excerpt":{"rendered":"Anouk Grinberg a partag\u00e9 la vie de Bertrand Blier pendant des ann\u00e9es. Elle a racont\u00e9 son calvaire avec&hellip;\n","protected":false},"author":2,"featured_media":1914,"comment_status":"","ping_status":"","sticky":false,"template":"","format":"standard","meta":{"footnotes":""},"categories":[1359],"tags":[1449,548,1450,58,59,1011,27,973],"class_list":{"0":"post-1913","1":"post","2":"type-post","3":"status-publish","4":"format-standard","5":"has-post-thumbnail","7":"category-people","8":"tag-anouk-grinberg","9":"tag-article-simple","10":"tag-bertrand-blier","11":"tag-divertissement","12":"tag-entertainment","13":"tag-fr","14":"tag-france","15":"tag-people"},"share_on_mastodon":{"url":"https:\/\/pubeurope.com\/@fr\/114277983520496187","error":""},"_links":{"self":[{"href":"https:\/\/www.europesays.com\/fr\/wp-json\/wp\/v2\/posts\/1913","targetHints":{"allow":["GET"]}}],"collection":[{"href":"https:\/\/www.europesays.com\/fr\/wp-json\/wp\/v2\/posts"}],"about":[{"href":"https:\/\/www.europesays.com\/fr\/wp-json\/wp\/v2\/types\/post"}],"author":[{"embeddable":true,"href":"https:\/\/www.europesays.com\/fr\/wp-json\/wp\/v2\/users\/2"}],"replies":[{"embeddable":true,"href":"https:\/\/www.europesays.com\/fr\/wp-json\/wp\/v2\/comments?post=1913"}],"version-history":[{"count":0,"href":"https:\/\/www.europesays.com\/fr\/wp-json\/wp\/v2\/posts\/1913\/revisions"}],"wp:featuredmedia":[{"embeddable":true,"href":"https:\/\/www.europesays.com\/fr\/wp-json\/wp\/v2\/media\/1914"}],"wp:attachment":[{"href":"https:\/\/www.europesays.com\/fr\/wp-json\/wp\/v2\/media?parent=1913"}],"wp:term":[{"taxonomy":"category","embeddable":true,"href":"https:\/\/www.europesays.com\/fr\/wp-json\/wp\/v2\/categories?post=1913"},{"taxonomy":"post_tag","embeddable":true,"href":"https:\/\/www.europesays.com\/fr\/wp-json\/wp\/v2\/tags?post=1913"}],"curies":[{"name":"wp","href":"https:\/\/api.w.org\/{rel}","templated":true}]}}