{"id":191304,"date":"2025-06-20T15:59:13","date_gmt":"2025-06-20T15:59:13","guid":{"rendered":"https:\/\/www.europesays.com\/fr\/191304\/"},"modified":"2025-06-20T15:59:13","modified_gmt":"2025-06-20T15:59:13","slug":"paris-accueille-une-semaine-masculine-excitante-avec-les-debuts-de-jonathan-anderson-chez-dior","status":"publish","type":"post","link":"https:\/\/www.europesays.com\/fr\/191304\/","title":{"rendered":"Paris accueille une Semaine masculine excitante avec les d\u00e9buts de Jonathan Anderson chez Dior"},"content":{"rendered":"<p class=\"article-content col-md-8 offset-md-1\">\n                                Apr\u00e8s Milan, c&rsquo;est au tour de Paris de prendre le relais ce mardi avec une affiche plus qu&rsquo;all\u00e9chante. La Semaine de la mode masculine programm\u00e9e du 24 au 29 juin dans la capitale s\u2019annonce tr\u00e8s dense entre d\u00e9fil\u00e9s, pr\u00e9sentations, pop-ups, showrooms, \u00e9v\u00e9nements sp\u00e9ciaux et shows parall\u00e8les avec, en point d\u2019orgue, l\u2019intronisation de Jonathan W. Anderson chez Christian <a class=\"fnwAddLinks\" href=\"https:\/\/fr.fashionnetwork.com\/tags-dior\" title=\"Dior\" target=\"_blank\" rel=\"noopener\">Dior<\/a>, mais aussi de beaux retours, dont ceux de <a class=\"fnwAddLinks\" href=\"https:\/\/fr.fashionnetwork.com\/tags-saint-laurent\" title=\"Saint Laurent\" target=\"_blank\" rel=\"noopener\">Saint Laurent<\/a>, <a class=\"fnwAddLinks\" href=\"https:\/\/fr.fashionnetwork.com\/tags-dries-van-noten\" title=\"Dries Van Noten\" target=\"_blank\" rel=\"noopener\">Dries Van Noten<\/a> et <a class=\"fnwAddLinks\" href=\"https:\/\/fr.fashionnetwork.com\/tags-etudes-studio\" title=\"Etudes Studio\" target=\"_blank\" rel=\"noopener\">Etudes Studio<\/a> entre autres, et les d\u00e9buts dans le calendrier officiel de Kartik Research de l\u2019Indien Kartik Kumra, et de CamperLab.<\/p>\n<p><img decoding=\"async\" class=\"news-image\" style=\"width:100%;\" src=\"https:\/\/www.europesays.com\/fr\/wp-content\/uploads\/2025\/06\/f3f3.jpg\" alt=\"Paris s'appr\u00eate \u00e0 accueillir 70 marques et 40 d\u00e9fil\u00e9s\" loading=\"lazy\"\/>Paris s&rsquo;appr\u00eate \u00e0 accueillir 70 marques et 40 d\u00e9fil\u00e9s &#8211; DR<\/p>\n<p class=\"col-md-8 offset-md-1 article-content--texte\">Tous les yeux seront braqu\u00e9s sur le show de Dior, pr\u00e9vu le vendredi 27 juin \u00e0 la mi-journ\u00e9e, avec les d\u00e9buts tr\u00e8s attendus du cr\u00e9ateur Irlandais Jonathan Anderson \u00e0 la t\u00eate de la maison phare de <a class=\"fnwAddLinks\" href=\"https:\/\/fr.fashionnetwork.com\/tags-lvmh\" title=\"LVMH\" target=\"_blank\" rel=\"noopener\">LVMH<\/a>, dont il dirige d\u00e9sormais l\u2019ensemble des collections homme, femme et haute couture. A en croire un premier clich\u00e9 publi\u00e9 sur Instagram, Dior Homme devrait prendre un coup de jeune avec une belle dose de coolitude\u2026 A v\u00e9rifier sur pi\u00e8ce.<\/p>\n<p>Au total, 70 maisons vont d\u00e9voiler leur collection pour le printemps-\u00e9t\u00e9 2026 \u00e0 travers 30 pr\u00e9sentations et 40 d\u00e9fil\u00e9s -contre 38 en janvier dernier-, dont le show collectif des \u00e9tudiants dipl\u00f4m\u00e9s de l\u2019IFM (<a class=\"fnwAddLinks\" href=\"https:\/\/fr.fashionnetwork.com\/tags-institut-francais-de-la-mode\" title=\"Institut Fran\u00e7ais de la Mode\" target=\"_blank\" rel=\"noopener\">Institut Fran\u00e7ais de la Mode<\/a>), qui ouvre\u00a0ce mardi 24 juin\u00a0la Fashion Week, qui se conclura en beaut\u00e9 le dimanche soir avec le d\u00e9fil\u00e9 mixte de Jacquemus.<\/p>\n<p class=\"col-md-8 offset-md-1 article-content--texte\">Paris enregistre en cette tourn\u00e9e cinq d\u00e9fections: S.S. Daley, le label de menswear du jeune britannique Steven Stokey Daley, la marque berlinoise 032c, la japonaise <a class=\"fnwAddLinks\" href=\"https:\/\/fr.fashionnetwork.com\/tags-sacai\" title=\"Sacai\" target=\"_blank\" rel=\"noopener\">Sacai<\/a>, qui opte pour une pr\u00e9sentation, <a class=\"fnwAddLinks\" href=\"https:\/\/fr.fashionnetwork.com\/tags-paul-smith\" title=\"Paul Smith\" target=\"_blank\" rel=\"noopener\">Paul Smith<\/a>, qui a choisi de d\u00e9filer \u00e0 Milan cette saison, et <a class=\"fnwAddLinks\" href=\"https:\/\/fr.fashionnetwork.com\/tags-lanvin\" title=\"Lanvin\" target=\"_blank\" rel=\"noopener\">Lanvin<\/a>, qui apr\u00e8s le premier d\u00e9fil\u00e9 sign\u00e9 par <a class=\"fnwAddLinks\" href=\"https:\/\/fr.fashionnetwork.com\/tags-peter-copping\" title=\"Peter Copping\" target=\"_blank\" rel=\"noopener\">Peter Copping<\/a> d\u00e9voil\u00e9 au dernier jour de la Semaine masculine de janvier, r\u00e9int\u00e8gre le calendrier f\u00e9minin en septembre prochain.<br \/>\u00a0<br \/>Ces absences sont compens\u00e9es par six retours et un nouveau nom. Comme indiqu\u00e9, l\u2019IFM revient avec son show collectif annuel, qui ouvre les danses mardi, suivi par Etudes Studio. La marque parisienne fait son come-back sur les podiums apr\u00e8s trois saisons avec un nouveau projet et une \u00e9quipe cr\u00e9ative et dirigeante resserr\u00e9e autour des fondateurs Aur\u00e9lien Arbet et J\u00e9r\u00e9mie Egry, \u00e0 la suite du d\u00e9part de Jos\u00e9 Lamali.<br \/>\u00a0<br \/>Autre retour tr\u00e8s attendu en cette premi\u00e8re journ\u00e9e, celui de Saint Laurent, qui avait d\u00e9sert\u00e9 le programme parisien depuis janvier 2023 au profit de shows nomades aux quatre coins du monde se d\u00e9roulant en dehors du calendrier, comme en janvier dernier lorsque la collection Homme \u00e9tait revenue d\u00e9filer \u00e0 Paris&#8230; Mais en se superposant subrepticement \u00e0 la Semaine de la couture! De m\u00eame, Dries Van Noten revient dans le programme masculin sous l\u2019\u00e9gide de son nouveau directeur artistique Julian Klausner, tout comme les Londoniens <a class=\"fnwAddLinks\" href=\"https:\/\/fr.fashionnetwork.com\/tags-craig-green\" title=\"Craig Green\" target=\"_blank\" rel=\"noopener\">Craig Green<\/a> et Wales Bonner.<br \/>\u00a0<br \/>A noter aussi le retour dans le programme des pr\u00e9sentations masculines de <a class=\"fnwAddLinks\" href=\"https:\/\/fr.fashionnetwork.com\/tags-marine-serre\" title=\"Marine Serre\" target=\"_blank\" rel=\"noopener\">Marine Serre<\/a> ainsi que des labels am\u00e9ricain <a class=\"fnwAddLinks\" href=\"https:\/\/fr.fashionnetwork.com\/tags-bode\" title=\"Bode\" target=\"_blank\" rel=\"noopener\">Bode<\/a>, japonais Bed j.w. Ford et ta\u00efwanais Namesake.\u00a0<br \/>\u00a0<br class=\"clear\"\/><\/p>\n<p><img decoding=\"async\" class=\"news-image\" style=\"width:100%;max-width:645px;\" src=\"https:\/\/www.europesays.com\/fr\/wp-content\/uploads\/2025\/06\/9aba.jpg\" alt=\"Saint Laurent rentre dans les rangs d\u00e9filant \u00e0 nouveau dans la Semaine masculine de Paris\" loading=\"lazy\"\/>Saint Laurent rentre dans les rangs d\u00e9filant \u00e0 nouveau dans la Semaine masculine de Paris &#8211; \u00a9Launchmetrics\/spotlight<\/p>\n<p class=\"col-md-8 offset-md-1 article-content--texte\">Parmi les nouveaux noms \u00e0 suivre de pr\u00e8s, celui de l\u2019Indien Kartik Kumra, demi-finaliste du prix LVMH en 2023, qui au bout de trois saisons dans le programme des pr\u00e9sentations, arrive sous les sunlights avec le premier d\u00e9fil\u00e9 officiel dimanche 29 juin de sa marque Kartik Research, fond\u00e9e en 2021, qui fait la part belle aux techniques artisanales indiennes.<br \/>\u00a0<br \/>Autre d\u00e9but, celui de CamperLab, la ligne exp\u00e9rimentale du chausseur <a class=\"fnwAddLinks\" href=\"https:\/\/fr.fashionnetwork.com\/tags-camper\" title=\"Camper\" target=\"_blank\" rel=\"noopener\">Camper<\/a> implant\u00e9 aux Bal\u00e9ares, pilot\u00e9e par le Finlandais Achilles Ion Gabriel. Le label d\u00e9file pour la premi\u00e8re fois \u00e0 Paris le jeudi 26 juin dans le calendrier des pr\u00e9sentations, o\u00f9 font \u00e9galement leur entr\u00e9e le designer n\u00e9erlandais Camiel Fortgens, qui a fond\u00e9 sa maison \u00e0 Amsterdam en 2014 et la marque br\u00e9silienne P. Andrade, cocr\u00e9\u00e9e en 2021 par Pedro Andrade et Paula Kim.<br \/>\u00a0<br \/>A surveiller \u00e9galement les d\u00e9buts, en marge du programme officiel, de M\/SA la nouvelle marque de luxe engag\u00e9e dans l\u2019upcycling de Sakina\u00a0M\u2019Sa, qui d\u00e9file le dimanche 29 juin et organise ce jour-l\u00e0 au Carreau du Temple la journ\u00e9e \u00ab\u00a0The Pure Fashion Day\u00a0\u00bb autour d\u2019une\u00a0mode plus durable avec conf\u00e9rences et ateliers. D\u00e9buts aussi pour Jah Jah, fond\u00e9e en 2017 par Coralie Jouhier et Daquisiline Gomis, le duo passionn\u00e9 de cuisine, d\u2019art et de mode \u00e0 l\u2019origine du restaurant afro-v\u00e9g\u00e9talien parisien du m\u00eame nom. La marque, qui porte plusieurs initiatives cr\u00e9atives et engag\u00e9es, d\u00e9filera pour la toute premi\u00e8re fois le 24 juin au <a class=\"fnwAddLinks\" href=\"https:\/\/fr.fashionnetwork.com\/tags-dover-street-market\" title=\"Dover Street Market\" target=\"_blank\" rel=\"noopener\">Dover Street Market<\/a> Paris.<br \/>\u00a0<br \/>Pour ce nouveau marathon sont au rendez-vous bien s\u00fbr les plus grandes maisons de luxe, de Dior \u00e0 Saint Laurent, donc, sans oublier <a class=\"fnwAddLinks\" href=\"https:\/\/fr.fashionnetwork.com\/tags-louis-vuitton\" title=\"Louis Vuitton\" target=\"_blank\" rel=\"noopener\">Louis Vuitton<\/a>, <a class=\"fnwAddLinks\" href=\"https:\/\/fr.fashionnetwork.com\/tags-hermes\" title=\"Herm\u00e8s\" target=\"_blank\" rel=\"noopener\">Herm\u00e8s<\/a> et <a class=\"fnwAddLinks\" href=\"https:\/\/fr.fashionnetwork.com\/tags-kenzo\" title=\"Kenzo\" target=\"_blank\" rel=\"noopener\">Kenzo<\/a>, qui promet un show sp\u00e9cial puisqu&rsquo;il va investir l\u2019historique restaurant parisien Maxim\u2019s. Ainsi que les marques les plus en vue telles qu&rsquo;AMI, <a class=\"fnwAddLinks\" href=\"https:\/\/fr.fashionnetwork.com\/tags-lemaire\" title=\"Lemaire\" target=\"_blank\" rel=\"noopener\">Lemaire<\/a> et les jeunes griffes <a class=\"fnwAddLinks\" href=\"https:\/\/fr.fashionnetwork.com\/tags-hed-mayner\" title=\"Hed Mayner\" target=\"_blank\" rel=\"noopener\">Hed Mayner<\/a>, Bluemarble et EgonLab, pour n\u2019en citer que quelques-unes.<br \/>\u00a0<br \/>La Ville Lumi\u00e8re continue toujours aussi d\u2019attirer les jeunes cr\u00e9ateurs. En particulier \u00e0 travers le showroom Sph\u00e8re, op\u00e9r\u00e9 par la F\u00e9d\u00e9ration de la haute couture et de la mode (FHCM) et soutenu par le DEFI, pr\u00e9vu au <a class=\"fnwAddLinks\" href=\"https:\/\/fr.fashionnetwork.com\/tags-palais-de-tokyo\" title=\"Palais de Tokyo\" target=\"_blank\" rel=\"noopener\">Palais de Tokyo<\/a> du 25 au 29 juin, qui accueille deux nouveaux venus: Mouty et Victor Clavelly. On y retrouvera aussi Cach\u00ed,\u00a0La Cage, Lazoschmidl, Ouest Paris et C.R.E.O.L.E.<\/p>\n<p><img decoding=\"async\" class=\"news-image\" style=\"width:100%;max-width:645px;\" src=\"https:\/\/www.europesays.com\/fr\/wp-content\/uploads\/2025\/06\/a410.jpg\" alt=\"Kartik Research d\u00e9bute dans le calendrier officiel dimanche\" loading=\"lazy\"\/>Kartik Research d\u00e9bute dans le calendrier officiel dimanche &#8211; \u00a9Launchmetrics\/spotlight<\/p>\n<p class=\"col-md-8 offset-md-1 article-content--texte\">\u00a0<br \/>Ces trois derniers noms, ainsi que Jeanne Friot et Steven Passaro, b\u00e9n\u00e9ficient cette saison du soutien du minist\u00e8re de la Culture qui met \u00e0 disposition pour leur pr\u00e9sentation un espace au sein du Quadrilat\u00e8re des Archives, rue des Francs-Bourgeois. Enfin ,pour rappel, le prestigieux Prix de l\u2019<a class=\"fnwAddLinks\" href=\"https:\/\/fr.fashionnetwork.com\/tags-andam\" title=\"Andam\" target=\"_blank\" rel=\"noopener\">Andam<\/a> d\u00e9di\u00e9 \u00e0 la jeune cr\u00e9ation annoncera ses laur\u00e9ats au lendemain de la Fashion Week, le lundi 30 juin.<br \/>\u00a0<br \/>Au c\u00f4t\u00e9 de Sph\u00e8re s\u2019ajoutent les nombreux showrooms et initiatives parall\u00e8les, en support aux jeunes designers. Mais aussi tous les \u00e9v\u00e9nements parall\u00e8les qui font le succ\u00e8s d\u2019une Fashion Week avec les d\u00e9fil\u00e9s off, les pr\u00e9sentations sp\u00e9ciales comme celles de Christian <a class=\"fnwAddLinks\" href=\"https:\/\/fr.fashionnetwork.com\/tags-louboutin\" title=\"Louboutin\" target=\"_blank\" rel=\"noopener\">Louboutin<\/a> ou <a class=\"fnwAddLinks\" href=\"https:\/\/fr.fashionnetwork.com\/tags-berluti\" title=\"Berluti\" target=\"_blank\" rel=\"noopener\">Berluti<\/a>, les d\u00eeners et soir\u00e9es mondaines, organis\u00e9es notamment par Sacai, AMI, KidSuper, Herm\u00e8s, Phileo et Willy Chavarria avec <a class=\"fnwAddLinks\" href=\"https:\/\/fr.fashionnetwork.com\/tags-adidas\" title=\"Adidas\" target=\"_blank\" rel=\"noopener\">Adidas<\/a>. Et les f\u00eates avec le dixi\u00e8me anniversaire de Carne Bollente et de L\/Uniform de Jeanne Signoles, ou encore les 40 ans de Jack Gomme.<\/p>\n<p>Sans oublier les pop-ups et les ouvertures de boutiques, dont celles de Casablanca, de <a class=\"fnwAddLinks\" href=\"https:\/\/fr.fashionnetwork.com\/tags-moynat\" title=\"Moynat\" target=\"_blank\" rel=\"noopener\">Moynat<\/a>, des bijoux MAM. Mais aussi les inaugurations d&rsquo;expositions comme celles consacr\u00e9es \u00e0 <a class=\"fnwAddLinks\" href=\"https:\/\/fr.fashionnetwork.com\/tags-rick-owens\" title=\"Rick Owens\" target=\"_blank\" rel=\"noopener\">Rick Owens<\/a> au Palais Galliera, aux dix ans de Demna chez <a class=\"fnwAddLinks\" href=\"https:\/\/fr.fashionnetwork.com\/tags-balenciaga\" title=\"Balenciaga\" target=\"_blank\" rel=\"noopener\">Balenciaga<\/a> au si\u00e8ge de <a class=\"fnwAddLinks\" href=\"https:\/\/fr.fashionnetwork.com\/tags-kering\" title=\"Kering\" target=\"_blank\" rel=\"noopener\">Kering<\/a>, au couturier <a class=\"fnwAddLinks\" href=\"https:\/\/fr.fashionnetwork.com\/tags-paul-poiret\" title=\"Paul Poiret\" target=\"_blank\" rel=\"noopener\">Paul Poiret<\/a> au Mus\u00e9e des Arts D\u00e9coratifs, ou encore de la galerie d\u2019<a class=\"fnwAddLinks\" href=\"https:\/\/fr.fashionnetwork.com\/tags-acne-studios\" title=\"Acne Studios\" target=\"_blank\" rel=\"noopener\">Acne Studios<\/a> au Palais Royal. Pas de quoi s&rsquo;ennuyer.<br \/>\u00a0\n                            <\/p>\n<p>\n                                Tous droits de reproduction et de repr\u00e9sentation r\u00e9serv\u00e9s.<br \/>\u00a9 2025 FashionNetwork.com\n                            <\/p>\n","protected":false},"excerpt":{"rendered":"Apr\u00e8s Milan, c&rsquo;est au tour de Paris de prendre le relais ce mardi avec une affiche plus qu&rsquo;all\u00e9chante.&hellip;\n","protected":false},"author":2,"featured_media":191305,"comment_status":"","ping_status":"","sticky":false,"template":"","format":"standard","meta":{"footnotes":""},"categories":[1888],"tags":[30545,11,25770,24450,32585,13774,2424,32976,24458,32973,537,2423,24453,21472,32978,947,15731,1777,674,1011,27,24454,32985,11127,24444,32969,24445,32971,32982,32977,32972,3797,2425,7484,32984,985,32980,12,24451,2298,626,32979,32970,32975,2426,2427,25,2421,24447,32983,13507,32974,32981,2422],"class_list":{"0":"post-191304","1":"post","2":"type-post","3":"status-publish","4":"format-standard","5":"has-post-thumbnail","7":"category-paris","8":"tag-acne-studios","9":"tag-actualites","10":"tag-adidas","11":"tag-ami-alexandre-mattiussi","12":"tag-andam","13":"tag-balenciaga","14":"tag-beaute","15":"tag-berluti","16":"tag-bode","17":"tag-camper","18":"tag-contact","19":"tag-cosmetiques","20":"tag-craig-green","21":"tag-dior","22":"tag-dover-street-market","23":"tag-dries-van-noten","24":"tag-etudes-studio","25":"tag-eu","26":"tag-europe","27":"tag-fr","28":"tag-france","29":"tag-grace-wales-bonner","30":"tag-hed-mayner","31":"tag-hermes","32":"tag-institut-francais-de-la-mode","33":"tag-kenzo","34":"tag-kering","35":"tag-lanvin","36":"tag-lemaire","37":"tag-les-arts-decoratifs","38":"tag-louboutin","39":"tag-louis-vuitton","40":"tag-luxe","41":"tag-lvmh","42":"tag-marine-serre","43":"tag-mode","44":"tag-moynat","45":"tag-news","46":"tag-palais-de-tokyo","47":"tag-parfum","48":"tag-paris","49":"tag-paul-poiret","50":"tag-paul-smith","51":"tag-peter-copping","52":"tag-professionnel","53":"tag-professionnels","54":"tag-republique-francaise","55":"tag-reseau","56":"tag-rick-owens","57":"tag-sacai","58":"tag-saint-laurent","59":"tag-sakina-msa","60":"tag-simon-porte-jacquemus","61":"tag-textile"},"share_on_mastodon":{"url":"","error":"Validation failed: Text character limit of 500 exceeded"},"_links":{"self":[{"href":"https:\/\/www.europesays.com\/fr\/wp-json\/wp\/v2\/posts\/191304","targetHints":{"allow":["GET"]}}],"collection":[{"href":"https:\/\/www.europesays.com\/fr\/wp-json\/wp\/v2\/posts"}],"about":[{"href":"https:\/\/www.europesays.com\/fr\/wp-json\/wp\/v2\/types\/post"}],"author":[{"embeddable":true,"href":"https:\/\/www.europesays.com\/fr\/wp-json\/wp\/v2\/users\/2"}],"replies":[{"embeddable":true,"href":"https:\/\/www.europesays.com\/fr\/wp-json\/wp\/v2\/comments?post=191304"}],"version-history":[{"count":0,"href":"https:\/\/www.europesays.com\/fr\/wp-json\/wp\/v2\/posts\/191304\/revisions"}],"wp:featuredmedia":[{"embeddable":true,"href":"https:\/\/www.europesays.com\/fr\/wp-json\/wp\/v2\/media\/191305"}],"wp:attachment":[{"href":"https:\/\/www.europesays.com\/fr\/wp-json\/wp\/v2\/media?parent=191304"}],"wp:term":[{"taxonomy":"category","embeddable":true,"href":"https:\/\/www.europesays.com\/fr\/wp-json\/wp\/v2\/categories?post=191304"},{"taxonomy":"post_tag","embeddable":true,"href":"https:\/\/www.europesays.com\/fr\/wp-json\/wp\/v2\/tags?post=191304"}],"curies":[{"name":"wp","href":"https:\/\/api.w.org\/{rel}","templated":true}]}}