{"id":191310,"date":"2025-06-20T16:02:24","date_gmt":"2025-06-20T16:02:24","guid":{"rendered":"https:\/\/www.europesays.com\/fr\/191310\/"},"modified":"2025-06-20T16:02:24","modified_gmt":"2025-06-20T16:02:24","slug":"un-ours-secouru-apres-avoir-vecu-deux-ans-avec-un-couvercle-en-plastique-autour-du-cou","status":"publish","type":"post","link":"https:\/\/www.europesays.com\/fr\/191310\/","title":{"rendered":"Un ours secouru apr\u00e8s avoir v\u00e9cu deux ans avec un couvercle en plastique autour du cou"},"content":{"rendered":"<p><strong>insolite &#8211; Dans le nord du Michigan, un jeune ours noir a \u00e9t\u00e9 lib\u00e9r\u00e9 d\u2019un couvercle en plastique qui \u00e9tait coinc\u00e9 autour de son cou depuis deux ans<\/strong><\/p>\n<p>Une op\u00e9ration de sauvetage peu commune s\u2019est d\u00e9roul\u00e9e au d\u00e9but du mois dans le nord du Michigan (<a href=\"https:\/\/www.20minutes.fr\/monde\/etats-unis\/?at_medium=RSS%20feed&amp;at_campaign=ynews&amp;utm_source=yahoo&amp;utm_medium=rss&amp;utm_campaign=news_feed&amp;utm_content=in_article_link\" rel=\"nofollow noopener\" target=\"_blank\" data-ylk=\"slk:\u00c9tats-Unis;elm:context_link;itc:0;sec:content-canvas\" class=\"link \">\u00c9tats-Unis<\/a>). Selon l\u2019<a href=\"https:\/\/apnews.com\/article\/michigan-bear-neck-lid-31cfc1e0e19186f2ac666bbac8034cc4?at_medium=RSS%20feed&amp;at_campaign=ynews&amp;utm_source=yahoo&amp;utm_medium=rss&amp;utm_campaign=news_feed&amp;utm_content=in_article_link\" rel=\"nofollow noopener\" target=\"_blank\" data-ylk=\"slk:Associated Press;elm:context_link;itc:0;sec:content-canvas\" class=\"link \">Associated Press<\/a>, les services de la faune ont en effet r\u00e9ussi \u00e0 capturer un jeune ours noir pour lui enlever le gros couvercle en plastique bleu qu\u2019il avait autour du cou depuis deux ans.<\/p>\n<p>D\u2019apr\u00e8s l\u2019agence de presse am\u00e9ricaine, l\u2019<a href=\"https:\/\/www.20minutes.fr\/planete\/animaux\/?at_medium=RSS%20feed&amp;at_campaign=ynews&amp;utm_source=yahoo&amp;utm_medium=rss&amp;utm_campaign=news_feed&amp;utm_content=in_article_link\" rel=\"nofollow noopener\" target=\"_blank\" data-ylk=\"slk:animal;elm:context_link;itc:0;sec:content-canvas\" class=\"link \">animal<\/a> avait \u00e9t\u00e9 film\u00e9 pour la premi\u00e8re fois en 2023 via une cam\u00e9ra de surveillance install\u00e9e dans la p\u00e9ninsule nord de l\u2019\u00c9tat. Les services de la faune avaient tent\u00e9 \u00e0 l\u2019\u00e9poque de le localiser, sans succ\u00e8s. L\u2019ours, toujours entrav\u00e9 par le m\u00eame objet bleu, \u00e9tait finalement r\u00e9apparu fin mai sur un autre dispositif de surveillance.<\/p>\n<p>L\u2019animal captur\u00e9 et soign\u00e9<\/p>\n<p>Un pi\u00e8ge a alors \u00e9t\u00e9 install\u00e9 sur place pour tenter de capturer l\u2019<a href=\"https:\/\/www.20minutes.fr\/planete\/ours\/?at_medium=RSS%20feed&amp;at_campaign=ynews&amp;utm_source=yahoo&amp;utm_medium=rss&amp;utm_campaign=news_feed&amp;utm_content=in_article_link\" rel=\"nofollow noopener\" target=\"_blank\" data-ylk=\"slk:ours;elm:context_link;itc:0;sec:content-canvas\" class=\"link \">ours<\/a>, ce qui fut fait le 3 juin dernier. Dans la foul\u00e9e, l\u2019animal a \u00e9t\u00e9 endormi par des experts puis d\u00e9barrass\u00e9 de son fardeau en quelques minutes. Rel\u00e2ch\u00e9 \u00e0 son r\u00e9veil, il s\u2019est \u00e9loign\u00e9 en divaguant sans demander son reste.<\/p>\n<p>\u00ab Il est assez incroyable que l\u2019ours ait surv\u00e9cu et ait pu se nourrir lui-m\u00eame \u00bb, a d\u00e9clar\u00e9 Cody Norton, sp\u00e9cialiste de la faune dans l\u2019\u00c9tat. D\u2019apr\u00e8s nos confr\u00e8res, l\u2019animal pesait 49,9 kg, un poids dans la norme pour un ours noir de cet \u00e2ge. Malgr\u00e9 des marques sur le cou et une perte de poils, son \u00e9tat g\u00e9n\u00e9ral \u00e9tait jug\u00e9 bien meilleur que pr\u00e9vu.<\/p>\n<p>Un dispositif d\u2019app\u00e2tage<\/p>\n<p>D\u2019apr\u00e8s les experts, ce couvercle provenait probablement d\u2019un dispositif d\u2019app\u00e2tage, une pratique autoris\u00e9e dans l\u2019\u00c9tat sous cer(&#8230;)<\/p>\n<p><a href=\"https:\/\/www.20minutes.fr\/monde\/4159538-20250620-etats-unis-ours-secouru-apres-avoir-vecu-deux-ans-couvercle-plastique-autour-cou?at_medium=RSS%20feed&amp;at_campaign=ynews&amp;utm_source=yahoo&amp;utm_medium=rss&amp;utm_campaign=news_feed&amp;utm_content=read_more_link\" rel=\"nofollow noopener\" target=\"_blank\" data-ylk=\"slk:Lire la suite sur 20minutes;elm:context_link;itc:0;sec:content-canvas\" class=\"link \">Lire la suite sur 20minutes<\/a><\/p>\n<p>\u00c0 lire aussi :<br \/><a href=\"https:\/\/www.20minutes.fr\/monde\/4158218-20250612-etats-unis-visiteur-approche-trop-pres-bison-parc-yellowstone-animal-encorne?at_medium=RSS%20feed&amp;at_campaign=ynews&amp;utm_source=yahoo&amp;utm_medium=rss&amp;utm_campaign=news_feed&amp;utm_content=related_content_link\" rel=\"nofollow noopener\" target=\"_blank\" data-ylk=\"slk:Etats-Unis : Un visiteur s\u2019approche trop pr\u00e8s d\u2019un bison dans le parc de Yellowstone, l\u2019animal l\u2019encorne;elm:context_link;itc:0;sec:content-canvas\" class=\"link \">Etats-Unis : Un visiteur s\u2019approche trop pr\u00e8s d\u2019un bison dans le parc de Yellowstone, l\u2019animal l\u2019encorne<\/a><br \/><a href=\"https:\/\/www.20minutes.fr\/faits_divers\/4157791-20250610-grece-pousse-ours-randonneur-fait-chute-mortelle-ravin?at_medium=RSS%20feed&amp;at_campaign=ynews&amp;utm_source=yahoo&amp;utm_medium=rss&amp;utm_campaign=news_feed&amp;utm_content=related_content_link\" rel=\"nofollow noopener\" target=\"_blank\" data-ylk=\"slk:Gr\u00e8ce : Pouss\u00e9 par un ours, un randonneur fait une chute mortelle dans un ravin;elm:context_link;itc:0;sec:content-canvas\" class=\"link \">Gr\u00e8ce : Pouss\u00e9 par un ours, un randonneur fait une chute mortelle dans un ravin<\/a><\/p>\n","protected":false},"excerpt":{"rendered":"insolite &#8211; Dans le nord du Michigan, un jeune ours noir a \u00e9t\u00e9 lib\u00e9r\u00e9 d\u2019un couvercle en plastique&hellip;\n","protected":false},"author":2,"featured_media":191311,"comment_status":"","ping_status":"","sticky":false,"template":"","format":"standard","meta":{"footnotes":""},"categories":[1589],"tags":[11,32987,73,1866,32989,17359,12,32986,32988,1864,1865,1863,308],"class_list":{"0":"post-191310","1":"post","2":"type-post","3":"status-publish","4":"format-standard","5":"has-post-thumbnail","7":"category-etats-unis","8":"tag-actualites","9":"tag-couvercle","10":"tag-etats-unis","11":"tag-etats-unis-damerique","12":"tag-le-cou","13":"tag-michigan","14":"tag-news","15":"tag-operation-de-sauvetage","16":"tag-ours-noir","17":"tag-united-states","18":"tag-united-states-of-america","19":"tag-us","20":"tag-usa"},"share_on_mastodon":{"url":"https:\/\/pubeurope.com\/@fr\/114716537401989608","error":""},"_links":{"self":[{"href":"https:\/\/www.europesays.com\/fr\/wp-json\/wp\/v2\/posts\/191310","targetHints":{"allow":["GET"]}}],"collection":[{"href":"https:\/\/www.europesays.com\/fr\/wp-json\/wp\/v2\/posts"}],"about":[{"href":"https:\/\/www.europesays.com\/fr\/wp-json\/wp\/v2\/types\/post"}],"author":[{"embeddable":true,"href":"https:\/\/www.europesays.com\/fr\/wp-json\/wp\/v2\/users\/2"}],"replies":[{"embeddable":true,"href":"https:\/\/www.europesays.com\/fr\/wp-json\/wp\/v2\/comments?post=191310"}],"version-history":[{"count":0,"href":"https:\/\/www.europesays.com\/fr\/wp-json\/wp\/v2\/posts\/191310\/revisions"}],"wp:featuredmedia":[{"embeddable":true,"href":"https:\/\/www.europesays.com\/fr\/wp-json\/wp\/v2\/media\/191311"}],"wp:attachment":[{"href":"https:\/\/www.europesays.com\/fr\/wp-json\/wp\/v2\/media?parent=191310"}],"wp:term":[{"taxonomy":"category","embeddable":true,"href":"https:\/\/www.europesays.com\/fr\/wp-json\/wp\/v2\/categories?post=191310"},{"taxonomy":"post_tag","embeddable":true,"href":"https:\/\/www.europesays.com\/fr\/wp-json\/wp\/v2\/tags?post=191310"}],"curies":[{"name":"wp","href":"https:\/\/api.w.org\/{rel}","templated":true}]}}