{"id":191314,"date":"2025-06-20T16:04:09","date_gmt":"2025-06-20T16:04:09","guid":{"rendered":"https:\/\/www.europesays.com\/fr\/191314\/"},"modified":"2025-06-20T16:04:09","modified_gmt":"2025-06-20T16:04:09","slug":"auteur-dun-but-pour-lallemagne-lors-du-championnat-deurope-des-moins-de-21-ans-le-grand-talent-pourrait-rejoindre-lalbanie","status":"publish","type":"post","link":"https:\/\/www.europesays.com\/fr\/191314\/","title":{"rendered":"Auteur d&rsquo;un but pour l&rsquo;Allemagne lors du Championnat d&rsquo;Europe des moins de 21 ans, le grand talent pourrait rejoindre l&rsquo;Albanie"},"content":{"rendered":"<ul class=\"filan_fisteku_info\">\n<li>\n                                            20 juin 2025 17h02\n                                        <\/li>\n<li>\n                                            Partager \u00e0:<\/p>\n<\/li>\n<\/ul>\n<p class=\"gt-block MsoNormal\">Nelson Weiper est l&rsquo;un des footballeurs les plus talentueux d&rsquo;Allemagne. \u00c2g\u00e9 de 20 ans, il \u00e9volue au poste d&rsquo;attaquant et participe actuellement au Championnat d&rsquo;Europe des moins de 21 ans en Slovaquie avec l&rsquo;Allemagne.<\/p>\n<p class=\"gt-block MsoNormal\">Weiper a m\u00eame marqu\u00e9 pour l&rsquo;Allemagne contre l&rsquo;Angleterre mercredi soir, lors d&rsquo;une victoire 2-1. L&rsquo;Allemagne a remport\u00e9 le groupe B et affrontera l&rsquo;Italie en quarts de finale dimanche.<\/p>\n<p class=\"gt-block MsoNormal\">Bien que son nom ne le r\u00e9v\u00e8le pas, ce footballeur de 192 centim\u00e8tres a \u00e9galement des racines albanaises. La m\u00e8re du joueur de Mayence Nelson Weiperi est albanaise. Il pourrait donc jouer pour l&rsquo;Albanie \u00e0 l&rsquo;avenir.<\/p>\n<p class=\"gt-block MsoNormal\">Mais la premi\u00e8re option de Weiper est l&rsquo;Allemagne. Il a jou\u00e9 pour toutes les cat\u00e9gories d&rsquo;\u00e2ge en Allemagne. Avec les U17, il a marqu\u00e9 13 buts en 15 s\u00e9lections. Avec les U18, il a marqu\u00e9 un but, tandis qu&rsquo;avec les U20, il en compte trois. Weiper compte d\u00e9sormais huit s\u00e9lections et un but avec les U21.<\/p>\n<p class=\"gt-block MsoNormal\">Il participe pour la deuxi\u00e8me fois au Championnat d&rsquo;Europe des moins de 2023 ans. Il a jou\u00e9 en 2027 et est \u00e9galement pressenti pour l&rsquo;Euro 21. Dans le Championnat d&rsquo;Europe des moins de XNUMX ans actuel, Nelson Weiper compte un but et une passe d\u00e9cisive. Il a disput\u00e9 trois matchs de groupe. Il \u00e9tait rempla\u00e7ant lors des deux premiers et titulaire contre l&rsquo;Angleterre.<\/p>\n<p class=\"gt-block MsoNormal\">Le principal m\u00e9dia allemand, Kicker, a \u00e9crit vendredi sur la possibilit\u00e9 que Weiper joue pour l&rsquo;Albanie.<\/p>\n<p class=\"gt-block MsoNormal\">\u00ab Ils m&rsquo;ont contact\u00e9 depuis l&rsquo;Albanie et me souhaitent d\u00e9sormais en \u00e9quipe nationale senior. C&rsquo;est une v\u00e9ritable fiert\u00e9 qu&rsquo;une \u00e9quipe nationale senior vous sollicite \u00bb, a d\u00e9clar\u00e9 Weiper \u00e0 \u00ab Kicker \u00bb.<\/p>\n<p class=\"gt-block MsoNormal\">Mais l\u2019Allemagne reste la priorit\u00e9.<\/p>\n<p class=\"gt-block MsoNormal\">\u00ab Je veux montrer mon talent dans l&rsquo;\u00e9quipe allemande des moins de 21 ans et jouer pour l&rsquo;Allemagne le plus longtemps possible \u00bb, a ajout\u00e9 Nelson Weiper.<\/p>\n<p class=\"gt-block MsoNormal\">\u00ab\u00a0Kicker\u00a0\u00bb a \u00e9crit que les choses pourraient \u00e9galement devenir s\u00e9rieuses avec l&rsquo;Albanie.<\/p>\n<p class=\"gt-block MsoNormal\">\u00ab\u00a0Si \u00e0 un moment donn\u00e9 les choses ne fonctionnent pas pour l&rsquo;Allemagne, je vois cela comme une tr\u00e8s bonne option\u00a0\u00bb, a d\u00e9clar\u00e9 Weiper \u00e0 propos de l&rsquo;Albanie.<\/p>\n<p class=\"gt-block MsoNormal\">Tant qu&rsquo;un joueur dispute des matchs officiels en \u00e9quipe nationale senior, il peut changer d&rsquo;\u00e9quipe nationale. L&rsquo;Albanie est donc une option pour Brajan Gruda, qui fait \u00e9galement partie de l&rsquo;\u00e9quipe d&rsquo;Allemagne des moins de 21 ans et joue pour Brighton en Premier League.<\/p>\n<p class=\"gt-block MsoNormal\">Gruda a \u00e9galement grandi \u00e0 Mayence. Il est d\u00e9termin\u00e9 \u00e0 tenter sa chance en Allemagne A. Il s&rsquo;entra\u00eenait avec l&rsquo;\u00e9quipe senior allemande l&rsquo;ann\u00e9e derni\u00e8re, mais n&rsquo;a pas encore fait ses d\u00e9buts.<\/p>\n<p class=\"gt-block MsoNormal\">Nelson Weiper a d\u00e9j\u00e0 disput\u00e9 37 matches de Bundesliga, inscrivant cinq buts et d\u00e9livrant deux passes d\u00e9cisives. Avec sa forme actuelle et s&rsquo;il d\u00e9cide de jouer pour l&rsquo;Albanie, il serait un atout pr\u00e9cieux pour l&rsquo;attaque des Rossoneri.<\/p>\n<p class=\"gt-block MsoNormal\">Le fr\u00e8re de Nelson Weiperi, Henriku, a jou\u00e9 comme gardien de but pour le Kosovo U16 et l&rsquo;Albanie U19.<a href=\"https:\/\/www.koha.net\/fr\/arberi\/ne-operim-vetem-njesia-a3-kek-u-thote-se-ska-kolaps-prodhimi\" rel=\"nofollow noopener\" target=\"_blank\"><\/a><\/p>\n","protected":false},"excerpt":{"rendered":"20 juin 2025 17h02 Partager \u00e0: Nelson Weiper est l&rsquo;un des footballeurs les plus talentueux d&rsquo;Allemagne. \u00c2g\u00e9 de&hellip;\n","protected":false},"author":2,"featured_media":191315,"comment_status":"","ping_status":"","sticky":false,"template":"","format":"standard","meta":{"footnotes":""},"categories":[1587],"tags":[11,672,1804,1805,1803,1777,674,1801,12,1802],"class_list":{"0":"post-191314","1":"post","2":"type-post","3":"status-publish","4":"format-standard","5":"has-post-thumbnail","7":"category-allemagne","8":"tag-actualites","9":"tag-allemagne","10":"tag-bundesrepublik-deutschland","11":"tag-de","12":"tag-deutschland","13":"tag-eu","14":"tag-europe","15":"tag-germany","16":"tag-news","17":"tag-republique-federale-dallemagne"},"share_on_mastodon":{"url":"https:\/\/pubeurope.com\/@fr\/114716545540928248","error":""},"_links":{"self":[{"href":"https:\/\/www.europesays.com\/fr\/wp-json\/wp\/v2\/posts\/191314","targetHints":{"allow":["GET"]}}],"collection":[{"href":"https:\/\/www.europesays.com\/fr\/wp-json\/wp\/v2\/posts"}],"about":[{"href":"https:\/\/www.europesays.com\/fr\/wp-json\/wp\/v2\/types\/post"}],"author":[{"embeddable":true,"href":"https:\/\/www.europesays.com\/fr\/wp-json\/wp\/v2\/users\/2"}],"replies":[{"embeddable":true,"href":"https:\/\/www.europesays.com\/fr\/wp-json\/wp\/v2\/comments?post=191314"}],"version-history":[{"count":0,"href":"https:\/\/www.europesays.com\/fr\/wp-json\/wp\/v2\/posts\/191314\/revisions"}],"wp:featuredmedia":[{"embeddable":true,"href":"https:\/\/www.europesays.com\/fr\/wp-json\/wp\/v2\/media\/191315"}],"wp:attachment":[{"href":"https:\/\/www.europesays.com\/fr\/wp-json\/wp\/v2\/media?parent=191314"}],"wp:term":[{"taxonomy":"category","embeddable":true,"href":"https:\/\/www.europesays.com\/fr\/wp-json\/wp\/v2\/categories?post=191314"},{"taxonomy":"post_tag","embeddable":true,"href":"https:\/\/www.europesays.com\/fr\/wp-json\/wp\/v2\/tags?post=191314"}],"curies":[{"name":"wp","href":"https:\/\/api.w.org\/{rel}","templated":true}]}}