{"id":191318,"date":"2025-06-20T16:06:21","date_gmt":"2025-06-20T16:06:21","guid":{"rendered":"https:\/\/www.europesays.com\/fr\/191318\/"},"modified":"2025-06-20T16:06:21","modified_gmt":"2025-06-20T16:06:21","slug":"lue-exclut-les-firmes-chinoises-des-grosses-commandes-publiques-liberation","status":"publish","type":"post","link":"https:\/\/www.europesays.com\/fr\/191318\/","title":{"rendered":"l\u2019UE exclut les firmes chinoises des grosses commandes publiques \u2013 Lib\u00e9ration"},"content":{"rendered":"<p class=\"sc-ksZaOG ehjQrN text-element\">Une r\u00e9ponse aux obstacles de P\u00e9kin. La Commission europ\u00e9enne a d\u00e9cid\u00e9, ce vendredi 20 juin, d\u2019exclure les entreprises chinoises des commandes publiques de mat\u00e9riels m\u00e9dicaux d\u00e9passant 5 millions d\u2019euros. Une mani\u00e8re de riposter face aux restrictions touchant les firmes europ\u00e9ennes sur le march\u00e9 chinois.<\/p>\n<p class=\"sc-ksZaOG ehjQrN text-element\">La mesure concerne une grande vari\u00e9t\u00e9 de fournitures de sant\u00e9, allant des masques et des pansements jusqu\u2019aux machines et robots, qui repr\u00e9sentent un march\u00e9 de 150 milliards d\u2019euros dans l\u2019UE. Elle \u00abvise \u00e0 inciter la Chine \u00e0 mettre fin \u00e0 sa discrimination envers les dispositifs m\u00e9dicaux fabriqu\u00e9s dans l\u2019UE\u00bb, a d\u00e9clar\u00e9 la Commission dans un communiqu\u00e9. En plus de l\u2019exclusion des offres chinoises des grosses commandes publiques de mat\u00e9riels m\u00e9dicaux, la Commission a annonc\u00e9 qu\u2019elle limitait \u00e0 50 % la part des composants chinois dans les offres retenues.<\/p>\n<p class=\"sc-ksZaOG ehjQrN text-element\">L\u2019Union europ\u00e9enne estime que ses appels d\u2019offres publics sont ouverts \u00e0 95 % \u00e0 la concurrence du reste du monde, tandis que les entreprises europ\u00e9ennes n\u2019ont quasiment aucun acc\u00e8s aux march\u00e9s publics chinois. Apr\u00e8s une ann\u00e9e de n\u00e9gociations sans r\u00e9sultat positif, la Commission, qui g\u00e8re la politique commerciale au nom des 27 pays membres, a donc d\u00e9cid\u00e9 de s\u00e9vir.<\/p>\n<p class=\"sc-ksZaOG ehjQrN text-element\">\u00abNotre objectif est d\u2019assurer des conditions \u00e9quitables pour les entreprises de l\u2019UE. Nous restons engag\u00e9s dans le dialogue avec la Chine pour r\u00e9soudre ces probl\u00e8mes\u00bb, a soulign\u00e9 le commissaire europ\u00e9en au Commerce, Maros Sefcovic.<\/p>\n<p class=\"sc-ksZaOG ehjQrN text-element\">Interrog\u00e9 sur le dossier, un porte-parole de la diplomatie chinoise a fustig\u00e9 ce 20 juin un \u00abdeux poids deux mesures\u00bb suppos\u00e9 de Bruxelles. \u00abL\u2019Union europ\u00e9enne se pr\u00e9sente syst\u00e9matiquement comme le march\u00e9 le plus ouvert au monde, mais en r\u00e9alit\u00e9, elle s\u2019oriente pas \u00e0 pas vers le protectionnisme\u00bb, a regrett\u00e9 Guo Jiakun, lors d\u2019une conf\u00e9rence de presse r\u00e9guli\u00e8re \u00e0 P\u00e9kin. \u00abAgir au nom d\u2019une concurrence loyale tout en pratiquant une concurrence d\u00e9loyale est un exemple typique de deux poids deux mesures\u00bb, a-t-il ajout\u00e9.<\/p>\n<p class=\"sc-ksZaOG ehjQrN text-element\">La Commission europ\u00e9enne juge sa r\u00e9ponse \u00abproportionn\u00e9e\u00bb par rapport aux obstacles mis en place en Chine. L\u2019ex\u00e9cutif souligne aussi que la mesure, qui entrera en vigueur dans dix jours, ne touchera pas les importations ne relevant pas des march\u00e9s publics. Il affirme que la sanction n\u2019entra\u00eenera aucune p\u00e9nurie compte tenu des nombreux fournisseurs disponibles dans le monde. Des d\u00e9rogations sont d\u2019ailleurs pr\u00e9vues en cas d\u2019absence d\u2019alternatives aux fournisseurs chinois.<\/p>\n<p class=\"sc-ksZaOG ehjQrN text-element\">Le seuil fix\u00e9 \u00e0 5 millions d\u2019euros pour les commandes concern\u00e9es permet de couvrir 60 % du march\u00e9 europ\u00e9en des dispositifs m\u00e9dicaux tout en \u00e9pargnant les petits h\u00f4pitaux, aux achats plus modestes, qui \u00e9viteront ainsi des surco\u00fbts.<\/p>\n<p class=\"sc-ksZaOG ehjQrN text-element\">Cette d\u00e9cision s\u2019inscrit dans un contexte de multiples conflits ces trois derni\u00e8res ann\u00e9es entre Bruxelles et P\u00e9kin. Et ceci, dans diff\u00e9rents secteurs \u00e9conomiques : automobiles \u00e9lectriques, industrie ferroviaire, panneaux solaires et \u00e9oliennes.<\/p>\n<p class=\"sc-ksZaOG ehjQrN text-element\">L\u2019UE a d\u00e9cid\u00e9 de durcir le ton en se dotant d\u2019un vaste arsenal l\u00e9gislatif pour mieux d\u00e9fendre ses entreprises face \u00e0 la concurrence d\u00e9loyale. La Commission avait par ailleurs ouvert une enqu\u00eate en avril 2024 sur les march\u00e9s publics chinois de dispositifs m\u00e9dicaux, une premi\u00e8re dans le cadre d\u2019un nouveau m\u00e9canisme dont l\u2019UE s\u2019est dot\u00e9e en 2022 pour obtenir l\u2019acc\u00e8s aux march\u00e9s publics \u00e9trangers.<\/p>\n<p class=\"sc-ksZaOG ehjQrN text-element\">De plus, l\u2019UE est \u00e9galement confront\u00e9e \u00e0 des tensions commerciales avec les Etats-Unis de Donald Trump, qui ont impos\u00e9 des surtaxes douani\u00e8res sur les importations du monde entier, y compris d\u2019Europe.<\/p>\n","protected":false},"excerpt":{"rendered":"Une r\u00e9ponse aux obstacles de P\u00e9kin. La Commission europ\u00e9enne a d\u00e9cid\u00e9, ce vendredi 20 juin, d\u2019exclure les entreprises&hellip;\n","protected":false},"author":2,"featured_media":191319,"comment_status":"","ping_status":"","sticky":false,"template":"","format":"standard","meta":{"footnotes":""},"categories":[1586],"tags":[11,309,73,1777,674,1779,1011,27,12,25,1778,364],"class_list":{"0":"post-191318","1":"post","2":"type-post","3":"status-publish","4":"format-standard","5":"has-post-thumbnail","7":"category-europe","8":"tag-actualites","9":"tag-chine","10":"tag-etats-unis","11":"tag-eu","12":"tag-europe","13":"tag-european-union","14":"tag-fr","15":"tag-france","16":"tag-news","17":"tag-republique-francaise","18":"tag-ue","19":"tag-union-europeenne"},"share_on_mastodon":{"url":"https:\/\/pubeurope.com\/@fr\/114716553093630337","error":""},"_links":{"self":[{"href":"https:\/\/www.europesays.com\/fr\/wp-json\/wp\/v2\/posts\/191318","targetHints":{"allow":["GET"]}}],"collection":[{"href":"https:\/\/www.europesays.com\/fr\/wp-json\/wp\/v2\/posts"}],"about":[{"href":"https:\/\/www.europesays.com\/fr\/wp-json\/wp\/v2\/types\/post"}],"author":[{"embeddable":true,"href":"https:\/\/www.europesays.com\/fr\/wp-json\/wp\/v2\/users\/2"}],"replies":[{"embeddable":true,"href":"https:\/\/www.europesays.com\/fr\/wp-json\/wp\/v2\/comments?post=191318"}],"version-history":[{"count":0,"href":"https:\/\/www.europesays.com\/fr\/wp-json\/wp\/v2\/posts\/191318\/revisions"}],"wp:featuredmedia":[{"embeddable":true,"href":"https:\/\/www.europesays.com\/fr\/wp-json\/wp\/v2\/media\/191319"}],"wp:attachment":[{"href":"https:\/\/www.europesays.com\/fr\/wp-json\/wp\/v2\/media?parent=191318"}],"wp:term":[{"taxonomy":"category","embeddable":true,"href":"https:\/\/www.europesays.com\/fr\/wp-json\/wp\/v2\/categories?post=191318"},{"taxonomy":"post_tag","embeddable":true,"href":"https:\/\/www.europesays.com\/fr\/wp-json\/wp\/v2\/tags?post=191318"}],"curies":[{"name":"wp","href":"https:\/\/api.w.org\/{rel}","templated":true}]}}