{"id":191332,"date":"2025-06-20T16:16:09","date_gmt":"2025-06-20T16:16:09","guid":{"rendered":"https:\/\/www.europesays.com\/fr\/191332\/"},"modified":"2025-06-20T16:16:09","modified_gmt":"2025-06-20T16:16:09","slug":"adrien-et-veronique-rabiot-assignent-le-psg-en-justice-pour-les-insultes-au-parc-des-princes","status":"publish","type":"post","link":"https:\/\/www.europesays.com\/fr\/191332\/","title":{"rendered":"Adrien et V\u00e9ronique Rabiot assignent le PSG en justice pour les insultes au Parc des princes"},"content":{"rendered":"<p>Adrien Rabiot et sa m\u00e8re, V\u00e9ronique, qui d\u00e9fend ses int\u00e9r\u00eats ont assign\u00e9 le Paris SG en justice pour n\u2019avoir pas emp\u00each\u00e9 les banderoles injurieuses et les insultes \u00e0 leur \u00e9gard lors du Classique contre l\u2019OM.<\/p>\n<p class=\"fig-paragraph\"><a href=\"http:\/\/www.lefigaro.fr\/sports\/football\/ligue-des-champions\/ligue-des-champions-c-est-humiliant-l-inter-n-a-pas-joue-sa-finale-adrien-rabiot-ebahi-par-la-victoire-du-psg-20250602\" data-fig-type=\"NewsFlash\" data-gtm-custom-categorie=\"navigation\" data-gtm-custom-action=\"crossclick\" data-gtm-custom-label=\"Contextuel\" data-gtm-event=\"customEventSPE\" data-fig-domain=\"LEFIGARO\" target=\"_blank\" rel=\"noopener\">Adrien Rabiot<\/a>\u00a0et sa m\u00e8re V\u00e9ronique ont assign\u00e9 en justice le\u00a0<a href=\"https:\/\/www.lefigaro.fr\/sports\/football\/live\/coupe-du-monde-des-clubs\/2025\/2492331\/paris-sg-atletico-madrid\" data-fig-type=\"Live\" data-gtm-custom-categorie=\"navigation\" data-gtm-custom-action=\"crossclick\" data-gtm-custom-label=\"Contextuel\" data-gtm-event=\"customEventSPE\" data-fig-domain=\"LEFIGARO\" target=\"_blank\" rel=\"noopener\">Paris Saint-Germain<\/a>\u00a0pour n&rsquo;avoir pas emp\u00each\u00e9 les banderoles injurieuses et les insultes lors du dernier PSG-OM, a-t-on appris vendredi aupr\u00e8s de leur avocat, confirmant une information du Parisien.<\/p>\n<p class=\"fig-paragraph\">Les plaignants r\u00e9clament chacun 15.000 euros, le joueur en son nom propre et celui de son p\u00e8re d\u00e9c\u00e9d\u00e9, \u00e9galement vis\u00e9 par des insultes, ainsi que sa m\u00e8re, a expliqu\u00e9 \u00e0 l&rsquo;AFP leur avocat Romuald Palao.<\/p>\n<p class=\"fig-body-link\">\n            \u00c0 lire aussi<br \/>\n        <a class=\"fig-body-link__link\" href=\"http:\/\/www.lefigaro.fr\/sports\/football\/foot-gerald-baticle-selectionneur-des-bleuets-jusqu-en-2027-20250620\" data-fig-type=\"NewsFlash\" data-gtm-custom-categorie=\"navigation\" data-gtm-custom-action=\"crossclick\" data-gtm-custom-label=\"Contextuel\" data-gtm-event=\"customEventSPE\" data-fig-domain=\"LEFIGARO\" target=\"_blank\" rel=\"noopener\">Foot\u00a0: G\u00e9rald Baticle, s\u00e9lectionneur des Bleuets jusqu&rsquo;en 2027<br \/>\n    <\/a>\n<\/p>\n<p class=\"fig-paragraph\">Ils portent plainte devant le tribunal judiciaire de Paris au nom de l&rsquo;article 1241 du code civil sur la n\u00e9gligence caract\u00e9ris\u00e9e, qui est reproch\u00e9e au club, a-t-il pr\u00e9cis\u00e9, sp\u00e9cifiant que le premier appel \u00e9tait attendu pour le 4 novembre.<\/p>\n<p>Des banderoles et des chants insultants<\/p>\n<p class=\"fig-paragraph\">\u00abRien n&rsquo;a \u00e9t\u00e9 mis en oeuvre en r\u00e9alit\u00e9 par les clubs pour emp\u00eacher les faits de se d\u00e9rouler, et dans un enceinte publique\u00bb, a ajout\u00e9 l&rsquo;avocat des Rabiot.<\/p>\n<p class=\"fig-paragraph\">Lors du clasico\u00a0<a href=\"http:\/\/www.lefigaro.fr\/sports\/football\/ligue-1\/ligue-1-psg-om-un-classique-qui-n-en-a-plus-que-le-nom-20250317\" data-fig-type=\"NewsFlash\" data-gtm-custom-categorie=\"navigation\" data-gtm-custom-action=\"crossclick\" data-gtm-custom-label=\"Contextuel\" data-gtm-event=\"customEventSPE\" data-fig-domain=\"LEFIGARO\" target=\"_blank\" rel=\"noopener\">PSG-OM<\/a>\u00a0du 16 mars, plusieurs banderoles et chants ont vis\u00e9 Adrien Rabiot, qui avait quitt\u00e9 le PSG, son club formateur, en juin 2019 apr\u00e8s un conflit de sept mois, sa m\u00e8re qui est aussi sa conseill\u00e8re, et son p\u00e8re, d\u00e9c\u00e9d\u00e9 en janvier 2019.<\/p>\n<p class=\"fig-paragraph\">\u00abLe club a \u00e9t\u00e9 sanctionn\u00e9 par la Ligue de football professionnel (LFP) pour n&rsquo;avoir pas suffisamment assur\u00e9 la police des terrains\u00bb ce jour-l\u00e0, a rappel\u00e9 Me Palao.<\/p>\n<p class=\"fig-body-link\">\n            \u00c0 lire aussi<br \/>\n        <a class=\"fig-body-link__link\" href=\"http:\/\/www.lefigaro.fr\/sports\/football\/foot-l-ex-international-neerlandais-quincy-promes-extrade-de-dubai-vers-les-pays-bas-apres-sa-condamnation-20250620\" data-fig-type=\"NewsFlash\" data-gtm-custom-categorie=\"navigation\" data-gtm-custom-action=\"crossclick\" data-gtm-custom-label=\"Contextuel\" data-gtm-event=\"customEventSPE\" data-fig-domain=\"LEFIGARO\" target=\"_blank\" rel=\"noopener\">Foot\u00a0: l&rsquo;ex-international n\u00e9erlandais Quincy Promes extrad\u00e9 de Duba\u00ef vers les Pays-Bas apr\u00e8s sa condamnation<br \/>\n    <\/a>\n<\/p>\n<p class=\"fig-paragraph\">L&rsquo;avocat a \u00e9galement ajout\u00e9 que les Rabiot avait d\u00e9pos\u00e9 une plainte contre X avec constitution de partie civile devant le tribunal de Marseille, visant des porteurs de pancartes insultantes qui pourraient avoir \u00e9t\u00e9 identifi\u00e9s ce soir-l\u00e0 sur les images de t\u00e9l\u00e9vision. Dans cette affaire, un juge d&rsquo;instruction a \u00e9t\u00e9 d\u00e9sign\u00e9, a compl\u00e9t\u00e9 Romuald Palao.<\/p>\n<p>Une premi\u00e8re bataille gagn\u00e9e<\/p>\n<p class=\"fig-paragraph\">Dans son conflit avec le PSG, Adrien Rabiot a obtenu jeudi la requalification de ses contrats avec le PSG en CDI devant la cour d&rsquo;appel de Paris, ce qui contraint son ancien club \u00e0 lui verser 1,3 million d&rsquo;euros.<\/p>\n<p class=\"fig-paragraph\">L&rsquo;international aux 53 s\u00e9lections (6 buts) n&rsquo;avait pas prolong\u00e9 son contrat avec le PSG et avait \u00e9t\u00e9 \u00e9cart\u00e9 par le club en d\u00e9cembre 2018. Il n&rsquo;avait plus jou\u00e9 jusqu&rsquo;\u00e0 la fin de la saison.<\/p>\n<p class=\"fig-body-link\">\n            \u00c0 lire aussi<br \/>\n        <a class=\"fig-body-link__link\" href=\"http:\/\/www.lefigaro.fr\/sports\/football\/foot-quand-neymar-et-lamine-yamal-s-eclatent-ensemble-au-bresil-20250620\" data-fig-type=\"NewsFlash\" data-gtm-custom-categorie=\"navigation\" data-gtm-custom-action=\"crossclick\" data-gtm-custom-label=\"Contextuel\" data-gtm-event=\"customEventSPE\" data-fig-domain=\"LEFIGARO\" target=\"_blank\" rel=\"noopener\">Foot\u00a0: quand Neymar et Lamine Yamal s\u2019\u00e9clatent ensemble au Br\u00e9sil<br \/>\n    <\/a>\n<\/p>\n<p class=\"fig-paragraph\">Apr\u00e8s le clasico, Rabiot avait post\u00e9 sur son compte Instagram un message \u00e0 l&rsquo;adresse du PSG et de son pr\u00e9sident Nasser al-Khela\u00effi: \u00abInsulter une m\u00e8re, et un p\u00e8re d\u00e9c\u00e9d\u00e9&#8230; Tout se paye un jour. Vous ne l&#8217;emporterez pas au paradis. Croyez-moi. Nasser, tu peux avoir tout l&rsquo;argent du monde et m\u00eame plus, la classe \u00e7a ne s&rsquo;ach\u00e8te pas.\u00bb<\/p>\n<p class=\"fig-paragraph\"><strong>\u00c0 VOIR AUSSI &#8211; <\/strong>Paris SG\u00a0: quand Presnel Kimpembe et Nuno Mendes rendent visite aux Los Angeles Lakers<\/p>\n","protected":false},"excerpt":{"rendered":"Adrien Rabiot et sa m\u00e8re, V\u00e9ronique, qui d\u00e9fend ses int\u00e9r\u00eats ont assign\u00e9 le Paris SG en justice pour&hellip;\n","protected":false},"author":2,"featured_media":191333,"comment_status":"","ping_status":"","sticky":false,"template":"","format":"standard","meta":{"footnotes":""},"categories":[1412],"tags":[2329,525,1981,814,1451,2257,63,1452,1453,1454,1455,1011,27,3309,66,1307,955,1176,978,92,93,1980,60],"class_list":{"0":"post-191332","1":"post","2":"type-post","3":"status-publish","4":"format-standard","5":"has-post-thumbnail","7":"category-f1","8":"tag-adrien-rabiot","9":"tag-calendrier","10":"tag-classement","11":"tag-direct","12":"tag-f1","13":"tag-foot","14":"tag-football","15":"tag-formula-1","16":"tag-formula1","17":"tag-formule-1","18":"tag-formule1","19":"tag-fr","20":"tag-france","21":"tag-l1","22":"tag-ligue-1","23":"tag-lille","24":"tag-match","25":"tag-olympique-de-marseille","26":"tag-olympique-lyonnais","27":"tag-paris-sg","28":"tag-psg","29":"tag-resultats","30":"tag-sports"},"share_on_mastodon":{"url":"https:\/\/pubeurope.com\/@fr\/114716592310482006","error":""},"_links":{"self":[{"href":"https:\/\/www.europesays.com\/fr\/wp-json\/wp\/v2\/posts\/191332","targetHints":{"allow":["GET"]}}],"collection":[{"href":"https:\/\/www.europesays.com\/fr\/wp-json\/wp\/v2\/posts"}],"about":[{"href":"https:\/\/www.europesays.com\/fr\/wp-json\/wp\/v2\/types\/post"}],"author":[{"embeddable":true,"href":"https:\/\/www.europesays.com\/fr\/wp-json\/wp\/v2\/users\/2"}],"replies":[{"embeddable":true,"href":"https:\/\/www.europesays.com\/fr\/wp-json\/wp\/v2\/comments?post=191332"}],"version-history":[{"count":0,"href":"https:\/\/www.europesays.com\/fr\/wp-json\/wp\/v2\/posts\/191332\/revisions"}],"wp:featuredmedia":[{"embeddable":true,"href":"https:\/\/www.europesays.com\/fr\/wp-json\/wp\/v2\/media\/191333"}],"wp:attachment":[{"href":"https:\/\/www.europesays.com\/fr\/wp-json\/wp\/v2\/media?parent=191332"}],"wp:term":[{"taxonomy":"category","embeddable":true,"href":"https:\/\/www.europesays.com\/fr\/wp-json\/wp\/v2\/categories?post=191332"},{"taxonomy":"post_tag","embeddable":true,"href":"https:\/\/www.europesays.com\/fr\/wp-json\/wp\/v2\/tags?post=191332"}],"curies":[{"name":"wp","href":"https:\/\/api.w.org\/{rel}","templated":true}]}}