{"id":191337,"date":"2025-06-20T16:19:09","date_gmt":"2025-06-20T16:19:09","guid":{"rendered":"https:\/\/www.europesays.com\/fr\/191337\/"},"modified":"2025-06-20T16:19:09","modified_gmt":"2025-06-20T16:19:09","slug":"cyril-hanouna-inquiet-pour-lun-de-ses-enfants","status":"publish","type":"post","link":"https:\/\/www.europesays.com\/fr\/191337\/","title":{"rendered":"Cyril Hanouna inquiet pour l\u2019un de ses enfants"},"content":{"rendered":"<p>Invit\u00e9 d\u2019honneur d\u2019une r\u00e9ception organis\u00e9e par un club tr\u00e8s select du monde des affaires, l\u2019animateur vedette a fait part de son inqui\u00e9tude au sujet de son fils, Lino.<\/p>\n<p class=\"fig-paragraph\">Si l\u2019on conna\u00eet l\u2019homme pour ses succ\u00e8s, son go\u00fbt pour la provocation et ses sorties intempestives, on le conna\u00eet moins en revanche dans son r\u00f4le de papa.\u00a0<a href=\"http:\/\/tvmag.lefigaro.fr\/programme-tv\/actu-tele\/chroniqueurs-nouvelles-sequences-cyril-hanouna-fait-des-revelations-sur-sa-future-emission-tout-beau-tout-9-sur-w9-20250613\" target=\"_blank\" data-fig-type=\"Article\" rel=\"noopener\" data-gtm-custom-categorie=\"navigation\" data-gtm-custom-action=\"crossclick\" data-gtm-custom-label=\"Contextuel\" data-gtm-event=\"customEventSPE\" data-fig-domain=\"TVMAG\"><strong>Cyril Hanouna<\/strong><\/a> \u00a0a pourtant deux enfants, Bianca, n\u00e9e en 2011 et Lino, qui a vu le jour un an plus tard, en 2012. Le second, son fils, semble depuis quelques jours, faire l\u2019objet de toute son attention. Cyril Hanouna serait-il un papa poule, pire, un papa inquiet?<\/p>\n<p class=\"fig-paragraph\">Suffisamment en tout cas pour qu\u2019il aborde le sujet de sa prog\u00e9niture lors d\u2019un d\u00e9jeuner d\u2019affaires organis\u00e9 par le tr\u00e8s select et tr\u00e8s puissant Chinese Business Club \u00e0 l\u2019H\u00f4tel du Collectionneur \u00e0 Paris, devant une ribambelle d\u2019invit\u00e9s dont des figures de CNews Christine Kelly, Gauthier Le Bret et Sarah Saldmann. Lors de la r\u00e9ception dont il \u00e9tait l\u2019invit\u00e9 d\u2019honneur, l\u2019animateur a pris la parole, \u00e9voquant son arriv\u00e9e au sein du groupe M6, mais pas seulement.<\/p>\n<p class=\"fig-body-link\">\n            \u00c0 lire aussi<br \/>\n        <a class=\"fig-body-link__link\" href=\"http:\/\/tvmag.lefigaro.fr\/programme-tv\/actu-tele\/ils-sont-tres-gentils-mais-tout-le-monde-s-en-fout-cyril-hanouna-se-paie-lea-salame-et-hugo-clement-20250612\" data-fig-type=\"Article\" data-gtm-custom-categorie=\"navigation\" data-gtm-custom-action=\"crossclick\" data-gtm-custom-label=\"Contextuel\" data-gtm-event=\"customEventSPE\" data-fig-domain=\"TVMAG\" target=\"_blank\" rel=\"noopener\">\u00abIls sont tr\u00e8s gentils, mais tout le monde s\u2019en fout\u00a0!\u00bb\u00a0: Cyril Hanouna se paie L\u00e9a Salam\u00e9 et Hugo Cl\u00e9ment<br \/>\n    <\/a>\n<\/p>\n<p>\u00abC\u2019est tomb\u00e9 l\u00e0\u00bb<\/p>\n<p class=\"fig-paragraph\">Il a aussi confi\u00e9 avoir appris une mauvaise nouvelle au sujet de Lino, son gar\u00e7on de presque 13 ans. \u00abJ\u2019ai pas dormi de la nuit, sachez-le, a-t-il confi\u00e9, Non pas \u00e0 cause de vous. Parce que mon fils redouble, voil\u00e0. \u00c7a y est. C\u2019est tomb\u00e9 l\u00e0, c\u2019est tomb\u00e9 il y a un instant, je m\u2019en doutais, c\u2019est tomb\u00e9\u00bb. Et de se sentir tr\u00e8s soulag\u00e9 \u00e0 l\u2019annonce de cette nouvelle.<\/p>\n<p>    Cyril Hanouna avec son fils Lino en juin 2024 \u00e0 Roland-Garros<br \/>\n                ABACA<\/p>\n<p class=\"fig-paragraph\">L\u2019enfant n\u2019est ni malade, ni fugueur, ni drogu\u00e9. Il a eu des mauvaises notes. Et redouble sans soute sa cinqui\u00e8me ou sa quatri\u00e8me. Et la vedette de rench\u00e9rir\u00a0: \u00abVoil\u00e0, et il m\u2019a dit (son fils, NDLR)\u00a0: \u201cLes profs, ils sont vraiment pas chill\u201d (d\u00e9tendus en anglais, ndlr.). Voil\u00e0. Donc c\u2019est pas grave, on va reprendre \u00e7a\u00bb. Ouf\u00a0! Entre sa propre rentr\u00e9e et celle de l\u2019adolescent, il en a profit\u00e9 pour revenir sur son parcours.<\/p>\n<p class=\"fig-body-link\">\n            \u00c0 lire aussi<br \/>\n        <a class=\"fig-body-link__link\" href=\"http:\/\/tvmag.lefigaro.fr\/programme-tv\/actu-tele\/chroniqueurs-nouvelles-sequences-cyril-hanouna-fait-des-revelations-sur-sa-future-emission-tout-beau-tout-9-sur-w9-20250613\" data-fig-type=\"Article\" data-gtm-custom-categorie=\"navigation\" data-gtm-custom-action=\"crossclick\" data-gtm-custom-label=\"Contextuel\" data-gtm-event=\"customEventSPE\" data-fig-domain=\"TVMAG\" target=\"_blank\" rel=\"noopener\">Chroniqueurs, nouvelles s\u00e9quences&#8230; Les r\u00e9v\u00e9lations de Cyril Hanouna sur sa future \u00e9mission \u00abTout beau tout 9\u00bb sur W9<br \/>\n    <\/a>\n<\/p>\n<p class=\"fig-paragraph\">\u00abSachez que j\u2019ai jamais voulu \u00eatre c\u00e9l\u00e8bre. Pour le coup, je me suis un peu loup\u00e9. Le seul truc que je voulais \u00eatre, moi, c\u2019\u00e9tait riche. Mais riche, dans tous les sens du terme. Je voulais \u00eatre riche (\u2026) Donc, j\u2019ai commenc\u00e9, je me suis dit, tiens, je vais aller vendre des chemises sur le march\u00e9. Au bout de quatre march\u00e9s, je me suis rendu compte que je serais pas riche comme \u00e7a\u00bb, a-t-il l\u00e2ch\u00e9 devant le parterre d\u2019affairistes.\u00a0P\u00e8re et fils n\u2019ont plus qu\u2019\u00e0 s\u2019offrir des cahiers de vacances.<\/p>\n","protected":false},"excerpt":{"rendered":"Invit\u00e9 d\u2019honneur d\u2019une r\u00e9ception organis\u00e9e par un club tr\u00e8s select du monde des affaires, l\u2019animateur vedette a fait&hellip;\n","protected":false},"author":2,"featured_media":191338,"comment_status":"","ping_status":"","sticky":false,"template":"","format":"standard","meta":{"footnotes":""},"categories":[1359],"tags":[976,1000,1083,58,59,1011,27,1714,1718,1713,973,1717,1715,1716],"class_list":{"0":"post-191337","1":"post","2":"type-post","3":"status-publish","4":"format-standard","5":"has-post-thumbnail","7":"category-people","8":"tag-actu-people","9":"tag-celebrites","10":"tag-cyril-hanouna","11":"tag-divertissement","12":"tag-entertainment","13":"tag-fr","14":"tag-france","15":"tag-info-people","16":"tag-infos-people-du-jour","17":"tag-news-people","18":"tag-people","19":"tag-photo-people","20":"tag-potins-de-stars","21":"tag-potins-people"},"share_on_mastodon":{"url":"https:\/\/pubeurope.com\/@fr\/114716604037307648","error":""},"_links":{"self":[{"href":"https:\/\/www.europesays.com\/fr\/wp-json\/wp\/v2\/posts\/191337","targetHints":{"allow":["GET"]}}],"collection":[{"href":"https:\/\/www.europesays.com\/fr\/wp-json\/wp\/v2\/posts"}],"about":[{"href":"https:\/\/www.europesays.com\/fr\/wp-json\/wp\/v2\/types\/post"}],"author":[{"embeddable":true,"href":"https:\/\/www.europesays.com\/fr\/wp-json\/wp\/v2\/users\/2"}],"replies":[{"embeddable":true,"href":"https:\/\/www.europesays.com\/fr\/wp-json\/wp\/v2\/comments?post=191337"}],"version-history":[{"count":0,"href":"https:\/\/www.europesays.com\/fr\/wp-json\/wp\/v2\/posts\/191337\/revisions"}],"wp:featuredmedia":[{"embeddable":true,"href":"https:\/\/www.europesays.com\/fr\/wp-json\/wp\/v2\/media\/191338"}],"wp:attachment":[{"href":"https:\/\/www.europesays.com\/fr\/wp-json\/wp\/v2\/media?parent=191337"}],"wp:term":[{"taxonomy":"category","embeddable":true,"href":"https:\/\/www.europesays.com\/fr\/wp-json\/wp\/v2\/categories?post=191337"},{"taxonomy":"post_tag","embeddable":true,"href":"https:\/\/www.europesays.com\/fr\/wp-json\/wp\/v2\/tags?post=191337"}],"curies":[{"name":"wp","href":"https:\/\/api.w.org\/{rel}","templated":true}]}}