{"id":19134,"date":"2025-04-12T05:19:13","date_gmt":"2025-04-12T05:19:13","guid":{"rendered":"https:\/\/www.europesays.com\/fr\/19134\/"},"modified":"2025-04-12T05:19:13","modified_gmt":"2025-04-12T05:19:13","slug":"mais-pourquoi-le-cours-de-lor-est-il-en-train-de-crever-le-plafond","status":"publish","type":"post","link":"https:\/\/www.europesays.com\/fr\/19134\/","title":{"rendered":"Mais pourquoi le cours de l\u2019or est-il en train de crever le plafond\u00a0?"},"content":{"rendered":"<p>L\u2019or n\u2019a <a href=\"https:\/\/www.20minutes.fr\/societe\/4146278-20250331-lingots-pieces-or-bijoux-tresors-incroyables-decouverts-hasard-france\" target=\"_blank\" class=\"color-ultramarine c-link\" rel=\"noopener\">jamais \u00e9t\u00e9 aussi cher<\/a>. Mercredi, le cours du m\u00e9tal jaune a atteint un nouveau record de 3.175 dollars l\u2019once\u00a0: une hausse de plus de 20\u00a0% depuis le d\u00e9but de l\u2019ann\u00e9e.<\/p>\n<p>Une envol\u00e9e spectaculaire qui s\u2019explique avant tout par un climat d\u2019incertitude \u00e9conomique et g\u00e9opolitique, fortement amplifi\u00e9 par <a href=\"https:\/\/www.20minutes.fr\/monde\/etats-unis\/4147912-20250410-droits-douane-etats-unis-apres-pause-trump-volte-face-spectaculaire-bourse-new-york\" target=\"_blank\" class=\"color-ultramarine c-link\" rel=\"noopener\">les d\u00e9cisions de Donald Trump sur les droits de douane<\/a> dans le monde entier pour les produits entrants aux Etats-Unis.<\/p>\n<\/p>\n<p>Le dollar affaibli mais l\u2019or \u00e9pargn\u00e9<\/p>\n<p>\u00c0 la diff\u00e9rence de nombreux produits industriels ou technologiques, les m\u00e9taux pr\u00e9cieux, parmi lesquels l\u2019or, ont \u00e9t\u00e9 exclus de ces taxes. Un choix logique selon l\u2019analyste Frank Watson interrog\u00e9 par l\u2019AFP\u00a0: \u00ab\u00a0Jusqu\u2019\u00e0 pr\u00e9sent, les m\u00e9taux pr\u00e9cieux ont \u00e9t\u00e9 exempt\u00e9s des droits de douane am\u00e9ricains\u00a0\u00bb, qui visent avant tout \u00ab\u00a0\u00e0 stimuler les industries am\u00e9ricaines\u00a0\u00bb Et c\u2019est vrai\u00a0: Taxer l\u2019or ne soutiendrait ni l\u2019\u00e9conomie ni la production am\u00e9ricaine. R\u00e9sultat\u00a0: l\u2019or reste un actif internationalement neutre, prot\u00e9g\u00e9 des tensions douani\u00e8res.<\/p>\n<p>Les tarifs douaniers risquent de faire monter les prix, ce qui affaiblit le dollar et rend les placements classiques moins int\u00e9ressants. L\u2019or, lui, reste une valeur refuge face \u00e0 l\u2019inflation et \u00e0 l\u2019instabilit\u00e9.<\/p>\n<p>\u00ab\u00a0Quand la confiance dans les banques ou les \u00c9tats faiblit, l\u2019or reste une valeur s\u00fbre\u00a0\u00bb<\/p>\n<p>Les march\u00e9s parient d\u00e9sormais sur une baisse des taux d\u2019int\u00e9r\u00eat de la R\u00e9serve f\u00e9d\u00e9rale am\u00e9ricaine (Fed) d\u00e8s le mois de juin, afin de soutenir l\u2019\u00e9conomie am\u00e9ricaine menac\u00e9e par le ralentissement. Cette perspective rend l\u2019or encore plus attractif, car son absence de rendement devient moins p\u00e9nalisante quand les taux sont bas.<\/p>\n<p>Et puis, l\u2019or s\u00e9duit aussi parce qu\u2019il s\u2019agit d\u2019un actif tangible, rare, non corrosif, utilis\u00e9 en joaillerie, dans l\u2019industrie ainsi que comme r\u00e9serve de valeur. \u00ab\u00a0Lorsque les investisseurs et les \u00e9pargnants perdent confiance dans les gouvernements, les institutions, les banques, [\u2026] les gens veulent un actif tangible qu\u2019ils peuvent poss\u00e9der\u00a0\u00bb rappelle \u00e0 l\u2019AFP John Reade, du Conseil mondial de l\u2019or (CMO). Une valeur s\u00fbre en somme.<\/p>\n<p>Une \u00ab\u00a0tendance\u00a0\u00bb qui pourrait durer<\/p>\n<p>Ce n\u2019est pas seulement une tendance boursi\u00e8re\u00a0: les banques centrales du monde entier ont renforc\u00e9 leurs stocks d\u2019or. En\u00a02024 et pour la troisi\u00e8me ann\u00e9e cons\u00e9cutive, elles ont achet\u00e9 plus de 1.000 tonnes. Une strat\u00e9gie qui fait suite \u00e0 l\u2019invasion de l\u2019<a href=\"https:\/\/www.20minutes.fr\/monde\/ukraine\/\" class=\"color-ultramarine c-link\" target=\"_blank\" rel=\"noopener\">Ukraine<\/a> et aux sanctions contre la <a href=\"https:\/\/www.20minutes.fr\/monde\/russie\/\" class=\"color-ultramarine c-link\" target=\"_blank\" rel=\"noopener\">Russie<\/a>, parmi lesquelles le gel des avoirs en devises \u00e9trang\u00e8res qui avait incit\u00e9 d\u2019autres pays \u00e0 diversifier leurs r\u00e9serves.<\/p>\n<p><a href=\"https:\/\/www.20minutes.fr\/dossier\/or\" class=\"c-link c-btn c-btn--primary\" target=\"_blank\" rel=\"noopener\">Notre dossier sur l&rsquo;or<\/a><\/p>\n<p>Selon le Wells Fargo Investment Institute, le prix de l\u2019or pourrait continuer \u00e0 grimper dans les mois \u00e0 venir, pour atteindre 3.200 dollars d\u2019ici fin\u00a02025. En cause\u00a0: les doutes sur la strat\u00e9gie commerciale am\u00e9ricaine, mais aussi le besoin croissant de s\u00e9curit\u00e9 financi\u00e8re pour les \u00c9tats comme pour les \u00e9pargnants.<\/p>\n","protected":false},"excerpt":{"rendered":"L\u2019or n\u2019a jamais \u00e9t\u00e9 aussi cher. Mercredi, le cours du m\u00e9tal jaune a atteint un nouveau record de&hellip;\n","protected":false},"author":2,"featured_media":19135,"comment_status":"","ping_status":"","sticky":false,"template":"","format":"standard","meta":{"footnotes":""},"categories":[6],"tags":[47,35,7511,75,33,34,73,7512,1011,27,2425,74,5190,132],"class_list":{"0":"post-19134","1":"post","2":"type-post","3":"status-publish","4":"format-standard","5":"has-post-thumbnail","7":"category-economie","8":"tag-actualite","9":"tag-business","10":"tag-dollar","11":"tag-donald-trump","12":"tag-economie","13":"tag-economy","14":"tag-etats-unis","15":"tag-fed","16":"tag-fr","17":"tag-france","18":"tag-luxe","19":"tag-monde","20":"tag-or","21":"tag-russie"},"share_on_mastodon":{"url":"https:\/\/pubeurope.com\/@fr\/114323309695957522","error":""},"_links":{"self":[{"href":"https:\/\/www.europesays.com\/fr\/wp-json\/wp\/v2\/posts\/19134","targetHints":{"allow":["GET"]}}],"collection":[{"href":"https:\/\/www.europesays.com\/fr\/wp-json\/wp\/v2\/posts"}],"about":[{"href":"https:\/\/www.europesays.com\/fr\/wp-json\/wp\/v2\/types\/post"}],"author":[{"embeddable":true,"href":"https:\/\/www.europesays.com\/fr\/wp-json\/wp\/v2\/users\/2"}],"replies":[{"embeddable":true,"href":"https:\/\/www.europesays.com\/fr\/wp-json\/wp\/v2\/comments?post=19134"}],"version-history":[{"count":0,"href":"https:\/\/www.europesays.com\/fr\/wp-json\/wp\/v2\/posts\/19134\/revisions"}],"wp:featuredmedia":[{"embeddable":true,"href":"https:\/\/www.europesays.com\/fr\/wp-json\/wp\/v2\/media\/19135"}],"wp:attachment":[{"href":"https:\/\/www.europesays.com\/fr\/wp-json\/wp\/v2\/media?parent=19134"}],"wp:term":[{"taxonomy":"category","embeddable":true,"href":"https:\/\/www.europesays.com\/fr\/wp-json\/wp\/v2\/categories?post=19134"},{"taxonomy":"post_tag","embeddable":true,"href":"https:\/\/www.europesays.com\/fr\/wp-json\/wp\/v2\/tags?post=19134"}],"curies":[{"name":"wp","href":"https:\/\/api.w.org\/{rel}","templated":true}]}}