{"id":191349,"date":"2025-06-20T16:25:14","date_gmt":"2025-06-20T16:25:14","guid":{"rendered":"https:\/\/www.europesays.com\/fr\/191349\/"},"modified":"2025-06-20T16:25:14","modified_gmt":"2025-06-20T16:25:14","slug":"a-11-ans-elle-guerit-dun-cancer-rare-puis-meurt-a-cause-dune-surdose-de-medicaments","status":"publish","type":"post","link":"https:\/\/www.europesays.com\/fr\/191349\/","title":{"rendered":"\u00c0 11 ans, elle gu\u00e9rit d&rsquo;un cancer rare puis meurt \u00e0 cause d&rsquo;une surdose de m\u00e9dicaments"},"content":{"rendered":"<p>Elle avait vaincu le cancer. En octobre 2020, Ava Wilson retourne \u00e0 l&rsquo;h\u00f4pital alors qu&rsquo;elle se remet d&rsquo;une leuc\u00e9mie lymphoblastique \u00e0 pr\u00e9curseurs B. <a data-i13n=\"cpos:1;pos:1\" href=\"https:\/\/www.orpha.net\/fr\/disease\/detail\/99860#:~:text=Leuc%C3%A9mie%20lymphoblastique%20aigu%C3%AB%20rare%2C%20caract%C3%A9ris%C3%A9e,marqueurs%20CD19%2C%20cCD79a%20et%20cCD22.\" rel=\"nofollow noopener\" target=\"_blank\" data-ylk=\"slk:Le site Orphanet;cpos:1;pos:1;elm:context_link;itc:0;sec:content-canvas\" class=\"link \">Le site Orphanet<\/a> consacr\u00e9 aux maladies rares pr\u00e9cise que la leuc\u00e9mie lymphoblastique aigu\u00eb rare se caract\u00e9rise par \u00ab\u00a0la prolif\u00e9ration de blastes de taille petite \u00e0 moyenne dans la moelle osseuse et le sang p\u00e9riph\u00e9rique, dont les lymphocytes B expriment g\u00e9n\u00e9ralement les marqueurs CD19, cCD79a et cCD22\u00a0\u00bb.<\/p>\n<p>Les patients qui souffrent de cette forme de leuc\u00e9mie pr\u00e9sentent des douleurs osseuses, des signes d&rsquo;insuffisance de la moelle osseuse et un nombre de leucocytes variable.<\/p>\n<p><strong>LIRE AUSSI &gt;&gt; <\/strong><a data-i13n=\"cpos:2;pos:1\" href=\"https:\/\/fr.news.yahoo.com\/cette-celebre-boisson-pourrait-augmenter-le-risque-de-cancer-du-sang-124838501.html\" data-ylk=\"slk:Cette c\u00e9l\u00e8bre boisson pourrait augmenter le risque de cancer du sang;cpos:2;pos:1;elm:context_link;itc:0;sec:content-canvas;outcm:mb_qualified_link;_E:mb_qualified_link;ct:story;\" class=\"link  yahoo-link\" rel=\"nofollow noopener\" target=\"_blank\">Cette c\u00e9l\u00e8bre boisson pourrait augmenter le risque de cancer du sang<\/a><\/p>\n<p>La petite fille se rend alors \u00e0 l\u2019Advocate Children\u2019s Hospital d\u2019Oak Lawn (\u00c9tats-Unis). Lors de ce rendez-vous, elle pleurait de douleur et avait du mal \u00e0 marcher, selon les avocats de sa famille cit\u00e9s par <a data-i13n=\"cpos:3;pos:1\" href=\"https:\/\/www.cbsnews.com\/chicago\/news\/jury-verdict-ava-wilson-death-morphine-levels-advocate-childrens-hospital\/\" rel=\"nofollow noopener\" target=\"_blank\" data-ylk=\"slk:CBS;cpos:3;pos:1;elm:context_link;itc:0;sec:content-canvas\" class=\"link \">CBS<\/a>. Elle r\u00e9alise alors plusieurs analyses sanguines qui r\u00e9v\u00e8lent une faible num\u00e9ration plaquettaire, une faible num\u00e9ration globulaire, un taux \u00e9lev\u00e9 d&rsquo;enzymes h\u00e9patiques et une hypotension art\u00e9rielle. La fillette de 11 ans rentre alors chez elle avec une prescription de morphine.<\/p>\n<p>Une intoxication aigu\u00eb<\/p>\n<p>Mais la prescription m\u00e9dicale est erron\u00e9e et la dose \u00e0 administrer est beaucoup trop forte pour l&rsquo;enfant. En effet, elle doit prendre 15 milligrammes de morphine toutes les quatre heures, soit le triple de ses pr\u00e9c\u00e9dentes prescriptions. De plus, l\u2019infirmi\u00e8re a \u00e9galement augment\u00e9 sa prescription de gabapentine, un m\u00e9dicament utilis\u00e9 pour traiter les crises d\u2019\u00e9pilepsie.<\/p>\n<p>Environ 36 heures apr\u00e8s son retour \u00e0 la maison, elle d\u00e9c\u00e8de dans son sommeil \u00e0 cause d&rsquo;une intoxication aigu\u00eb \u00e0 plusieurs substances. Les analyses montrent des niveaux mortels de morphine dans son organisme au moment de son d\u00e9c\u00e8s.<\/p>\n<p><strong>LIRE AUSSI &gt;&gt; <\/strong><a data-i13n=\"cpos:4;pos:1\" href=\"https:\/\/fr.news.yahoo.com\/sous-le-choc-les-medecins-lui-decouvrent-un-cancer-si-rare-quil-ne-porte-pas-encore-de-nom-095203806.html\" data-ylk=\"slk:Sous le choc, les m\u00e9decins lui d\u00e9couvrent un cancer si rare qu&#039;il ne porte pas encore de nom;cpos:4;pos:1;elm:context_link;itc:0;sec:content-canvas;outcm:mb_qualified_link;_E:mb_qualified_link;ct:story;\" class=\"link  yahoo-link\" rel=\"nofollow noopener\" target=\"_blank\">Sous le choc, les m\u00e9decins lui d\u00e9couvrent un cancer si rare qu&rsquo;il ne porte pas encore de nom<\/a><\/p>\n<p>Les avocats de la famille assurent que l&rsquo;h\u00f4pital aurait d\u00fb admettre Ava afin de contr\u00f4ler sa tension art\u00e9rielle et traiter la cause de sa douleur plut\u00f4t que de la renvoyer chez elle avec des m\u00e9dicaments. Lors d&rsquo;un proc\u00e8s civil, un jury a accord\u00e9 \u00e0 sa famille 20,5 millions de dollars de dommages et int\u00e9r\u00eats. \u00ab\u00a0Bien que rien ne puisse apaiser la profondeur de la douleur des proches d&rsquo;Ava, la famille appr\u00e9cie que le jury ait reconnu que la mort d&rsquo;Ava \u00e9tait \u00e9vitable et qu&rsquo;elle devrait encore \u00eatre avec eux aujourd&rsquo;hui\u00a0\u00bb, a d\u00e9clar\u00e9 l&rsquo;avocat Aaron Boeder.<\/p>\n","protected":false},"excerpt":{"rendered":"Elle avait vaincu le cancer. En octobre 2020, Ava Wilson retourne \u00e0 l&rsquo;h\u00f4pital alors qu&rsquo;elle se remet d&rsquo;une&hellip;\n","protected":false},"author":2,"featured_media":191350,"comment_status":"","ping_status":"","sticky":false,"template":"","format":"standard","meta":{"footnotes":""},"categories":[10],"tags":[101,21916,1011,27,72,33003,33001,33002,71],"class_list":{"0":"post-191349","1":"post","2":"type-post","3":"status-publish","4":"format-standard","5":"has-post-thumbnail","7":"category-sante","8":"tag-cancer","9":"tag-cancer-du-sang","10":"tag-fr","11":"tag-france","12":"tag-health","13":"tag-intoxication-aigue","14":"tag-leucemie-lymphoblastique","15":"tag-prescription-medicale","16":"tag-sante"},"share_on_mastodon":{"url":"https:\/\/pubeurope.com\/@fr\/114716627689238150","error":""},"_links":{"self":[{"href":"https:\/\/www.europesays.com\/fr\/wp-json\/wp\/v2\/posts\/191349","targetHints":{"allow":["GET"]}}],"collection":[{"href":"https:\/\/www.europesays.com\/fr\/wp-json\/wp\/v2\/posts"}],"about":[{"href":"https:\/\/www.europesays.com\/fr\/wp-json\/wp\/v2\/types\/post"}],"author":[{"embeddable":true,"href":"https:\/\/www.europesays.com\/fr\/wp-json\/wp\/v2\/users\/2"}],"replies":[{"embeddable":true,"href":"https:\/\/www.europesays.com\/fr\/wp-json\/wp\/v2\/comments?post=191349"}],"version-history":[{"count":0,"href":"https:\/\/www.europesays.com\/fr\/wp-json\/wp\/v2\/posts\/191349\/revisions"}],"wp:featuredmedia":[{"embeddable":true,"href":"https:\/\/www.europesays.com\/fr\/wp-json\/wp\/v2\/media\/191350"}],"wp:attachment":[{"href":"https:\/\/www.europesays.com\/fr\/wp-json\/wp\/v2\/media?parent=191349"}],"wp:term":[{"taxonomy":"category","embeddable":true,"href":"https:\/\/www.europesays.com\/fr\/wp-json\/wp\/v2\/categories?post=191349"},{"taxonomy":"post_tag","embeddable":true,"href":"https:\/\/www.europesays.com\/fr\/wp-json\/wp\/v2\/tags?post=191349"}],"curies":[{"name":"wp","href":"https:\/\/api.w.org\/{rel}","templated":true}]}}