{"id":191351,"date":"2025-06-20T16:26:19","date_gmt":"2025-06-20T16:26:19","guid":{"rendered":"https:\/\/www.europesays.com\/fr\/191351\/"},"modified":"2025-06-20T16:26:19","modified_gmt":"2025-06-20T16:26:19","slug":"john-textor-aurait-tranche-pour-ses-parts-a-crystal-palace","status":"publish","type":"post","link":"https:\/\/www.europesays.com\/fr\/191351\/","title":{"rendered":"John Textor aurait tranch\u00e9 pour ses parts \u00e0 Crystal Palace"},"content":{"rendered":"<p>                            <img width=\"770\" height=\"433\" src=\"https:\/\/www.europesays.com\/fr\/wp-content\/uploads\/2025\/06\/000_32CX4ED-770x433.jpg\" class=\"attachment-article size-article wp-post-image\" alt=\"John Textor lors de la conf\u00e9rence de presse de l'OL\" decoding=\"async\" fetchpriority=\"high\"  \/><\/p>\n<p>John Textor lors de la conf\u00e9rence de presse de l\u2019OL (Photo by OLIVIER CHASSIGNOLE \/ AFP)<\/p>\n<p>Parmi les offres re\u00e7ues, John Textor aurait act\u00e9 celle du rachat de ses parts \u00e0 Crystal Palace. Woody\u00a0Johnson, propri\u00e9taire des New York Jets, serait l&rsquo;heureux \u00e9lu.<\/p>\n<p>Se rapproche-t-on d&rsquo;un d\u00e9nouement dans ce feuilleton qui s&rsquo;\u00e9tire depuis plus d&rsquo;un an, et qui a connu moult p\u00e9rip\u00e9ties ? Selon <a href=\"https:\/\/www.theguardian.com\/football\/2025\/jun\/19\/crystal-palaces-europa-league-hopes-increase-as-johnson-closes-on-190m-deal\" rel=\"nofollow noopener\" target=\"_blank\">The Guardian<\/a>, la r\u00e9ponse est oui. Voil\u00e0 une semaine, la presse britannique r\u00e9v\u00e9lait que John <strong>Textor <\/strong>avait <a href=\"https:\/\/www.olympique-et-lyonnais.com\/crystal-palace-john-textor-ol-aurait-recu-deux-offres-pour-ses-parts,365553.html\" target=\"_blank\" rel=\"noopener\">re\u00e7u deux propositions <\/a>pour ses parts dans Crystal Palace. L&rsquo;une venait de Woody\u00a0<strong>Johnson<\/strong>, propri\u00e9taire de la franchise NFL des New York Jets. L&rsquo;autre d&rsquo;un consortium incluant Jimmy\u00a0<strong>Butler,<\/strong>\u00a0joueur des Golden State Warriors en NBA.<\/p>\n<p>Or, le m\u00e9dia anglais a r\u00e9v\u00e9l\u00e9 jeudi que c&rsquo;est le premier nomm\u00e9 qui aurait remport\u00e9 la mise. Il serait plus pr\u00e9cis\u00e9ment sur le point de conclure un accord pour les actions (43%) d\u00e9tenues par le patron d&rsquo;Eagle Football Holding (EFH). Une offre de 190 millions de livres sterling, soit 223 millions d\u2019euros. <\/p>\n<p>Textor sous pression des copropri\u00e9taires ?<\/p>\n<p>Si la somme est inf\u00e9rieure \u00e0 la valorisation initiale, qui \u00e9tait de 281 millions d&rsquo;euros, Textor doit aussi faire face \u00e0 la pression du temps qui passe. L&rsquo;Olympique lyonnais passera <a href=\"https:\/\/www.olympique-et-lyonnais.com\/ol-textor-lassure-tout-est-bon-financierement,366763.html\" target=\"_blank\" rel=\"noopener\">devant la DNCG<\/a> mardi, et cette vente figure parmi les options mises sur la table pour am\u00e9liorer sa situation financi\u00e8re. En Angleterre, les autres copropri\u00e9taires, et notamment Steve\u00a0<strong>Parish<\/strong>, mettrait \u00e9galement la pression sur l&rsquo;Am\u00e9ricain.<\/p>\n<p>Il faut dire que la formation londonienne doit se d\u00e9partir d&rsquo;une situation qui le priverait \u00e0 l&rsquo;instant T d&rsquo;une participation \u00e0 la Ligue Europa. L&rsquo;UEFA surveille de pr\u00e8s ces \u00e9v\u00e9nements, car elle interdit la participation \u00e0 une m\u00eame comp\u00e9tition de deux clubs ayant <a href=\"https:\/\/www.olympique-et-lyonnais.com\/sur-fond-dol-crystal-palace-l-uefa-fait-une-premiere-victime,366213.html\" target=\"_blank\" rel=\"noopener\">les m\u00eames propri\u00e9taires<\/a>. Et m\u00eame si Textor n&rsquo;est pas majoritaire chez les Eagles, l&rsquo;institution europ\u00e9enne <a href=\"https:\/\/www.olympique-et-lyonnais.com\/ol-ligue-europa-crystal-palace-retoque-par-luefa,364722.html\" target=\"_blank\" rel=\"noopener\">semble d\u00e9cid\u00e9e \u00e0 s\u00e9vir<\/a>. Mais une vente de ses parts viendrait r\u00e9gler le probl\u00e8me.<\/p>\n<p>Quid de la suite en Angleterre pour Eagle ?<\/p>\n<p>Encore faut-il que cette cession soit effective. Et pour cela, il convient d&rsquo;attendre une communication officielle. Rappelons qu&rsquo;EFH a fait un premier pas vers son entr\u00e9e <a href=\"https:\/\/www.olympique-et-lyonnais.com\/ol-eagle-football-fait-un-pas-de-plus-pour-son-entree-en-bourse,365816.html\" target=\"_blank\" rel=\"noopener\">en bourse<\/a> vendredi dernier. A priori sans \u00e9quipe anglaise en son sein, m\u00eame si Eagle Football ne perdrait pas de vue son ambition d&rsquo;en poss\u00e9der une \u00e0 l&rsquo;avenir.<\/p>\n","protected":false},"excerpt":{"rendered":"John Textor lors de la conf\u00e9rence de presse de l\u2019OL (Photo by OLIVIER CHASSIGNOLE \/ AFP) Parmi les&hellip;\n","protected":false},"author":2,"featured_media":191352,"comment_status":"","ping_status":"","sticky":false,"template":"","format":"standard","meta":{"footnotes":""},"categories":[9],"tags":[25114,1011,27,60,12429],"class_list":{"0":"post-191351","1":"post","2":"type-post","3":"status-publish","4":"format-standard","5":"has-post-thumbnail","7":"category-sports","8":"tag-crystal-palace","9":"tag-fr","10":"tag-france","11":"tag-sports","12":"tag-textor"},"share_on_mastodon":{"url":"https:\/\/pubeurope.com\/@fr\/114716631739383955","error":""},"_links":{"self":[{"href":"https:\/\/www.europesays.com\/fr\/wp-json\/wp\/v2\/posts\/191351","targetHints":{"allow":["GET"]}}],"collection":[{"href":"https:\/\/www.europesays.com\/fr\/wp-json\/wp\/v2\/posts"}],"about":[{"href":"https:\/\/www.europesays.com\/fr\/wp-json\/wp\/v2\/types\/post"}],"author":[{"embeddable":true,"href":"https:\/\/www.europesays.com\/fr\/wp-json\/wp\/v2\/users\/2"}],"replies":[{"embeddable":true,"href":"https:\/\/www.europesays.com\/fr\/wp-json\/wp\/v2\/comments?post=191351"}],"version-history":[{"count":0,"href":"https:\/\/www.europesays.com\/fr\/wp-json\/wp\/v2\/posts\/191351\/revisions"}],"wp:featuredmedia":[{"embeddable":true,"href":"https:\/\/www.europesays.com\/fr\/wp-json\/wp\/v2\/media\/191352"}],"wp:attachment":[{"href":"https:\/\/www.europesays.com\/fr\/wp-json\/wp\/v2\/media?parent=191351"}],"wp:term":[{"taxonomy":"category","embeddable":true,"href":"https:\/\/www.europesays.com\/fr\/wp-json\/wp\/v2\/categories?post=191351"},{"taxonomy":"post_tag","embeddable":true,"href":"https:\/\/www.europesays.com\/fr\/wp-json\/wp\/v2\/tags?post=191351"}],"curies":[{"name":"wp","href":"https:\/\/api.w.org\/{rel}","templated":true}]}}