{"id":191355,"date":"2025-06-20T16:28:18","date_gmt":"2025-06-20T16:28:18","guid":{"rendered":"https:\/\/www.europesays.com\/fr\/191355\/"},"modified":"2025-06-20T16:28:18","modified_gmt":"2025-06-20T16:28:18","slug":"meta-devoile-ses-nouvelles-lunettes-connectees-concues-avec-cette-marque-de-sport-tres-tendance","status":"publish","type":"post","link":"https:\/\/www.europesays.com\/fr\/191355\/","title":{"rendered":"Meta d\u00e9voile ses nouvelles lunettes connect\u00e9es, con\u00e7ues avec cette marque de sport tr\u00e8s tendance"},"content":{"rendered":"<p>Apr\u00e8s plusieurs mois de rumeurs, Meta vient d\u2019annoncer ses nouvelles connect\u00e9es, con\u00e7ues cette fois en partenariat avec la marque de lunettes de sport Oakley. <\/p>\n<p><a target=\"_blank\" href=\"https:\/\/images.frandroid.com\/wp-content\/uploads\/2025\/06\/sans-titre-1-2.jpg\" class=\"article-content__figure\" rel=\"nofollow noopener\"><img fetchpriority=\"high\" decoding=\"async\" loading=\"eager\" width=\"1200\" height=\"800\" src=\"https:\/\/www.europesays.com\/fr\/wp-content\/uploads\/2025\/06\/sans-titre-1-2.jpg\" alt=\"Les Meta Oakley HSTN et Kylian Mbappe\" class=\"wp-image-2655989 wp-image wp-image\"  \/><\/a>Les Meta Oakley HSTN et Kylian Mbappe \/\/ Source : Meta<\/p>\n<p>L\u2019annonce \u00e9tait attendue depuis les <a href=\"https:\/\/www.frandroid.com\/marques\/meta\/2478964_meta-preparerait-des-lunettes-connectees-pour-le-sport-en-partenariat-avec-cette-marque-bien-connue\" rel=\"nofollow noopener\" target=\"_blank\">premi\u00e8res rumeurs en janvier dernier<\/a>. Apr\u00e8s avoir commenc\u00e9 le <a href=\"https:\/\/www.frandroid.com\/marques\/meta\/2650569_meta-veut-aller-chasser-les-sportifs-avec-des-nouvelles-lunettes-connectees-oakley\" rel=\"nofollow noopener\" target=\"_blank\">teasing de son partenariat<\/a> avec la marque d\u2019\u00e9quipements sportifs Oakley il y a quelques jours, Meta a finalement d\u00e9voil\u00e9 ses lunettes connect\u00e9es ce vendredi. <\/p>\n<p class=\"shortcode-container see-more\">\n    Pour aller plus loin<br \/><a href=\"https:\/\/www.frandroid.com\/marques\/meta\/2503477_test-des-ray-ban-meta-un-couteau-suisse-numerique-sur-le-nez\" rel=\"nofollow noopener\" target=\"_blank\">Test des Ray-Ban Meta : un couteau suisse num\u00e9rique sur le nez<\/a>\n            <\/p>\n<p>Ces nouvelles Oakley Meta HSTN viennent donc prolonger le partenariat et le groupe optique Luxottica, propri\u00e9taire des marques Ray-Ban et Oakley, en ajoutant un nouveau design de lunettes connect\u00e9es en plus des <a href=\"https:\/\/www.frandroid.com\/marques\/meta\/2503477_test-des-ray-ban-meta-un-couteau-suisse-numerique-sur-le-nez\" rel=\"nofollow noopener\" target=\"_blank\">Ray-Ban Meta<\/a>. Ce nouveau design est logiquement bas\u00e9 sur les Oakley HSTN, avec un design nettement plus lifestyle que les lunettes de cyclisme Sphaera. <\/p>\n<p>Si d\u2019aucuns auraient pu esp\u00e9rer l\u2019int\u00e9gration de fonctionnalit\u00e9s sp\u00e9cialement d\u00e9di\u00e9es au sport ou \u00e0 la sant\u00e9 sur les nouvelles Oakley Meta HSTN, il n\u2019en est rien. Pas d\u2019analyse de la <a href=\"https:\/\/www.frandroid.com\/produits-android\/accessoires-objets-connectes\/montres-connectees-2\/2012074_montre-de-sport-ceinture-cardio-brassard-comment-mesurer-precisement-votre-frequence-cardiaque-durant-le-sport\" rel=\"nofollow noopener\" target=\"_blank\">fr\u00e9quence cardiaque<\/a>, pas d\u2019\u00e9cran pour consulter ses donn\u00e9es. Ici, les Oakley Meta HSTN reprennent en fait les m\u00eames fonctionnalit\u00e9s que les Ray-Ban Meta\u2026 mais avec un look diff\u00e9rent. <\/p>\n<p><a target=\"_blank\" href=\"https:\/\/images.frandroid.com\/wp-content\/uploads\/2025\/06\/expressive-render-d-scaled.jpg\" class=\"article-content__figure\" rel=\"nofollow noopener\"><img loading=\"lazy\" decoding=\"async\" width=\"1200\" height=\"712\" src=\"https:\/\/www.europesays.com\/fr\/wp-content\/uploads\/2025\/06\/expressive-render-d-1200x712.jpg\" alt=\"\" class=\"wp-image-2655987 wp-image\"  \/><\/a>Les Meta Oakley HSTN \/\/ Source : Meta<\/p>\n<p>Concr\u00e8tement, les Oakley Meta HSTN int\u00e8grent ainsi une cam\u00e9ra <a href=\"https:\/\/www.frandroid.com\/produits-android\/photo\/appareil-photo\/1389315_objectifs-photo-tout-comprendre-aux-differents-types-dobjectifs-pour-bien-choisir\" rel=\"nofollow noopener\" target=\"_blank\">grand-angle<\/a> de <a href=\"https:\/\/www.frandroid.com\/produits-android\/photo\/894453_tout-comprendre-des-capteurs-de-vos-appareils-photo-et-smartphones\" rel=\"nofollow noopener\" target=\"_blank\">12 m\u00e9gapixels<\/a> pour prendre des photos ou des vid\u00e9os en 3K, mais aussi demander \u00e0 Meta AI des renseignements sur ce que l\u2019on est en train de regarder. Les lunettes profitent \u00e9galement de cinq micros et de deux haut-parleurs pour communiquer avec l\u2019IA ou \u00e9couter de la musique. Comme sur les mod\u00e8les Ray-Ban, les Oakley Meta HSTN int\u00e8grent aussi une LED pour indiquer lorsque la cam\u00e9ra est utilis\u00e9e. <\/p>\n<p>Une autonomie doubl\u00e9e par rapport aux Ray-Ban<\/p>\n<p>Quelques diff\u00e9rences techniques subsistent entre les deux mod\u00e8les, comme la d\u00e9finition 3K en vid\u00e9o pour les Oakley Meta HSTN contre Full HD pour les Ray-Ban. L\u2019autonomie est aussi plus \u00e9lev\u00e9e sur le nouveau mod\u00e8le, avec 8 heures d\u2019utilisation annonc\u00e9e, contre 4 heures pour les Ray-Ban Meta. <\/p>\n<p>Par ailleurs, les Oakley Meta HSTN peuvent \u00eatre achet\u00e9es avec des verres sp\u00e9cifiques Prizm et Prizm Polarized, con\u00e7us sp\u00e9cifiquement contre les rayons UV. <\/p>\n<p>Les lunettes Oakley Meta HSTN seront disponibles d\u00e8s le mois prochain \u00e0 partir de 439 euros. N\u00e9anmoins, Meta ne compte pas s\u2019arr\u00eater en si bon chemin. Comme le rapporte le site am\u00e9ricain <a target=\"_blank\" href=\"https:\/\/www.theverge.com\/news\/690133\/meta-oakley-hstn-ai-glasses-price-date\" rel=\"nofollow noopener\">The Verge<\/a>, le partenariat devrait se prolonger avec de nouveaux mod\u00e8les. \u00ab\u2009C\u2019est notre premier pas dans la cat\u00e9gorie performance. Il y aura davantage \u00e0 venir\u2009\u00bb, a ainsi indiqu\u00e9 le responsable des wearables chez Meta. <\/p>\n","protected":false},"excerpt":{"rendered":"Apr\u00e8s plusieurs mois de rumeurs, Meta vient d\u2019annoncer ses nouvelles connect\u00e9es, con\u00e7ues cette fois en partenariat avec la&hellip;\n","protected":false},"author":2,"featured_media":191356,"comment_status":"","ping_status":"","sticky":false,"template":"","format":"standard","meta":{"footnotes":""},"categories":[7],"tags":[1011,27,33004,33005,14357,43,40,41,39,42,44],"class_list":{"0":"post-191355","1":"post","2":"type-post","3":"status-publish","4":"format-standard","5":"has-post-thumbnail","7":"category-sciences-et-technologies","8":"tag-fr","9":"tag-france","10":"tag-oakley","11":"tag-oakley-meta-hstn","12":"tag-officialisation","13":"tag-science","14":"tag-science-and-technology","15":"tag-sciences","16":"tag-sciences-et-technologies","17":"tag-technologies","18":"tag-technology"},"share_on_mastodon":{"url":"https:\/\/pubeurope.com\/@fr\/114716639719942208","error":""},"_links":{"self":[{"href":"https:\/\/www.europesays.com\/fr\/wp-json\/wp\/v2\/posts\/191355","targetHints":{"allow":["GET"]}}],"collection":[{"href":"https:\/\/www.europesays.com\/fr\/wp-json\/wp\/v2\/posts"}],"about":[{"href":"https:\/\/www.europesays.com\/fr\/wp-json\/wp\/v2\/types\/post"}],"author":[{"embeddable":true,"href":"https:\/\/www.europesays.com\/fr\/wp-json\/wp\/v2\/users\/2"}],"replies":[{"embeddable":true,"href":"https:\/\/www.europesays.com\/fr\/wp-json\/wp\/v2\/comments?post=191355"}],"version-history":[{"count":0,"href":"https:\/\/www.europesays.com\/fr\/wp-json\/wp\/v2\/posts\/191355\/revisions"}],"wp:featuredmedia":[{"embeddable":true,"href":"https:\/\/www.europesays.com\/fr\/wp-json\/wp\/v2\/media\/191356"}],"wp:attachment":[{"href":"https:\/\/www.europesays.com\/fr\/wp-json\/wp\/v2\/media?parent=191355"}],"wp:term":[{"taxonomy":"category","embeddable":true,"href":"https:\/\/www.europesays.com\/fr\/wp-json\/wp\/v2\/categories?post=191355"},{"taxonomy":"post_tag","embeddable":true,"href":"https:\/\/www.europesays.com\/fr\/wp-json\/wp\/v2\/tags?post=191355"}],"curies":[{"name":"wp","href":"https:\/\/api.w.org\/{rel}","templated":true}]}}