{"id":191364,"date":"2025-06-20T16:33:11","date_gmt":"2025-06-20T16:33:11","guid":{"rendered":"https:\/\/www.europesays.com\/fr\/191364\/"},"modified":"2025-06-20T16:33:11","modified_gmt":"2025-06-20T16:33:11","slug":"il-reste-a-composer-le-programme-et-la-liste","status":"publish","type":"post","link":"https:\/\/www.europesays.com\/fr\/191364\/","title":{"rendered":"il reste \u00e0 composer le programme et la liste"},"content":{"rendered":"<p>Les discussions \u00ab\u00a0simples et apais\u00e9es\u00a0\u00bb avaient commenc\u00e9 d\u00e9but janvier et elles ont abouti avant l\u2019\u00e9t\u00e9. Les partis de gauche \u00e0 Saint-Chamond partiront avec une liste commune aux \u00e9lections municipales de 2026.<\/p>\n<p>Les Verts, le Parti socialiste, le Parti communiste, Place publique et l\u2019association \u00ab\u00a0Saint-Chamond pour tous\u00a0\u00bb feront front uni au printemps prochain pour tenter d\u2019emporter le scrutin local.<\/p>\n<p>  Un \u00c9cologiste en t\u00eate de liste, pas \u00ab\u00a0t\u00eate d\u2019affiche\u00a0\u00bb<\/p>\n<p>La liste \u00ab\u00a0Saint-Chamond verte et solidaire, pour une ville apais\u00e9e et vivante\u00a0\u00bb sera men\u00e9e par l\u2019\u00e9cologiste Jean Minnaert. Membre des Verts depuis les ann\u00e9es 1980, ce cadre \u00e9ducatif dans une \u00e9cole priv\u00e9e et p\u00e8re de quatre enfants, a d\u00e9j\u00e0 \u00e9t\u00e9 \u00e9lu dans l\u2019opposition municipale entre\u00a02001 et\u00a02008 puis de nouveau en 2020.<\/p>\n<p>Il a pr\u00e9c\u00e9demment men\u00e9 une liste aux \u00e9lections municipales, c\u2019\u00e9tait en 2008. Pour l\u2019accompagner, la num\u00e9ro deux sera Nathalie Champalle (Parti socialiste) et en troisi\u00e8me position, ce sera <a href=\"https:\/\/www.leprogres.fr\/elections\/2025\/06\/13\/municipales-2026-les-communistes-ont-designe-leur-chef-de-file\" target=\"_blank\" rel=\"noopener\">Julien Giraudo (Parti communiste)<\/a>.<\/p>\n<p>La seule formation politique importante de gauche \u00e0 manquer \u00e0 l\u2019appel est la France Insoumise (FI). Sa participation ne sera d\u00e9cid\u00e9e que d\u00e9but septembre. \u00ab\u00a0La France Insoumise a particip\u00e9 activement aux r\u00e9flexions sur nos pr\u00e9visions d\u2019un accord et un programme partag\u00e9\u00a0\u00bb, explique le groupe.<\/p>\n<p>En fait, le calendrier interne de la FI ne permettra la d\u00e9signation de leurs chefs de files qu\u2019en septembre. C\u2019est \u00e0 ce moment-l\u00e0 que l\u2019accord pourra \u00eatre valid\u00e9, ou non. Et de pr\u00e9ciser\u00a0: \u00ab\u00a0La liste n\u2019est pas arr\u00eat\u00e9e. Rien n\u2019est ferm\u00e9 pour les gens qui partagent nos valeurs.\u00a0\u00bb<\/p>\n<p>C\u2019est aussi en septembre que les premi\u00e8res r\u00e9unions publiques et concertations avec les habitants auront lieu pour finaliser la liste et le programme. Tout cela devrait \u00eatre annonc\u00e9 \u00e0 la fin de l\u2019ann\u00e9e.<\/p>\n<p>  \u00ab\u00a0Il y a la volont\u00e9 de travailler ensemble\u00a0\u00bb<\/p>\n<p>\u00ab\u00a0C\u2019est la premi\u00e8re fois \u00e0 Saint-Chamond qu\u2019on part avec tout le monde, encha\u00eene Jean Minnaert. C\u2019est gr\u00e2ce \u00e0 la conjoncture nationale, locale et aux personnes qui ont appris \u00e0 travailler ensemble. Il reste des choses o\u00f9 nous ne sommes pas d\u2019accord mais nous avons plus de convictions communes. Il y a la volont\u00e9 de travailler ensemble, on y met l\u2019\u00e9nergie.\u00a0\u00bb<\/p>\n<p>Cette liste veut \u00ab\u00a0remettre la d\u00e9mocratie au centre des d\u00e9cisions et impliquer les habitants\u00a0\u00bb, a d\u00e9fini son projet sur deux mots \u00ab\u00a0apais\u00e9s\u00a0\u00bb et \u00ab\u00a0vivante\u00a0\u00bb. Ces premi\u00e8res lignes directrices du projet annoncent une ville \u00ab\u00a0plus s\u00fbre, moins pollu\u00e9e, propice au partage\u00a0\u00bb, mais aussi \u00ab\u00a0culturelle, sportive, avec une vie sociale et \u00e9conomique riche et juste\u00a0\u00bb.<\/p>\n<p>  Leur but\u00a0: battre une droite divis\u00e9e et une extr\u00eame droite montante<\/p>\n<p>Campagne oblige, <a href=\"https:\/\/www.leprogres.fr\/p\/axel-dugua\" target=\"_blank\" rel=\"noopener\">Axel Dugua<\/a> n\u2019est pas \u00e9pargn\u00e9 par Jean Minnaert, qui remet notamment en cause la gestion de la Ville par le maire actuel. L\u2019autre enjeu de cette \u00e9lection est de battre l\u2019extr\u00eame droite\u00a0: \u00ab\u00a0La ville est divis\u00e9e par l\u2019extr\u00eame droite qui monte les Couramiauds les uns contre les autres. Il faut qu\u2019elle baisse \u00e9lectoralement.\u00a0\u00bb<\/p>\n<p>Avec une droite divis\u00e9e comme en 2008, la carte de l\u2019union pourrait \u00eatre un bon atout pour remporter cette \u00e9lection que la gauche avait alors gagn\u00e9e.<\/p>\n","protected":false},"excerpt":{"rendered":"Les discussions \u00ab\u00a0simples et apais\u00e9es\u00a0\u00bb avaient commenc\u00e9 d\u00e9but janvier et elles ont abouti avant l\u2019\u00e9t\u00e9. Les partis de&hellip;\n","protected":false},"author":2,"featured_media":191365,"comment_status":"","ping_status":"","sticky":false,"template":"","format":"standard","meta":{"footnotes":""},"categories":[9653],"tags":[1111,11,2430,7539,4188,1777,674,1011,27,2338,3539,12,8387,3541,316,25,9669,9670,4001],"class_list":{"0":"post-191364","1":"post","2":"type-post","3":"status-publish","4":"format-standard","5":"has-post-thumbnail","7":"category-saint-etienne","8":"tag-actu","9":"tag-actualites","10":"tag-auvergne-rhone-alpes","11":"tag-edition-loire-sud","12":"tag-elections-municipales","13":"tag-eu","14":"tag-europe","15":"tag-fr","16":"tag-france","17":"tag-la-france-insoumise","18":"tag-les-ecologistes","19":"tag-news","20":"tag-parti-communiste","21":"tag-parti-socialiste","22":"tag-politique","23":"tag-republique-francaise","24":"tag-saint-chamond","25":"tag-saint-chamond-ville","26":"tag-saint-etienne"},"share_on_mastodon":{"url":"https:\/\/pubeurope.com\/@fr\/114716659111766444","error":""},"_links":{"self":[{"href":"https:\/\/www.europesays.com\/fr\/wp-json\/wp\/v2\/posts\/191364","targetHints":{"allow":["GET"]}}],"collection":[{"href":"https:\/\/www.europesays.com\/fr\/wp-json\/wp\/v2\/posts"}],"about":[{"href":"https:\/\/www.europesays.com\/fr\/wp-json\/wp\/v2\/types\/post"}],"author":[{"embeddable":true,"href":"https:\/\/www.europesays.com\/fr\/wp-json\/wp\/v2\/users\/2"}],"replies":[{"embeddable":true,"href":"https:\/\/www.europesays.com\/fr\/wp-json\/wp\/v2\/comments?post=191364"}],"version-history":[{"count":0,"href":"https:\/\/www.europesays.com\/fr\/wp-json\/wp\/v2\/posts\/191364\/revisions"}],"wp:featuredmedia":[{"embeddable":true,"href":"https:\/\/www.europesays.com\/fr\/wp-json\/wp\/v2\/media\/191365"}],"wp:attachment":[{"href":"https:\/\/www.europesays.com\/fr\/wp-json\/wp\/v2\/media?parent=191364"}],"wp:term":[{"taxonomy":"category","embeddable":true,"href":"https:\/\/www.europesays.com\/fr\/wp-json\/wp\/v2\/categories?post=191364"},{"taxonomy":"post_tag","embeddable":true,"href":"https:\/\/www.europesays.com\/fr\/wp-json\/wp\/v2\/tags?post=191364"}],"curies":[{"name":"wp","href":"https:\/\/api.w.org\/{rel}","templated":true}]}}