{"id":191389,"date":"2025-06-20T16:47:11","date_gmt":"2025-06-20T16:47:11","guid":{"rendered":"https:\/\/www.europesays.com\/fr\/191389\/"},"modified":"2025-06-20T16:47:11","modified_gmt":"2025-06-20T16:47:11","slug":"disparition-le-baladin-jean-marie-koltes-a-tire-sa-reverence","status":"publish","type":"post","link":"https:\/\/www.europesays.com\/fr\/191389\/","title":{"rendered":"Disparition. Le baladin Jean-Marie Kolt\u00e8s a tir\u00e9 sa r\u00e9v\u00e9rence"},"content":{"rendered":"<p>Jean-Marie Kolt\u00e8s, n\u00e9 le 7\u00a0ao\u00fbt 1943 au Maroc, a grandi en Lorraine. Il \u00e9tait l\u2019un des deux fr\u00e8res du dramaturge Bernard-Marie Kolt\u00e8s, disparu en 1989.<\/p>\n<p>Il s\u2019est install\u00e9 \u00e0 Strasbourg en 1966, a commenc\u00e9 \u00e0 chanter dans la rue avec son accord\u00e9on puis il s\u2019est vraiment lanc\u00e9 avec Nicole Mouton en 1974.<\/p>\n<p>Auteur, compositeur, interpr\u00e8te, com\u00e9dien, peintre, sculpteur, il \u00e9tait un artiste touche-\u00e0-tout, se souvient l\u2019ancien journaliste Albert Weber qui l\u2019a tr\u00e8s souvent interview\u00e9 pour les DNA. Et d\u2019\u00e9voquer ses ann\u00e9es parisiennes, \u00e0 Montmartre, o\u00f9 il a crois\u00e9 Georges Brassens, L\u00e9o Ferr\u00e9, Bernard Dimey, Boris Vian, Mouloudji. Il avait d\u00e9pos\u00e9 pas moins de 500 titres \u00e0 la Sacem, chansons \u00e0 textes po\u00e9tiques et sensibles &#8211; la m\u00e9lancolie n\u2019\u00e9tait jamais loin.<\/p>\n<p>Si Jean-Marie Kolt\u00e8s vivait du c\u00f4t\u00e9 d\u2019Avignon, cet ancien pilier de la troupe de la Choucrouterie avait gard\u00e9 de nombreux amis dans la r\u00e9gion o\u00f9 il a longtemps v\u00e9cu, \u00e0 Strasbourg, cour du Corbeau, ou dans sa maison familiale situ\u00e9e pr\u00e8s d\u2019Abreschviller, en Moselle.<\/p>\n<p>Certains se souviendront de la \u00ab\u00a0Symphonie alsacienne\u00a0\u00bb, compos\u00e9e par Henri Muller, pour l\u2019ouverture du festival Babel de Roger Siffer, en 1999. Pour cette \u00ab\u00a0symfolie\u00a0\u00bb, le livret de Kolt\u00e8s racontait les cinq saisons, la cinqui\u00e8me \u00e9tant Babel, l\u2019utopie.<\/p>\n<p>Jean-Baptiste Mersiol a accompagn\u00e9 en 2012 la sortie d\u2019un double album, Anthologie 2012  et disait alors\u00a0: \u00ab\u00a0L\u2019intelligence de Jean-Marie Kolt\u00e8s est \u00e9ternellement moderne. Il faut le (re) d\u00e9couvrir car c\u2019est un tr\u00e8s grand artiste, dont la beaut\u00e9 des chansons ne doit pas dispara\u00eetre. C\u2019est aussi un tr\u00e8s grand po\u00e8te.\u00a0\u00bb Dans ce disque figure une quinzaine de titres comme La ville , Mes paysages , Le grand \u00e9cart , J\u2019irai pas \u00e0 la guerre. Il y a aussi des hommages d\u2019amis, Nicole Mouton, Sarah Eddy, C\u00e9cile Solin, Pascal Vecca, Henri Muller, Simon Pomarat &amp; Marcel Loeffler ou encore Jean-Baptiste Mersiol et Franck Bedez.<\/p>\n<p>Jean-Marie Kolt\u00e8s, avant de monter sur sc\u00e8ne \u00e0 S\u00e9lestat en 2014, disait\u00a0: \u00ab\u00a0Malgr\u00e9 le poids des ans, il y a des choses qui n\u2019ont pas chang\u00e9, mon \u00e2me et mon c\u0153ur de po\u00e8te sont toujours l\u00e0.\u00a0\u00bb<\/p>\n","protected":false},"excerpt":{"rendered":"Jean-Marie Kolt\u00e8s, n\u00e9 le 7\u00a0ao\u00fbt 1943 au Maroc, a grandi en Lorraine. Il \u00e9tait l\u2019un des deux fr\u00e8res&hellip;\n","protected":false},"author":2,"featured_media":191390,"comment_status":"","ping_status":"","sticky":false,"template":"","format":"standard","meta":{"footnotes":""},"categories":[2820],"tags":[1111,11,2389,1687,2880,1777,674,107,1011,27,775,873,12,25,640,2879],"class_list":{"0":"post-191389","1":"post","2":"type-post","3":"status-publish","4":"format-standard","5":"has-post-thumbnail","7":"category-strasbourg","8":"tag-actu","9":"tag-actualites","10":"tag-alsace","11":"tag-culture-loisirs","12":"tag-edition-strasbourg","13":"tag-eu","14":"tag-europe","15":"tag-fil-info","16":"tag-fr","17":"tag-france","18":"tag-grand-est","19":"tag-musique","20":"tag-news","21":"tag-republique-francaise","22":"tag-strasbourg","23":"tag-strasbourg-ville"},"share_on_mastodon":{"url":"https:\/\/pubeurope.com\/@fr\/114716714252761573","error":""},"_links":{"self":[{"href":"https:\/\/www.europesays.com\/fr\/wp-json\/wp\/v2\/posts\/191389","targetHints":{"allow":["GET"]}}],"collection":[{"href":"https:\/\/www.europesays.com\/fr\/wp-json\/wp\/v2\/posts"}],"about":[{"href":"https:\/\/www.europesays.com\/fr\/wp-json\/wp\/v2\/types\/post"}],"author":[{"embeddable":true,"href":"https:\/\/www.europesays.com\/fr\/wp-json\/wp\/v2\/users\/2"}],"replies":[{"embeddable":true,"href":"https:\/\/www.europesays.com\/fr\/wp-json\/wp\/v2\/comments?post=191389"}],"version-history":[{"count":0,"href":"https:\/\/www.europesays.com\/fr\/wp-json\/wp\/v2\/posts\/191389\/revisions"}],"wp:featuredmedia":[{"embeddable":true,"href":"https:\/\/www.europesays.com\/fr\/wp-json\/wp\/v2\/media\/191390"}],"wp:attachment":[{"href":"https:\/\/www.europesays.com\/fr\/wp-json\/wp\/v2\/media?parent=191389"}],"wp:term":[{"taxonomy":"category","embeddable":true,"href":"https:\/\/www.europesays.com\/fr\/wp-json\/wp\/v2\/categories?post=191389"},{"taxonomy":"post_tag","embeddable":true,"href":"https:\/\/www.europesays.com\/fr\/wp-json\/wp\/v2\/tags?post=191389"}],"curies":[{"name":"wp","href":"https:\/\/api.w.org\/{rel}","templated":true}]}}