{"id":191393,"date":"2025-06-20T16:49:10","date_gmt":"2025-06-20T16:49:10","guid":{"rendered":"https:\/\/www.europesays.com\/fr\/191393\/"},"modified":"2025-06-20T16:49:10","modified_gmt":"2025-06-20T16:49:10","slug":"narcotrafic-et-criminalite-quel-bilan-en-six-mois-pour-les-autorites-dans-le-quartier-des-moulins-a-nice","status":"publish","type":"post","link":"https:\/\/www.europesays.com\/fr\/191393\/","title":{"rendered":"Narcotrafic et criminalit\u00e9: quel bilan en six mois pour les autorit\u00e9s dans le quartier des Moulins \u00e0 Nice?"},"content":{"rendered":"<p>Ce vendredi matin, les forces de l\u2019ordre sont une nouvelle fois sur le terrain dans le quartier des Moulins \u00e0 Nice. \u00c0 leurs c\u00f4t\u00e9s, le pr\u00e9fet des Alpes-Maritimes Laurent Hottiaux, le procureur de la R\u00e9publique de Nice Damien Martinelli, et Fr\u00e9d\u00e9ric Pizzini, directeur interd\u00e9partemental de la police nationale (DIPN), sont venus constater les r\u00e9sultats d\u2019une vaste op\u00e9ration men\u00e9e en d\u00e9but de semaine.<\/p>\n<p>Dans ce quartier min\u00e9 depuis des ann\u00e9es par le trafic de stup\u00e9fiants, Rachida, une habitante nous interpelle. Elle a besoin de parler, de vider son sac, parce qu\u2019elle en a \u00ab\u00a0ras-le-bol de ces petits merdeux\u00a0\u00bb.<\/p>\n<p>Elle s\u2019est install\u00e9e aux Moulins en 1982 et depuis, fait-elle remarquer, \u00ab\u00a0\u00e7a ne cesse de se d\u00e9grader\u00a0\u00bb. Elle n\u2019a qu\u2019une envie, c\u2019est partir d\u2019ici et au plus vite, car elle ne supporte plus \u00ab\u00a0ces disputes, ces cris\u00a0\u00bb, la salet\u00e9, ces b\u00e2timents d\u00e9grad\u00e9s et surtout, cette ins\u00e9curit\u00e9 permanente.<\/p>\n<p><strong>Op\u00e9ration d\u2019envergure et r\u00e9seau d\u00e9mantel\u00e9<\/strong><\/p>\n<p>La pr\u00e9sence polici\u00e8re dans ce quartier de l\u2019ouest de Nice s\u2019est encore accentu\u00e9e. L\u2019objectif est clair. \u00ab\u00a0Occuper l\u2019espace public, perturber durablement les points de deal et ceux qui les alimentent\u00a0\u00bb, r\u00e9sume le pr\u00e9fet Laurent Hottiaux.<\/p>\n<p>Cette strat\u00e9gie de pression constante s\u2019accompagne d\u2019enqu\u00eates de fond men\u00e9es par le Service local de la police judiciaire (SLPJ), sous l\u2019autorit\u00e9 du parquet de Nice et s&rsquo;inscrit dans le\u00a0dispositif impuls\u00e9 par le ministre de l&rsquo;Int\u00e9rieur Bruno Retailleau en f\u00e9vrier et intitul\u00e9 \u00ab\u00a0Villes s\u00e9curit\u00e9 renforc\u00e9e\u00a0\u00bb.\u00a0<\/p>\n<p>Et les consommateurs ne sont pas oubli\u00e9s: \u00ab\u00a0Des contr\u00f4les sont men\u00e9s quotidiennement aux abords des Moulins depuis plusieurs mois et ce, tous les jours\u00a0\u00bb, insiste le procureur Damien Martinelli.<\/p>\n<p>Initi\u00e9e le 4 janvier 2025, une enqu\u00eate de longue haleine a d\u00e9bouch\u00e9,<a href=\"https:\/\/www.nicematin.com\/justice\/une-centaine-de-policiers-le-raid-et-la-crs-81-en-renfort-des-armes-et-du-cash-saisis-ce-que-l-on-sait-sur-le-vaste-coup-de-filet-anti-stups-mene-a-nice-et-dans-sa-region-990552\" rel=\"nofollow noopener\" target=\"_blank\"> le mardi 17 juin, sur une op\u00e9ration d\u2019envergure<\/a>. Pr\u00e8s de 160 agents du DIPN 06, du RAID, des CRS 81 et de la SLPJ ont frapp\u00e9 simultan\u00e9ment dans plusieurs lieux du quartier des Moulins, ainsi que dans d\u2019autres secteurs de Nice et des communes environnantes.<\/p>\n<p>Au total, 16 personnes soup\u00e7onn\u00e9es d\u2019\u00eatre impliqu\u00e9es dans un r\u00e9seau op\u00e9rant par vente sur site au 12 avenue de la M\u00e9diterran\u00e9e, mais \u00e9galement par livraisons, ont \u00e9t\u00e9 interpell\u00e9es.<\/p>\n<p>Douze ont \u00e9t\u00e9 plac\u00e9es en garde \u00e0 vue, dont un mineur et ont \u00e9t\u00e9 d\u00e9f\u00e9r\u00e9es ce vendredi. Les chefs d\u2019inculpation vont du trafic de stup\u00e9fiants \u00e0 l\u2019association de malfaiteurs, en passant par le blanchiment d\u2019argent et la d\u00e9tention ill\u00e9gale d\u2019armes.<\/p>\n<p>Les perquisitions ont permis de d\u00e9couvrir et de saisir quelques centaines de grammes de r\u00e9sine cannabis et de coca\u00efne, du mat\u00e9riel de conditionnement, 114.000 euros en liquide, des \u00e9l\u00e9ments relatifs \u00e0 un portefeuille de cryptomonnaie, ainsi que des tickets \u00e0 gratter d\u2019un montant de plusieurs milliers d\u2019euros utilis\u00e9s pour blanchir l\u2019argent sale. Mais aussi des biens comme deux montres Rolex, une voiture, un scooter, deux motos et m\u00eame un jet-ski.<\/p>\n<p><strong>Une baisse nette des violences<\/strong><\/p>\n<p>Depuis le d\u00e9but de l\u2019ann\u00e9e, ce sont 3.000 personnes qui ont \u00e9t\u00e9 contr\u00f4l\u00e9es, 50 ont \u00e9t\u00e9 \u00e9crou\u00e9es, 18kg de r\u00e9sine de cannabis et 8kg de coca\u00efne ont \u00e9t\u00e9 saisis, ainsi que des sommes en esp\u00e8ces tr\u00e8s importantes.<\/p>\n<p>Le pr\u00e9fet salue une \u00ab\u00a0action r\u00e9solue, d\u00e9termin\u00e9e et permanente\u00a0\u00bb de la police et de la gendarmerie, qui commence \u00e0 produire des effets mesurables dans tout le d\u00e9partement.<\/p>\n<p>Rien que sur la ville de Nice, une baisse de 25% des violences aux personnes a \u00e9t\u00e9 observ\u00e9e ces derniers mois.<\/p>\n","protected":false},"excerpt":{"rendered":"Ce vendredi matin, les forces de l\u2019ordre sont une nouvelle fois sur le terrain dans le quartier des&hellip;\n","protected":false},"author":2,"featured_media":191394,"comment_status":"","ping_status":"","sticky":false,"template":"","format":"standard","meta":{"footnotes":""},"categories":[2819],"tags":[1111,11,1777,674,1011,27,12,2401,882,25,656],"class_list":{"0":"post-191393","1":"post","2":"type-post","3":"status-publish","4":"format-standard","5":"has-post-thumbnail","7":"category-nice","8":"tag-actu","9":"tag-actualites","10":"tag-eu","11":"tag-europe","12":"tag-fr","13":"tag-france","14":"tag-news","15":"tag-nice","16":"tag-provence-alpes-cote-dazur","17":"tag-republique-francaise","18":"tag-securite"},"share_on_mastodon":{"url":"https:\/\/pubeurope.com\/@fr\/114716722058855491","error":""},"_links":{"self":[{"href":"https:\/\/www.europesays.com\/fr\/wp-json\/wp\/v2\/posts\/191393","targetHints":{"allow":["GET"]}}],"collection":[{"href":"https:\/\/www.europesays.com\/fr\/wp-json\/wp\/v2\/posts"}],"about":[{"href":"https:\/\/www.europesays.com\/fr\/wp-json\/wp\/v2\/types\/post"}],"author":[{"embeddable":true,"href":"https:\/\/www.europesays.com\/fr\/wp-json\/wp\/v2\/users\/2"}],"replies":[{"embeddable":true,"href":"https:\/\/www.europesays.com\/fr\/wp-json\/wp\/v2\/comments?post=191393"}],"version-history":[{"count":0,"href":"https:\/\/www.europesays.com\/fr\/wp-json\/wp\/v2\/posts\/191393\/revisions"}],"wp:featuredmedia":[{"embeddable":true,"href":"https:\/\/www.europesays.com\/fr\/wp-json\/wp\/v2\/media\/191394"}],"wp:attachment":[{"href":"https:\/\/www.europesays.com\/fr\/wp-json\/wp\/v2\/media?parent=191393"}],"wp:term":[{"taxonomy":"category","embeddable":true,"href":"https:\/\/www.europesays.com\/fr\/wp-json\/wp\/v2\/categories?post=191393"},{"taxonomy":"post_tag","embeddable":true,"href":"https:\/\/www.europesays.com\/fr\/wp-json\/wp\/v2\/tags?post=191393"}],"curies":[{"name":"wp","href":"https:\/\/api.w.org\/{rel}","templated":true}]}}