{"id":191397,"date":"2025-06-20T16:51:13","date_gmt":"2025-06-20T16:51:13","guid":{"rendered":"https:\/\/www.europesays.com\/fr\/191397\/"},"modified":"2025-06-20T16:51:13","modified_gmt":"2025-06-20T16:51:13","slug":"fete-de-la-musique-theatre-cine-en-plein-air-voici-nos-idees-de-sorties-pour-ce-week-end-a-nantes","status":"publish","type":"post","link":"https:\/\/www.europesays.com\/fr\/191397\/","title":{"rendered":"F\u00eate de la musique, th\u00e9\u00e2tre, cin\u00e9 en plein air&#8230; Voici nos id\u00e9es de sorties pour ce week-end \u00e0 Nantes"},"content":{"rendered":"<p>            Par<br \/>\n        <strong><br \/>\n            <a href=\"https:\/\/actu.fr\/auteur\/clemence-pays02-actu-fr\" title=\"Consulter tous les articles de Cl\u00e9mence Pays\" target=\"_blank\" rel=\"noopener\">Cl\u00e9mence Pays<\/a><br \/>\n        <\/strong><\/p>\n<p>        Publi\u00e9 le<\/p>\n<p>            20 juin 2025 \u00e0 18h12        <\/p>\n<p>Le week-end pointe le bout de son nez et avec lui <strong>les id\u00e9es de sorties<\/strong> concoct\u00e9es par la r\u00e9daction d\u2019<a href=\"https:\/\/actu.fr\/nantes\/\" target=\"_blank\" rel=\"noopener\">actu Nantes<\/a>. Ce <strong>samedi\u00a021 et dimanche 22\u00a0juin<\/strong> 2025, il y aura (forc\u00e9ment) beaucoup d\u2019animations musicales, mais aussi du cin\u00e9ma et du th\u00e9\u00e2tre. Attention \u00e0 ne pas oublier de se tartiner de cr\u00e8me solaire avant de sortir, sans oublier sa casquette et sa gourde d\u2019eau puisque <strong><a href=\"https:\/\/actu.fr\/pays-de-la-loire\/nantes_44109\/canicule-en-loire-atlantique-la-chaleur-grimpe-meteo-france-declenche-la-vigilance-orange_62797529.html\" target=\"_blank\" rel=\"noopener\">la Loire-Atlantique reste en vigilance orange canicule<\/a>,<\/strong> samedi, selon les donn\u00e9es de <a href=\"https:\/\/actu.fr\/tag\/meteo-france\" target=\"_blank\" rel=\"noopener\">M\u00e9t\u00e9o France<\/a>.<\/p>\n<p class=\" wall-content\">Voici nos id\u00e9es de sorties (et elles sont toutes<strong> gratuites\u2009)<\/strong>.<\/p>\n<p>La F\u00eate de la musique<\/p>\n<p class=\" wall-content\">C\u2019est l\u2019\u00e9v\u00e9nement incontournable du mois de juin et du solstice d\u2019\u00e9t\u00e9\u2009: la <a href=\"https:\/\/actu.fr\/tag\/fete-de-la-musique\" target=\"_blank\" rel=\"noopener\">F\u00eate de la musique<\/a>. La cit\u00e9 des ducs de Bretagne sera de la partie puisque <strong>les rues de l\u2019hyper-centre seront ferm\u00e9es \u00e0 la circulation.<\/strong> Ce large p\u00e9rim\u00e8tre doit permettre \u00e0 chaque personne et chaque groupe de s\u2019installer sur l\u2019espace public, sans inscription ou r\u00e9servation. Il suffira donc de <strong>fl\u00e2ner dans les rues pour d\u00e9couvrir des artistes<\/strong> et danser au rythme de leurs compositions.<\/p>\n<p class=\" wall-content\">La Ville de Nantes met \u00e9galement \u00e0 disposition \u00ab\u2009une sc\u00e8ne nantaise d\u00e9di\u00e9e aux pratiques artistiques en <strong>acoustique\u2009\u00bb,<\/strong> au niveau de l\u2019ancienne \u00e9cole des Beaux-Arts.<\/p>\n<p class=\" wall-content\"><strong>Sept groupes amateurs<\/strong> sont programm\u00e9s\u2009:<\/p>\n<ul class=\" wall-content\">\n<li>de 17\u2009h \u00e0 17\u2009h\u200930, chorale Unisson\u2009;<\/li>\n<li>de 17\u2009h\u200930 \u00e0 18\u2009h, ensemble de cuivre de chambre du Conservatoire de Nantes\u2009;<\/li>\n<li>de 18\u2009h \u00e0 19\u2009h\u200915, \u00c9cole de musique nantaise de cuivre\u2009;<\/li>\n<li>de 19\u2009h\u200915 \u00e0 20\u2009h, Le Studio de la danse\u2009;<\/li>\n<li>de 20\u2009h \u00e0 20\u2009h\u200945, Le Grand Machin Chose\u2009;<\/li>\n<li>de 21\u2009h \u00e0 21\u2009h\u200930, Bombardes &amp; Co\u2009;<\/li>\n<li>de 21\u2009h\u200930 \u00e0 22\u2009h\u200915, Estilo faixa Dance France.<\/li>\n<\/ul>\n<p class=\" wall-content\">De <strong>nombreux bars<\/strong> ont \u00e9galement pr\u00e9vu des animations autour de la musique.<\/p>\n<p class=\" wall-content\">C\u2019est notamment le cas de Painbar qui organise une <strong>soir\u00e9e psych\u00e9d\u00e9lique<\/strong>\u2009; Les Fleurs du Malt invitent chacun \u00e0 se poser dans le bar \u00e0 bi\u00e8re pour \u00e9couter de la <strong>n\u00e9o-soul, du rock ou encore du punk sauvage.<\/strong><\/p>\n<p class=\" wall-content\">Au Bas-Chantenay, Little Atlantique Brewery, Le Dahu, Les Usines, OHM Town et Macadam unissent leurs forces pour transformer le quartier en <strong>mini-festival<\/strong> (<a href=\"https:\/\/www.facebook.com\/events\/717443050818632\/?acontext=%7B%22event_action_history%22%3A%5B%7B%22mechanism%22%3A%22discovery_custom_tab%22%2C%22surface%22%3A%22bookmark%22%7D%5D%2C%22ref_notif_type%22%3Anull%7D\" target=\"_blank\" rel=\"noopener\">le programme en cliquant ici<\/a>).<\/p>\n<p>Samedi 21\u00a0juin, F\u00eate de la musique, dans le centre-ville de Nantes, bars et guinguettes participants.<\/p>\n<p>Les Sc\u00e8nes vagabondes<\/p>\n<p class=\" wall-content\">Le festival <strong>Les Sc\u00e8nes Vagabondes<\/strong> fait son retour \u00e0 Nantes pour trois jours de <strong>spectacle vivant<\/strong> au parc du Grand Blottereau.<\/p>\n<blockquote class=\"ac-article-quote wall-content\">\n<p>Pour l\u2019\u00e9dition 2025, Les Sc\u00e8nes Vagabondes poursuivent leurs engagements avec une programmation paritaire pour la cinqui\u00e8me ann\u00e9e cons\u00e9cutive, l\u2019obtention des concerts accessibles gr\u00e2ce \u00e0 des gilets vibrants et une m\u00e9diation LSF.<\/p>\n<p>    <strong>Les Sc\u00e8nes vagabondes<\/strong>\n            <\/p><\/blockquote>\n<p class=\" wall-content\">Danse, musique, th\u00e9\u00e2tre, cirque, livre et arts visuels\u2026 \u00ab\u2009L\u2019occasion durant un long week-end de faire d\u00e9couvrir aux Nantaises et aux Nantais la richesse de la <strong>cr\u00e9ation artistique locale\u2009\u00bb,<\/strong> annoncent les organisateurs.<\/p>\n<p>Du vendredi\u00a020 au dimanche 22\u00a0juin, de 16\u2009h \u00e0 20\u2009h, Les Sc\u00e8nes vagabondes, au parc du Grand Blottereau, \u00e0 Nantes. Gratuit.<\/p>\n<p>Cin\u00e9ma de plein air<\/p>\n<p class=\" wall-content\">Samedi, ce sera la derni\u00e8re journ\u00e9e du <a href=\"https:\/\/actu.fr\/pays-de-la-loire\/nantes_44109\/seances-en-plein-air-gratuites-films-cultes-cine-karaoke-ce-festival-est-de-retour-a-nantes_62788143.html\" target=\"_blank\" rel=\"noopener\">Sofilm Summercamp<\/a>. Pour clore le festival, les organisateurs ont fait le choix d\u2019une <strong>com\u00e9die musicale,<\/strong> pour coller \u00e0 l\u2019\u00e9v\u00e9nement du jour.<\/p>\n<p class=\" wall-content\">Les spectateurs et spectatrices pourront ainsi visionner le film Mamma Mia, sous les Nefs des <a href=\"https:\/\/actu.fr\/tag\/les-machines-de-lile\" target=\"_blank\" rel=\"noopener\">Machines de l\u2019\u00eele<\/a>, le tout <strong>gratuitement.<\/strong><\/p>\n<p>Samedi 21\u00a0juin, \u00e0 22\u2009h, projection Mamma Mia, sous les Nefs, boulevard de la prairie aux Ducs, Nantes. Gratuit.<\/p>\n<p>Une f\u00eate de l\u2019\u00e9t\u00e9<\/p>\n<p class=\" wall-content\">Durant le week-end <strong>La Cambuse,<\/strong> la guinguette install\u00e9e \u00e0 Pirmil, va f\u00eater l\u2019\u00e9t\u00e9 et la musique.<\/p>\n<p class=\" wall-content\">Au programme<strong> samedi\u2009:<\/strong><\/p>\n<ul class=\" wall-content\">\n<li>\u00e0 9\u2009h\u200930,<strong> balade chant\u00e9e<\/strong> dirig\u00e9e par une cheffe de ch\u0153ur (gratuit, inscription conseill\u00e9e sur <a href=\"https:\/\/actu.fr\/cdn-cgi\/l\/email-protection\" class=\"__cf_email__\" data-cfemail=\"7f0d1a091a0d0c1a090d1a3f18121e1613511c1012\" target=\"_blank\" rel=\"noopener\">[email\u00a0protected]<\/a>)\u2009;<\/li>\n<li>\u00e0 12\u2009h, fin de la balade et <strong>pique-nique<\/strong> partag\u00e9\u2009;<\/li>\n<li>de 14\u2009h\u200930 \u00e0 18\u2009h, tournoi de <strong>p\u00e9tanque<\/strong> par \u00e9quipe de deux (inscriptions gratuites \u00e0 14\u2009h)\u2009;<\/li>\n<li>de 19\u2009h\u200930 \u00e0 22\u2009h, <strong>concert<\/strong> de ska, Kymbalon.<\/li>\n<\/ul>\n<p class=\" wall-content\"><strong>Dimanche<\/strong> apr\u00e8s-midi, ce sera<strong> jeux en bois<\/strong> de 15\u2009h \u00e0 19\u2009h. De 18\u2009h \u00e0 19\u2009h, <strong>chorale<\/strong> engag\u00e9e, Voix de garage.<\/p>\n<p>Samedi\u00a021 et dimanche 22\u00a0juin, F\u00eatons l\u2019\u00e9t\u00e9 \u00e0 La Cambuse, berge Sellier-Goudy, \u00e0 Nantes (Pirmil).<\/p>\n<p class=\" wall-content\">Suivez toute l\u2019actualit\u00e9 de vos villes et m\u00e9dias favoris en vous inscrivant \u00e0 <a href=\"https:\/\/moncompte.actu.fr\" title=\"D\u00e9couvez Mon Actu\" rel=\"nofollow noopener\" data-trk=\"{&quot;cta&quot;:{&quot;action&quot;:&quot;https:\\\/\\\/moncompte.actu.fr&quot;,&quot;category&quot;:&quot;mon compte&quot;,&quot;from&quot;:&quot;article footer&quot;,&quot;name&quot;:&quot;Mon actu&quot;,&quot;type&quot;:&quot;cta&quot;}}\" target=\"_blank\">Mon Actu<\/a>.<\/p>\n<ul class=\"ac-article-tag wall-content\">\n<li><a href=\"https:\/\/actu.fr\/tag\/animations\" data-trk=\"{&quot;cta&quot;:{&quot;action&quot;:&quot;Animations&quot;,&quot;category&quot;:&quot;tag&quot;,&quot;from&quot;:&quot;article footer&quot;,&quot;name&quot;:&quot;Animations&quot;,&quot;type&quot;:&quot;cta&quot;}}\" target=\"_blank\" rel=\"noopener\">#Animations<\/a><\/li>\n<li><a href=\"https:\/\/actu.fr\/tag\/fete-de-la-musique\" data-trk=\"{&quot;cta&quot;:{&quot;action&quot;:&quot;F\\u00eate de la musique&quot;,&quot;category&quot;:&quot;tag&quot;,&quot;from&quot;:&quot;article footer&quot;,&quot;name&quot;:&quot;F\\u00eate de la musique&quot;,&quot;type&quot;:&quot;cta&quot;}}\" target=\"_blank\" rel=\"noopener\">#F\u00eate de la musique<\/a><\/li>\n<\/ul>\n","protected":false},"excerpt":{"rendered":"Par Cl\u00e9mence Pays Publi\u00e9 le 20 juin 2025 \u00e0 18h12 Le week-end pointe le bout de son nez&hellip;\n","protected":false},"author":2,"featured_media":191398,"comment_status":"","ping_status":"","sticky":false,"template":"","format":"standard","meta":{"footnotes":""},"categories":[2818],"tags":[1111,11,1063,1777,674,25885,1011,27,1305,766,12,2636,25],"class_list":{"0":"post-191397","1":"post","2":"type-post","3":"status-publish","4":"format-standard","5":"has-post-thumbnail","7":"category-nantes","8":"tag-actu","9":"tag-actualites","10":"tag-animations","11":"tag-eu","12":"tag-europe","13":"tag-fete-de-la-musique","14":"tag-fr","15":"tag-france","16":"tag-lifestyle","17":"tag-nantes","18":"tag-news","19":"tag-pays-de-la-loire","20":"tag-republique-francaise"},"share_on_mastodon":{"url":"https:\/\/pubeurope.com\/@fr\/114716729917119979","error":""},"_links":{"self":[{"href":"https:\/\/www.europesays.com\/fr\/wp-json\/wp\/v2\/posts\/191397","targetHints":{"allow":["GET"]}}],"collection":[{"href":"https:\/\/www.europesays.com\/fr\/wp-json\/wp\/v2\/posts"}],"about":[{"href":"https:\/\/www.europesays.com\/fr\/wp-json\/wp\/v2\/types\/post"}],"author":[{"embeddable":true,"href":"https:\/\/www.europesays.com\/fr\/wp-json\/wp\/v2\/users\/2"}],"replies":[{"embeddable":true,"href":"https:\/\/www.europesays.com\/fr\/wp-json\/wp\/v2\/comments?post=191397"}],"version-history":[{"count":0,"href":"https:\/\/www.europesays.com\/fr\/wp-json\/wp\/v2\/posts\/191397\/revisions"}],"wp:featuredmedia":[{"embeddable":true,"href":"https:\/\/www.europesays.com\/fr\/wp-json\/wp\/v2\/media\/191398"}],"wp:attachment":[{"href":"https:\/\/www.europesays.com\/fr\/wp-json\/wp\/v2\/media?parent=191397"}],"wp:term":[{"taxonomy":"category","embeddable":true,"href":"https:\/\/www.europesays.com\/fr\/wp-json\/wp\/v2\/categories?post=191397"},{"taxonomy":"post_tag","embeddable":true,"href":"https:\/\/www.europesays.com\/fr\/wp-json\/wp\/v2\/tags?post=191397"}],"curies":[{"name":"wp","href":"https:\/\/api.w.org\/{rel}","templated":true}]}}