{"id":191405,"date":"2025-06-20T16:55:08","date_gmt":"2025-06-20T16:55:08","guid":{"rendered":"https:\/\/www.europesays.com\/fr\/191405\/"},"modified":"2025-06-20T16:55:08","modified_gmt":"2025-06-20T16:55:08","slug":"haute-garonne-avec-la-pollution-a-lozone-le-prefet-abaisse-les-vitesses-maximales-sur-nos-routes","status":"publish","type":"post","link":"https:\/\/www.europesays.com\/fr\/191405\/","title":{"rendered":"Haute-Garonne. Avec la pollution \u00e0 l&rsquo;ozone, le pr\u00e9fet abaisse les vitesses maximales sur nos routes"},"content":{"rendered":"<p>            Par<br \/>\n        <strong><br \/>\n            <a href=\"https:\/\/actu.fr\/auteur\/lea-afonso\" title=\"Consulter tous les articles de L\u00e9a Afonso\" target=\"_blank\" rel=\"noopener\">L\u00e9a Afonso<\/a><br \/>\n        <\/strong><\/p>\n<p>        Publi\u00e9 le<\/p>\n<p>            20 juin 2025 \u00e0 18h43        <\/p>\n<p>Un violent \u00e9pisode de pollution \u00e0 l\u2019ozone touche <a href=\"https:\/\/actu.fr\/toulouse\/\" target=\"_blank\" rel=\"noopener\">Toulouse<\/a> et la <a href=\"https:\/\/actu.fr\/occitanie\/haute-garonne_31\" target=\"_blank\" rel=\"noopener\">Haute-Garonne<\/a> ce vendredi 20\u00a0juin 2025, et devrait se prolonger ce samedi 21\u00a0juin, en raison de la <strong>forte chaleur<\/strong> ressentie sur la Ville rose et de <strong>l\u2019absence de vent.<\/strong> Une situation qui am\u00e8ne la pr\u00e9fecture de la Haute-Garonne \u00e0 prendre quelques <strong>mesures<\/strong> concernant la <strong>vitesse de circulation<\/strong>, par arr\u00eat\u00e9.<\/p>\n<p>La Haute-Garonne sous pollution<\/p>\n<p class=\" wall-content\">L\u2019air est mauvais \u00e0 Toulouse ce vendredi et cela ne devrait pas s\u2019am\u00e9liorer pour la f\u00eate de la musique. \u00ab\u2009Les conditions m\u00e9t\u00e9orologiques ensoleill\u00e9es, accompagn\u00e9es de temp\u00e9ratures \u00e9lev\u00e9es et d\u2019un vent faible, favoriseront la formation et l\u2019accumulation d\u2019ozone dans l\u2019air sur une grande partie de la r\u00e9gion Occitanie.<strong> Les concentrations devraient d\u00e9passer le seuil d\u2019information en Haute-Garonne<\/strong>\u2009\u00bb, annonce la pr\u00e9fecture du d\u00e9partement.<\/p>\n<p class=\" wall-content\">Une persistance du ph\u00e9nom\u00e8ne qui pousse le pr\u00e9fet \u00e0 prendre des mesures d\u2019urgence de niveau 1,<strong> \u00e0 compter du samedi 21\u00a0juin \u00e0 00h01.<\/strong><\/p>\n<p><strong>Les vitesses maximales autoris\u00e9es sur les voiries du d\u00e9partement sont abaiss\u00e9es de la mani\u00e8re suivante\u2009:<\/strong><\/p>\n<ul class=\" wall-content\">\n<li>Les voies limit\u00e9es \u00e0 130\u00a0km\/h passent \u00e0 110km\/h (-20km\/h),<\/li>\n<li>Les voies limit\u00e9es \u00e0 110\u00a0km\/h passent \u00e0 90km\/h (-20km\/h),<\/li>\n<li>Les voies limit\u00e9es \u00e0 90\u00a0km\/h et \u00e0 80\u00a0km\/h passent \u00e0 70km\/h (-20km\/h maximum)<\/li>\n<\/ul>\n<p><strong>Renforcement des contr\u00f4les\u2009:<\/strong><\/p>\n<ul class=\" wall-content\">\n<li>Installations class\u00e9es pour l\u2019environnement\u2009: rappel des bonnes pratiques et v\u00e9rification du bon fonctionnement des dispositifs de traitement<\/li>\n<li>transport routier\u2009: contr\u00f4les de vitesse renforc\u00e9s, interdiction de transit des poids lourds en agglom\u00e9ration, contr\u00f4le vignettes de contr\u00f4les techniques obligatoires et respect des bridages des deux roues motoris\u00e9s, antipollution des v\u00e9hicules<\/li>\n<li>emploi du feu de type, par exemple, br\u00fblage \u00e0 l\u2019air libre \u2013 des d\u00e9chets verts ou encore feux d\u2019agr\u00e9ments par les particuliers.<\/li>\n<\/ul>\n<p>Vid\u00e9os : en ce moment sur Actu<strong>Secteur industriel\u2009:<\/strong><\/p>\n<ul class=\" wall-content\">\n<li>Reporter certaines op\u00e9rations \u00e9mettrices de pollution,<\/li>\n<li>Reporter le d\u00e9marrage d\u2019unit\u00e9s \u00e0 l\u2019arr\u00eat<\/li>\n<\/ul>\n<p class=\" wall-content\">Suivez toute l\u2019actualit\u00e9 de vos villes et m\u00e9dias favoris en vous inscrivant \u00e0 <a href=\"https:\/\/moncompte.actu.fr\" title=\"D\u00e9couvez Mon Actu\" rel=\"nofollow noopener\" data-trk=\"{&quot;cta&quot;:{&quot;action&quot;:&quot;https:\\\/\\\/moncompte.actu.fr&quot;,&quot;category&quot;:&quot;mon compte&quot;,&quot;from&quot;:&quot;article footer&quot;,&quot;name&quot;:&quot;Mon actu&quot;,&quot;type&quot;:&quot;cta&quot;}}\" target=\"_blank\">Mon Actu<\/a>.<\/p>\n","protected":false},"excerpt":{"rendered":"Par L\u00e9a Afonso Publi\u00e9 le 20 juin 2025 \u00e0 18h43 Un violent \u00e9pisode de pollution \u00e0 l\u2019ozone touche&hellip;\n","protected":false},"author":2,"featured_media":191406,"comment_status":"","ping_status":"","sticky":false,"template":"","format":"standard","meta":{"footnotes":""},"categories":[2816],"tags":[1111,11,1777,674,1011,27,12,2680,1800,25,104,2312],"class_list":{"0":"post-191405","1":"post","2":"type-post","3":"status-publish","4":"format-standard","5":"has-post-thumbnail","7":"category-toulouse","8":"tag-actu","9":"tag-actualites","10":"tag-eu","11":"tag-europe","12":"tag-fr","13":"tag-france","14":"tag-news","15":"tag-occitanie","16":"tag-pollution","17":"tag-republique-francaise","18":"tag-societe","19":"tag-toulouse"},"share_on_mastodon":{"url":"https:\/\/pubeurope.com\/@fr\/114716745660089393","error":""},"_links":{"self":[{"href":"https:\/\/www.europesays.com\/fr\/wp-json\/wp\/v2\/posts\/191405","targetHints":{"allow":["GET"]}}],"collection":[{"href":"https:\/\/www.europesays.com\/fr\/wp-json\/wp\/v2\/posts"}],"about":[{"href":"https:\/\/www.europesays.com\/fr\/wp-json\/wp\/v2\/types\/post"}],"author":[{"embeddable":true,"href":"https:\/\/www.europesays.com\/fr\/wp-json\/wp\/v2\/users\/2"}],"replies":[{"embeddable":true,"href":"https:\/\/www.europesays.com\/fr\/wp-json\/wp\/v2\/comments?post=191405"}],"version-history":[{"count":0,"href":"https:\/\/www.europesays.com\/fr\/wp-json\/wp\/v2\/posts\/191405\/revisions"}],"wp:featuredmedia":[{"embeddable":true,"href":"https:\/\/www.europesays.com\/fr\/wp-json\/wp\/v2\/media\/191406"}],"wp:attachment":[{"href":"https:\/\/www.europesays.com\/fr\/wp-json\/wp\/v2\/media?parent=191405"}],"wp:term":[{"taxonomy":"category","embeddable":true,"href":"https:\/\/www.europesays.com\/fr\/wp-json\/wp\/v2\/categories?post=191405"},{"taxonomy":"post_tag","embeddable":true,"href":"https:\/\/www.europesays.com\/fr\/wp-json\/wp\/v2\/tags?post=191405"}],"curies":[{"name":"wp","href":"https:\/\/api.w.org\/{rel}","templated":true}]}}