{"id":191409,"date":"2025-06-20T16:57:11","date_gmt":"2025-06-20T16:57:11","guid":{"rendered":"https:\/\/www.europesays.com\/fr\/191409\/"},"modified":"2025-06-20T16:57:11","modified_gmt":"2025-06-20T16:57:11","slug":"communique-de-presse-lancement-de-la-marque-hauts-de-france-mobilites-un-nouvel-elan-pour-les-transports-regionaux","status":"publish","type":"post","link":"https:\/\/www.europesays.com\/fr\/191409\/","title":{"rendered":"Communiqu\u00e9 de presse : lancement de la marque Hauts-de-France mobilit\u00e9s &#8211; un nouvel \u00e9lan pour les transports r\u00e9gionaux"},"content":{"rendered":"<p>Ce nouveau nom, f\u00e9d\u00e9rateur et ambitieux, incarne la volont\u00e9 de la R\u00e9gion de construire une identit\u00e9 forte autour de la mobilit\u00e9, au service de ses habitants, de ses visiteurs, et des territoires.\n<\/p>\n<p>Une r\u00e9ponse aux enjeux de demain<\/p>\n<p>La nouvelle marque Hauts-de-France mobilit\u00e9s apparait dans un contexte de transformation profonde du paysage des transports :<\/p>\n<ul>\n<li>Avec la r\u00e9gionalisation progressive des r\u00e9gies,<\/li>\n<li>L\u2019ouverture \u00e0 la concurrence du r\u00e9seau ferr\u00e9 (la marque TER restant propri\u00e9t\u00e9 de la SNCF),<\/li>\n<li>La red\u00e9finition \u00e0 venir des contrats interurbains au-del\u00e0 du cadre d\u00e9partemental,<\/li>\n<li>Le d\u00e9veloppement d\u2019un futur syst\u00e8me de distribution r\u00e9gional unifi\u00e9,<\/li>\n<li>Et la cr\u00e9ation d\u2019un site internet d\u00e9di\u00e9 \u00e0 la mobilit\u00e9 r\u00e9gionale, vitrine num\u00e9rique de la marque et point d\u2019entr\u00e9e unique pour les usagers,<\/li>\n<\/ul>\n<p>La mise en place de la marque Hauts-de-France mobilit\u00e9s r\u00e9pond \u00e0 une exigence de lisibilit\u00e9, d\u2019unit\u00e9 et de coh\u00e9rence sur l\u2019ensemble du territoire r\u00e9gional.<\/p>\n<p>Une marque au service des usagers et du territoire<\/p>\n<p>Hauts-de-France mobilit\u00e9s est bien plus qu\u2019un nom : c\u2019est une promesse. Celle d\u2019un service public de mobilit\u00e9 accessible, fiable et proche de ses usagers. Les objectifs sont clairs :<\/p>\n<ul>\n<li>\u00catre rapidement identifiable et reconnu,<\/li>\n<li>Cr\u00e9er un r\u00e9flexe de reconnaissance pour faciliter le quotidien des voyageurs, y compris de passage dans notre r\u00e9gion,<\/li>\n<li>Tisser un lien durable avec les usagers, les habitants et les territoires,<\/li>\n<li>F\u00e9d\u00e9rer l\u2019offre de transport autour d\u2019une marque unique, claire et visible,<\/li>\n<li>Proposer un site internet centralis\u00e9, clair et ergonomique, pour s\u2019informer, planifier ses d\u00e9placements et acc\u00e9der aux services de mobilit\u00e9 dans toute la r\u00e9gion.<\/li>\n<\/ul>\n<p>Fid\u00e9liser les usagers et en convaincre de nouveaux<\/p>\n<p>Avec Hauts-de-France mobilit\u00e9s, la R\u00e9gion affirme sa volont\u00e9 de fid\u00e9liser ses usagers actuels tout en partant \u00e0 la conqu\u00eate de nouveaux publics. Cette marque constitue un outil essentiel pour porter une vision modernis\u00e9e, unifi\u00e9e et connect\u00e9e de la mobilit\u00e9 dans les Hauts-de-France.<\/p>\n<blockquote>\n<p>\u00ab Avec Hauts-de-France mobilit\u00e9s, nous affirmons que la R\u00e9gion est pr\u00e9sente au quotidien pour ses habitants \u00e0 travers ses services de transports en commun : trains, cars, transports scolaires\u2026 C\u2019est un marqueur de confiance, et un outil pour mieux connecter nos territoires.<br \/>Elle refl\u00e8te notre volont\u00e9 d\u2019offrir un service public de transport plus lisible, plus simple et plus proche de nos concitoyens. \u00c0 travers cette marque, nous voulons donner aux usagers et \u00e0 tous les habitants de la r\u00e9gion un rep\u00e8re clair, un point d\u2019entr\u00e9e unique, que ce soit pour s\u2019informer, voyager ou s\u2019orienter dans une offre de plus en plus diversifi\u00e9e.<br \/>Nous entrons dans une nouvelle phase, marqu\u00e9e par l\u2019ouverture \u00e0 la concurrence, la r\u00e9gionalisation des r\u00e9gies, et la cr\u00e9ation d\u2019un syst\u00e8me de distribution modernis\u00e9. Hauts-de-France mobilit\u00e9s incarne notre engagement \u00e0 accompagner ces mutations au service de l\u2019int\u00e9r\u00eat g\u00e9n\u00e9ral. \u00bb<\/p>\n<\/blockquote>\n<p>Christophe Coulon, Vice-Pr\u00e9sident de la R\u00e9gion Hauts-de-France en charge des mobilit\u00e9s, des infrastructures de transport et des ports.<\/p>\n","protected":false},"excerpt":{"rendered":"Ce nouveau nom, f\u00e9d\u00e9rateur et ambitieux, incarne la volont\u00e9 de la R\u00e9gion de construire une identit\u00e9 forte autour&hellip;\n","protected":false},"author":2,"featured_media":100004,"comment_status":"","ping_status":"","sticky":false,"template":"","format":"standard","meta":{"footnotes":""},"categories":[2815],"tags":[1111,11,2327,1777,674,1011,27,811,1307,1137,12,25,11280,2803],"class_list":{"0":"post-191409","1":"post","2":"type-post","3":"status-publish","4":"format-standard","5":"has-post-thumbnail","7":"category-lille","8":"tag-actu","9":"tag-actualites","10":"tag-conseil-regional","11":"tag-eu","12":"tag-europe","13":"tag-fr","14":"tag-france","15":"tag-hauts-de-france","16":"tag-lille","17":"tag-mobilite","18":"tag-news","19":"tag-republique-francaise","20":"tag-territoire","21":"tag-transport"},"share_on_mastodon":{"url":"https:\/\/pubeurope.com\/@fr\/114716753548828958","error":""},"_links":{"self":[{"href":"https:\/\/www.europesays.com\/fr\/wp-json\/wp\/v2\/posts\/191409","targetHints":{"allow":["GET"]}}],"collection":[{"href":"https:\/\/www.europesays.com\/fr\/wp-json\/wp\/v2\/posts"}],"about":[{"href":"https:\/\/www.europesays.com\/fr\/wp-json\/wp\/v2\/types\/post"}],"author":[{"embeddable":true,"href":"https:\/\/www.europesays.com\/fr\/wp-json\/wp\/v2\/users\/2"}],"replies":[{"embeddable":true,"href":"https:\/\/www.europesays.com\/fr\/wp-json\/wp\/v2\/comments?post=191409"}],"version-history":[{"count":0,"href":"https:\/\/www.europesays.com\/fr\/wp-json\/wp\/v2\/posts\/191409\/revisions"}],"wp:featuredmedia":[{"embeddable":true,"href":"https:\/\/www.europesays.com\/fr\/wp-json\/wp\/v2\/media\/100004"}],"wp:attachment":[{"href":"https:\/\/www.europesays.com\/fr\/wp-json\/wp\/v2\/media?parent=191409"}],"wp:term":[{"taxonomy":"category","embeddable":true,"href":"https:\/\/www.europesays.com\/fr\/wp-json\/wp\/v2\/categories?post=191409"},{"taxonomy":"post_tag","embeddable":true,"href":"https:\/\/www.europesays.com\/fr\/wp-json\/wp\/v2\/tags?post=191409"}],"curies":[{"name":"wp","href":"https:\/\/api.w.org\/{rel}","templated":true}]}}