{"id":191412,"date":"2025-06-20T16:59:11","date_gmt":"2025-06-20T16:59:11","guid":{"rendered":"https:\/\/www.europesays.com\/fr\/191412\/"},"modified":"2025-06-20T16:59:11","modified_gmt":"2025-06-20T16:59:11","slug":"la-prefecture-requisitionne-onet-pour-le-nettoyage-du-metro","status":"publish","type":"post","link":"https:\/\/www.europesays.com\/fr\/191412\/","title":{"rendered":"La pr\u00e9fecture r\u00e9quisitionne Onet pour le nettoyage du m\u00e9tro"},"content":{"rendered":"\n<p>Cons\u00e9quence directe de la r\u00e9siliation, le 17 juin dernier, du march\u00e9 du nettoyage du m\u00e9tro marseillais par la RTM qu\u2019elle avait confi\u00e9 \u00e0 Atalian : les poubelles d\u00e9bordent et le nettoyage n\u2019est plus effectu\u00e9 dans les stations et les rames, ce vendredi.<\/p>\n<p>En r\u00e9action, la RTM a saisi, ce vendredi, la pr\u00e9fecture de police en vue de proc\u00e9der \u00e0 des r\u00e9quisitions \u00abpour assurer la salubrit\u00e9 des installations\u00bb. \u00ab Face \u00e0 la d\u00e9gradation constat\u00e9e de l\u2019\u00e9tat de propret\u00e9 des stations et des rames de m\u00e9tro, le pr\u00e9fet des Bouches-du-Rh\u00f4ne a pris ce jour un arr\u00eat\u00e9 de r\u00e9quisition \u00bb, explique la RTM, dans un communiqu\u00e9 de presse diffus\u00e9 en d\u00e9but de soir\u00e9e. Selon des \u00e9chos concordants, la Pr\u00e9fecture va notifier l\u2019entreprise Onet pour prendre le relais. Une r\u00e9quisition pour une dur\u00e9e de quatre semaines minimum selon nos informations. La RTM n\u2019ayant pas encore lanc\u00e9 d\u2019appel d\u2019offres pour prendre la suite d\u2019Atalian, il est possible que ces r\u00e9quisitions soient renouvel\u00e9es dans un mois, selon le temps que prendra ladite proc\u00e9dure.<\/p>\n<p>Notons enfin que le syndicat FO, bien implant\u00e9 sur le m\u00e9tro, a d\u00e9pos\u00e9 un pr\u00e9avis de gr\u00e8ve d\u00e9butant ce dimanche 22 juin, citant cette probl\u00e9matique de nettoyage dans le m\u00e9tro.<\/p>\n","protected":false},"excerpt":{"rendered":"Cons\u00e9quence directe de la r\u00e9siliation, le 17 juin dernier, du march\u00e9 du nettoyage du m\u00e9tro marseillais par la&hellip;\n","protected":false},"author":2,"featured_media":191413,"comment_status":"","ping_status":"","sticky":false,"template":"","format":"standard","meta":{"footnotes":""},"categories":[2814],"tags":[1111,11,32396,1777,674,1011,27,884,12,882,25],"class_list":{"0":"post-191412","1":"post","2":"type-post","3":"status-publish","4":"format-standard","5":"has-post-thumbnail","7":"category-marseille","8":"tag-actu","9":"tag-actualites","10":"tag-atalian","11":"tag-eu","12":"tag-europe","13":"tag-fr","14":"tag-france","15":"tag-marseille","16":"tag-news","17":"tag-provence-alpes-cote-dazur","18":"tag-republique-francaise"},"share_on_mastodon":{"url":"https:\/\/pubeurope.com\/@fr\/114716761485961236","error":""},"_links":{"self":[{"href":"https:\/\/www.europesays.com\/fr\/wp-json\/wp\/v2\/posts\/191412","targetHints":{"allow":["GET"]}}],"collection":[{"href":"https:\/\/www.europesays.com\/fr\/wp-json\/wp\/v2\/posts"}],"about":[{"href":"https:\/\/www.europesays.com\/fr\/wp-json\/wp\/v2\/types\/post"}],"author":[{"embeddable":true,"href":"https:\/\/www.europesays.com\/fr\/wp-json\/wp\/v2\/users\/2"}],"replies":[{"embeddable":true,"href":"https:\/\/www.europesays.com\/fr\/wp-json\/wp\/v2\/comments?post=191412"}],"version-history":[{"count":0,"href":"https:\/\/www.europesays.com\/fr\/wp-json\/wp\/v2\/posts\/191412\/revisions"}],"wp:featuredmedia":[{"embeddable":true,"href":"https:\/\/www.europesays.com\/fr\/wp-json\/wp\/v2\/media\/191413"}],"wp:attachment":[{"href":"https:\/\/www.europesays.com\/fr\/wp-json\/wp\/v2\/media?parent=191412"}],"wp:term":[{"taxonomy":"category","embeddable":true,"href":"https:\/\/www.europesays.com\/fr\/wp-json\/wp\/v2\/categories?post=191412"},{"taxonomy":"post_tag","embeddable":true,"href":"https:\/\/www.europesays.com\/fr\/wp-json\/wp\/v2\/tags?post=191412"}],"curies":[{"name":"wp","href":"https:\/\/api.w.org\/{rel}","templated":true}]}}