{"id":191433,"date":"2025-06-20T17:10:13","date_gmt":"2025-06-20T17:10:13","guid":{"rendered":"https:\/\/www.europesays.com\/fr\/191433\/"},"modified":"2025-06-20T17:10:13","modified_gmt":"2025-06-20T17:10:13","slug":"aucune-loi-ne-prevoit-un-prelevement-pour-lukraine-sur-les-comptes-des-francais-a-partir-de-juillet","status":"publish","type":"post","link":"https:\/\/www.europesays.com\/fr\/191433\/","title":{"rendered":"Aucune loi ne pr\u00e9voit un pr\u00e9l\u00e8vement pour l&rsquo;Ukraine sur les comptes des Fran\u00e7ais \u00e0 partir de juillet"},"content":{"rendered":"<p>La d\u00e9sinformation li\u00e9e aux finances des Fran\u00e7ais est tr\u00e8s pr\u00e9sente sur les r\u00e9seaux sociaux, diffus\u00e9e par des comptes en qu\u00eate d&rsquo;audience. Ces derniers jours, des vid\u00e9os partag\u00e9es des dizaines de milliers de fois sur plusieurs plateformes pr\u00e9tendent qu&rsquo;un pr\u00e9l\u00e8vement mensuel de 12 euros sur les comptes de tous les Fran\u00e7ais sera mise en place \u00e0 partir de juillet 2025. Vot\u00e9e \u00ab\u00a0discr\u00e8tement\u00a0\u00bb, cette mesure aurait pour objectif de financer l&rsquo;aide \u00e0 l&rsquo;Ukraine. Mais ces rumeurs sont fausses : aucune disposition de ce type n&rsquo;est en place ou envisag\u00e9e, a assur\u00e9 le minist\u00e8re de l&rsquo;\u00c9conomie \u00e0 l&rsquo;AFP, et elle serait en l&rsquo;\u00e9tat ill\u00e9gale, selon des sp\u00e9cialistes.<\/p>\n<p>\u00ab\u00a0On vient de l&rsquo;apprendre \u00e0 l&rsquo;instant, la loi vient d&rsquo;\u00eatre adopt\u00e9e. A partir du 1er juillet 2025, une nouvelle mesure suscite l&rsquo;indignation. Tous les Fran\u00e7ais, sans distinction qu&rsquo;ils soient salari\u00e9s, retrait\u00e9s, \u00e9tudiants ou allocataires du RSA, verront 12 euros pr\u00e9lev\u00e9s automatiquement chaque mois sur leur compte bancaire. Cette nouvelle taxe, appel\u00e9e Contribution citoyenne de solidarit\u00e9 ext\u00e9rieure, a \u00e9t\u00e9 adopt\u00e9e discr\u00e8tement par l&rsquo;Assembl\u00e9e nationale le 28 mai dernier, sans v\u00e9ritable d\u00e9bat public\u00a0\u00bb, \u00e9nonce la voix-off d&rsquo;<a href=\"https:\/\/mvau.lt\/media\/96af0e54-f604-4b76-9bc7-5909cd141520\" rel=\"nofollow noopener\" target=\"_blank\" data-ylk=\"slk:une vid\u00e9o;elm:context_link;itc:0;sec:content-canvas\" class=\"link \">une vid\u00e9o<\/a> encha\u00eenant des images d&rsquo;illustration ayant r\u00e9colt\u00e9 plus d&rsquo;un million de vues et plus de 18.000 partages sur TikTok depuis le 9 juin.<\/p>\n<p>\u00ab\u00a0Derri\u00e8re ce nom neutre se cache une r\u00e9alit\u00e9 bien plus controvers\u00e9e. Ces fonds serviront \u00e0 financer l&rsquo;aide militaire \u00e0 l&rsquo;Ukraine. Et ce n&rsquo;est pas tout. Cette contribution est obligatoire, non d\u00e9ductible des imp\u00f4ts et concerne l&rsquo;ensemble de la population. Dans un contexte d\u00e9j\u00e0 tendu marqu\u00e9 par la hausse des prix, la baisse du pouvoir d&rsquo;achat et la pression sur les services publics, est-il juste d&rsquo;imposer une telle charge suppl\u00e9mentaire aux citoyens, sans consultation ni transparence ?\u00a0\u00bb, poursuit la publication, appelant les internautes \u00e0 en d\u00e9battre dans les commentaires.<\/p>\n<p>Les m\u00eames all\u00e9gations ont accumul\u00e9 d&rsquo;autres dizaines de milliers de partages dans d&rsquo;autres vid\u00e9os sur TikTok (<a href=\"https:\/\/mvau.lt\/media\/3c170178-6267-466a-807c-92b294ba172a\" rel=\"nofollow noopener\" target=\"_blank\" data-ylk=\"slk:1;elm:context_link;itc:0;sec:content-canvas\" class=\"link \">1<\/a>, <a href=\"https:\/\/mvau.lt\/media\/558e350e-a5c4-4313-bd1d-992a900c252e\" rel=\"nofollow noopener\" target=\"_blank\" data-ylk=\"slk:2;elm:context_link;itc:0;sec:content-canvas\" class=\"link \">2<\/a>, <a href=\"https:\/\/mvau.lt\/media\/7f58f7d7-a9a6-49ef-8536-d2f19505064d\" rel=\"nofollow noopener\" target=\"_blank\" data-ylk=\"slk:3;elm:context_link;itc:0;sec:content-canvas\" class=\"link \">3<\/a>), mais aussi sur <a href=\"https:\/\/mvau.lt\/media\/9d9fdb00-46ae-4d30-a691-eab88b59e24e\" rel=\"nofollow noopener\" target=\"_blank\" data-ylk=\"slk:Facebook;elm:context_link;itc:0;sec:content-canvas\" class=\"link \">Facebook<\/a> et <a href=\"https:\/\/mvau.lt\/media\/43719276-1432-4562-bb12-dc751e7d3a94\" rel=\"nofollow noopener\" target=\"_blank\" data-ylk=\"slk:Instagram;elm:context_link;itc:0;sec:content-canvas\" class=\"link \">Instagram<\/a>.<\/p>\n<p><img class=\"caas-img caas-lazy has-preview\" alt=\"&lt;span&gt;Captures d'\u00e9cran prises sur TikTok, Facebook et Instagram le 20\/06\/2025, croix rouges ajout\u00e9es par l'AFP.&lt;\/span&gt;\" data-src=\"https:\/\/www.europesays.com\/fr\/wp-content\/uploads\/2025\/06\/eddfb1d6b486f21fec96a2d1b97565dd.jpeg\"\/><\/p>\n<p>Captures d&rsquo;\u00e9cran prises sur TikTok, Facebook et Instagram le 20\/06\/2025, croix rouges ajout\u00e9es par l&rsquo;AFP.<\/p>\n<p>Sur TikTok, les vid\u00e9os sont diffus\u00e9es par divers comptes pr\u00e9tendant diffuser des actualit\u00e9s, mais qui m\u00ealent en r\u00e9alit\u00e9 faits r\u00e9els et d\u00e9sinformation. Une tendance que l&rsquo;AFP avait d\u00e9j\u00e0 d\u00e9crite dans\u00a0<a href=\"https:\/\/factuel.afp.com\/doc.afp.com.36PB39P\" rel=\"nofollow noopener\" target=\"_blank\" data-ylk=\"slk:cet article;elm:context_link;itc:0;sec:content-canvas\" class=\"link \">cet article<\/a> : ces derni\u00e8res ann\u00e9es, de nombreux comptes similaires ont vu le jour, reconnaissables par leur mise en page alarmiste ou en imitant les codes visuels de m\u00e9dias existants et avec pour objectif commun d&rsquo;obtenir un maximum d&rsquo;engagement.<\/p>\n<p>Les rumeurs li\u00e9es \u00e0 la r\u00e9quisition des \u00e9conomies des Fran\u00e7ais pour financer la guerre en Ukraine circulent aussi r\u00e9guli\u00e8rement sur les r\u00e9seaux sociaux. \u00ab\u00a0Epargne saisie en 72 heures\u00a0\u00bb, \u00ab\u00a0500 euros pr\u00e9lev\u00e9s\u00a0\u00bb\u00a0sur les comptes d'\u00a0\u00bbun Fran\u00e7ais sur dix\u00a0\u00bb, libert\u00e9 pour l&rsquo;Etat de tout\u00a0\u00ab\u00a0r\u00e9quisitionner\u00a0\u00bb ou de \u00ab\u00a0piquer\u00a0\u00bb dans l&rsquo;\u00e9pargne des citoyens : l&rsquo;AFP\u00a0<a href=\"https:\/\/factuel.afp.com\/doc.afp.com.36PE2QJ\" rel=\"nofollow noopener\" target=\"_blank\" data-ylk=\"slk:a d\u00e9j\u00e0 d\u00e9taill\u00e9;elm:context_link;itc:0;sec:content-canvas\" class=\"link \">a d\u00e9j\u00e0 d\u00e9taill\u00e9<\/a>\u00a0dans plusieurs\u00a0<a href=\"https:\/\/factuel.afp.com\/doc.afp.com.34KQ34W\" rel=\"nofollow noopener\" target=\"_blank\" data-ylk=\"slk:articles de v\u00e9rification;elm:context_link;itc:0;sec:content-canvas\" class=\"link \">articles de v\u00e9rification<\/a>\u00a0que <a href=\"https:\/\/factuel.afp.com\/doc.afp.com.36ZG8FB\" rel=\"nofollow noopener\" target=\"_blank\" data-ylk=\"slk:ces infox;elm:context_link;itc:0;sec:content-canvas\" class=\"link \">ces infox<\/a> \u00e9taient\u00a0<a href=\"https:\/\/factuel.afp.com\/doc.afp.com.33MV6TQ\" rel=\"nofollow noopener\" target=\"_blank\" data-ylk=\"slk:infond\u00e9es;elm:context_link;itc:0;sec:content-canvas\" class=\"link \">infond\u00e9es<\/a>.<\/p>\n<p>D\u00e9but 2025, le pr\u00e9sident fran\u00e7ais Emmanuel Macron avait <a href=\"https:\/\/www.latribune.fr\/economie\/france\/defense-macron-n-exclut-pas-de-faire-appel-a-l-epargne-des-francais-1018860.html\" rel=\"nofollow noopener\" target=\"_blank\" data-ylk=\"slk:indiqu\u00e9;elm:context_link;itc:0;sec:content-canvas\" class=\"link \">indiqu\u00e9<\/a> qu&rsquo;il \u00ab\u00a0n&rsquo;excluait pas\u00a0\u00bb\u00a0de\u00a0\u00ab\u00a0lancer des produits d&rsquo;\u00e9pargne\u00a0\u00bb\u00a0et de\u00a0\u00ab\u00a0faire appel \u00e0 la nation\u00a0\u00bb\u00a0pour\u00a0\u00ab\u00a0financer certains programmes\u00a0\u00bb de d\u00e9fense fran\u00e7ais (<a href=\"https:\/\/perma.cc\/M84T-3U9P\" rel=\"nofollow noopener\" target=\"_blank\" data-ylk=\"slk:lien archiv\u00e9 ici;elm:context_link;itc:0;sec:content-canvas\" class=\"link \">lien archiv\u00e9 ici<\/a>), ce qui avait \u00e9galement relanc\u00e9 de la d\u00e9sinformation sur le sujet.<\/p>\n<p>Mais comme l&rsquo;avaient <a href=\"https:\/\/factuel.afp.com\/doc.afp.com.36ZG8FB\" rel=\"nofollow noopener\" target=\"_blank\" data-ylk=\"slk:rappel\u00e9;elm:context_link;itc:0;sec:content-canvas\" class=\"link \">rappel\u00e9<\/a> des experts \u00e0 l&rsquo;AFP, il n&rsquo;existe aujourd&rsquo;hui aucune loi qui g\u00e9n\u00e9raliserait et rendrait obligatoire la participation des \u00e9pargnants aux d\u00e9penses suppl\u00e9mentaires de d\u00e9fense. Une appropriation des \u00e9conomies des Fran\u00e7ais par l&rsquo;Etat serait d&rsquo;ailleurs ill\u00e9gale.<\/p>\n<p>Pas de trace de telle loi sur le site de l&rsquo;Assembl\u00e9e<\/p>\n<p>Premier \u00e9l\u00e9ment pouvant mettre sur la piste d&rsquo;une fausse affirmation : des recherches avec les mots \u00ab\u00a0contribution citoyenne de solidarit\u00e9 ext\u00e9rieure\u00a0\u00bb sur Google ne renvoient que vers des publications sur les r\u00e9seaux sociaux reprenant la rumeur, mais vers aucun article de m\u00e9dia ou site officiel mentionnant une telle mesure.<\/p>\n<p>Nous avons poursuivi nos recherches sur le site de l&rsquo;Assembl\u00e9e nationale, qui permet notamment d&rsquo;interroger des banques de donn\u00e9es sur les <a href=\"https:\/\/www2.assemblee-nationale.fr\/documents\/liste\/(type)\/propositions-loi\/(legis)\/17\" rel=\"nofollow noopener\" target=\"_blank\" data-ylk=\"slk:propositions;elm:context_link;itc:0;sec:content-canvas\" class=\"link \">propositions<\/a>\u00a0(\u00e9manant de parlementaires) et\u00a0<a href=\"https:\/\/www2.assemblee-nationale.fr\/documents\/liste\/(type)\/projets-loi\/(legis)\/17\" rel=\"nofollow noopener\" target=\"_blank\" data-ylk=\"slk:projets;elm:context_link;itc:0;sec:content-canvas\" class=\"link \">projets<\/a>\u00a0de loi (de l&rsquo;ex\u00e9cutif &#8211; liens archiv\u00e9s\u00a0<a href=\"https:\/\/perma.cc\/446K-7D4N\" rel=\"nofollow noopener\" target=\"_blank\" data-ylk=\"slk:ici;elm:context_link;itc:0;sec:content-canvas\" class=\"link \">ici<\/a>\u00a0et\u00a0<a href=\"https:\/\/perma.cc\/NEY7-BWZB\" rel=\"nofollow noopener\" target=\"_blank\" data-ylk=\"slk:ici;elm:context_link;itc:0;sec:content-canvas\" class=\"link \">ici<\/a>).<\/p>\n<p>Mais des recherches avec les m\u00eames mots-cl\u00e9s n&rsquo;ont permis de retrouver aucune proposition l\u00e9gislative avec ces termes depuis le d\u00e9but de l&rsquo;ann\u00e9e 2025.<\/p>\n<p><img class=\"caas-img caas-lazy has-preview\" alt=\"&lt;span&gt;Captures d'\u00e9cran prises sur le site de l'Assembl\u00e9e nationale le 20\/06\/2025.&lt;\/span&gt;\" data-src=\"https:\/\/www.europesays.com\/fr\/wp-content\/uploads\/2025\/06\/5bd641855f4146627c50172fc6bf0199.jpeg\"\/><\/p>\n<p>Captures d&rsquo;\u00e9cran prises sur le site de l&rsquo;Assembl\u00e9e nationale le 20\/06\/2025.<\/p>\n<p>Interrog\u00e9 par l&rsquo;AFP, le service presse du minist\u00e8re de l&rsquo;Economie, des Finances et de la Souverainet\u00e9 industrielle et num\u00e9rique, a d\u00e9nonc\u00e9 des \u00ab\u00a0fausses informations\u00a0\u00bb et confirm\u00e9 qu&rsquo;aucune loi instaurant de \u00ab\u00a0contribution citoyenne de solidarit\u00e9 ext\u00e9rieure\u00a0\u00bb sous forme de pr\u00e9l\u00e8vement mensuel de 12 euros pour tous les Fran\u00e7ais n&rsquo;\u00e9tait en place ou envisag\u00e9e, au 20 juin 2025.<\/p>\n<p>Des pr\u00e9l\u00e8vements arbitraires seraient ill\u00e9gaux<\/p>\n<p>De fait, comme l&rsquo;ont d\u00e9j\u00e0 maintes fois rappel\u00e9 des sp\u00e9cialistes aupr\u00e8s de l&rsquo;AFP, malgr\u00e9 les nombreuses rumeurs li\u00e9es au fait que l&rsquo;Etat pourrait pr\u00e9lever de l&rsquo;argent sur les comptes des Fran\u00e7ais, une telle mesure serait en l&rsquo;\u00e9tat ill\u00e9gale.<\/p>\n<p>\u00ab\u00a0A aucun moment l&rsquo;Etat ne peut venir ponctionner une somme d&rsquo;argent sur les comptes \u00e9pargne des Fran\u00e7ais. Il ne pourrait pas non plus sur les comptes courants\u00a0\u00bb, avait ainsi assur\u00e9 la\u00a0<a href=\"https:\/\/www.fbf.fr\/fr\/la-federation\/\" rel=\"nofollow noopener\" target=\"_blank\" data-ylk=\"slk:F\u00e9d\u00e9ration bancaire fran\u00e7aise;elm:context_link;itc:0;sec:content-canvas\" class=\"link \">F\u00e9d\u00e9ration bancaire fran\u00e7aise<\/a> (FBF -lien archiv\u00e9 <a href=\"https:\/\/perma.cc\/W3XA-7627\" rel=\"nofollow noopener\" target=\"_blank\" data-ylk=\"slk:ici;elm:context_link;itc:0;sec:content-canvas\" class=\"link \">ici<\/a>) <a href=\"https:\/\/factuel.afp.com\/doc.afp.com.34KQ34W\" rel=\"nofollow noopener\" target=\"_blank\" data-ylk=\"slk:au printemps 2024;elm:context_link;itc:0;sec:content-canvas\" class=\"link \">au printemps 2024<\/a>.<\/p>\n<p>Dans le cas contraire, cela \u00ab\u00a0<strong>s&rsquo;apparenterait \u00e0 une tentative de spoliation<\/strong>\u00ab\u00a0, avait ajout\u00e9\u00a0<a href=\"https:\/\/www.ieseg.fr\/en\/faculty-and-research\/professor\/?id=1227\" rel=\"nofollow noopener\" target=\"_blank\" data-ylk=\"slk:Eric Dor;elm:context_link;itc:0;sec:content-canvas\" class=\"link \">Eric Dor<\/a>, \u00e9conomiste et directeur des \u00e9tudes \u00e9conomiques de l&rsquo;IESEG School of Management \u00e0 Paris et Lille (lien archiv\u00e9\u00a0<a href=\"https:\/\/perma.cc\/DSU2-NDUY\" rel=\"nofollow noopener\" target=\"_blank\" data-ylk=\"slk:\u00a0ici;elm:context_link;itc:0;sec:content-canvas\" class=\"link \">\u00a0ici<\/a>).<\/p>\n<p>L&rsquo;<a href=\"https:\/\/www.legifrance.gouv.fr\/loda\/article_lc\/LEGIARTI000006527444\" rel=\"nofollow noopener\" target=\"_blank\" data-ylk=\"slk:article 17;elm:context_link;itc:0;sec:content-canvas\" class=\"link \">article 17<\/a> de la D\u00e9claration du 26 ao\u00fbt 1789 des droits de l&rsquo;homme et du citoyen dispose en effet que \u00ab\u00a0<strong>la propri\u00e9t\u00e9 \u00e9tant un droit inviolable et sacr\u00e9,<\/strong>\u00a0nul ne peut en \u00eatre priv\u00e9, si ce n&rsquo;est lorsque la n\u00e9cessit\u00e9 publique, l\u00e9galement constat\u00e9e, l&rsquo;exige \u00e9videmment, et sous la condition d&rsquo;une juste et pr\u00e9alable indemnit\u00e9\u00a0\u00bb, avait pr\u00e9cis\u00e9 la FBF, en d\u00e9plorant d\u00e9j\u00e0 \u00ab\u00a0la d\u00e9sinformation\u00a0\u00bb\u00a0sur ce sujet (lien archiv\u00e9<a href=\"https:\/\/perma.cc\/W4A6-VLHT\" rel=\"nofollow noopener\" target=\"_blank\" data-ylk=\"slk:ici;elm:context_link;itc:0;sec:content-canvas\" class=\"link \"> ici<\/a>).<\/p>\n<p>Si un tel pr\u00e9l\u00e8vement arbitraire par l&rsquo;Etat sur des comptes \u00e9pargne ne serait donc pas l\u00e9gal, le gouvernement pourrait n\u00e9anmoins en th\u00e9orie demander au Parlement de voter un imp\u00f4t d\u00e9di\u00e9 visant certaines personnes. Une id\u00e9e toutefois complexe et hautement improbable, selon les sp\u00e9cialistes interrog\u00e9s par l&rsquo;AFP <a href=\"https:\/\/factuel.afp.com\/doc.afp.com.36ZG8FB\" rel=\"nofollow noopener\" target=\"_blank\" data-ylk=\"slk:d\u00e9but 2025;elm:context_link;itc:0;sec:content-canvas\" class=\"link \">d\u00e9but 2025<\/a>. Et m\u00eame si un texte de loi \u00e9tait malgr\u00e9 tout adopt\u00e9, il serait encore ensuite soumis \u00e0 un contr\u00f4le de constitutionnalit\u00e9.<\/p>\n<p>Sur les r\u00e9seaux sociaux, de nombreuses rumeurs li\u00e9es aux \u00e9conomies des Fran\u00e7ais circulent r\u00e9guli\u00e8rement v\u00e9hicul\u00e9es par des comptes se faisant passer pour des m\u00e9dias diffusant des informations. Elles s&rsquo;appuient et extrapolent des inqui\u00e9tudes pour g\u00e9n\u00e9rer de l&rsquo;engagement, qui peut sur certaines plateformes g\u00e9n\u00e9rer des revenus pour les d\u00e9tenteurs des comptes.<\/p>\n","protected":false},"excerpt":{"rendered":"La d\u00e9sinformation li\u00e9e aux finances des Fran\u00e7ais est tr\u00e8s pr\u00e9sente sur les r\u00e9seaux sociaux, diffus\u00e9e par des comptes&hellip;\n","protected":false},"author":2,"featured_media":191434,"comment_status":"","ping_status":"","sticky":false,"template":"","format":"standard","meta":{"footnotes":""},"categories":[1590],"tags":[11,33007,30749,1777,674,3844,20426,12,938,220],"class_list":{"0":"post-191433","1":"post","2":"type-post","3":"status-publish","4":"format-standard","5":"has-post-thumbnail","7":"category-ukraine","8":"tag-actualites","9":"tag-captures-decran","10":"tag-comptes","11":"tag-eu","12":"tag-europe","13":"tag-francais","14":"tag-les-reseaux-sociaux","15":"tag-news","16":"tag-reseaux-sociaux","17":"tag-ukraine"},"share_on_mastodon":{"url":"https:\/\/pubeurope.com\/@fr\/114716804604721432","error":""},"_links":{"self":[{"href":"https:\/\/www.europesays.com\/fr\/wp-json\/wp\/v2\/posts\/191433","targetHints":{"allow":["GET"]}}],"collection":[{"href":"https:\/\/www.europesays.com\/fr\/wp-json\/wp\/v2\/posts"}],"about":[{"href":"https:\/\/www.europesays.com\/fr\/wp-json\/wp\/v2\/types\/post"}],"author":[{"embeddable":true,"href":"https:\/\/www.europesays.com\/fr\/wp-json\/wp\/v2\/users\/2"}],"replies":[{"embeddable":true,"href":"https:\/\/www.europesays.com\/fr\/wp-json\/wp\/v2\/comments?post=191433"}],"version-history":[{"count":0,"href":"https:\/\/www.europesays.com\/fr\/wp-json\/wp\/v2\/posts\/191433\/revisions"}],"wp:featuredmedia":[{"embeddable":true,"href":"https:\/\/www.europesays.com\/fr\/wp-json\/wp\/v2\/media\/191434"}],"wp:attachment":[{"href":"https:\/\/www.europesays.com\/fr\/wp-json\/wp\/v2\/media?parent=191433"}],"wp:term":[{"taxonomy":"category","embeddable":true,"href":"https:\/\/www.europesays.com\/fr\/wp-json\/wp\/v2\/categories?post=191433"},{"taxonomy":"post_tag","embeddable":true,"href":"https:\/\/www.europesays.com\/fr\/wp-json\/wp\/v2\/tags?post=191433"}],"curies":[{"name":"wp","href":"https:\/\/api.w.org\/{rel}","templated":true}]}}