{"id":191435,"date":"2025-06-20T17:11:11","date_gmt":"2025-06-20T17:11:11","guid":{"rendered":"https:\/\/www.europesays.com\/fr\/191435\/"},"modified":"2025-06-20T17:11:11","modified_gmt":"2025-06-20T17:11:11","slug":"cryptomonnaies-aux-usa-le-nouveau-president-de-la-sec-annule-14-regles-controversees-de-gary-gensler","status":"publish","type":"post","link":"https:\/\/www.europesays.com\/fr\/191435\/","title":{"rendered":"Cryptomonnaies aux USA : Le nouveau pr\u00e9sident de la SEC annule 14 r\u00e8gles controvers\u00e9es de Gary Gensler"},"content":{"rendered":"<p data-beyondwords-marker=\"4216a96c-fa04-44f1-8ffd-3aec0d50eb8a\">Un grand m\u00e9nage \u00e0 la SEC. Le changement de pr\u00e9sidence \u00e0 la Securities and Exchange Commission (SEC) des \u00c9tats-Unis, avec le d\u00e9part de Gary Gensler et l\u2019<a href=\"https:\/\/journalducoin.com\/actualites\/crypto-paul-atkins-nouveau-patron-sec-veut-etre-accommodant-avec-secteur\/\" data-wpel-link=\"internal\" target=\"_self\" rel=\"follow noopener noreferrer\" class=\"plausible-event-name=Liens+internes\">arriv\u00e9e de Paul Atkins<\/a>, a \u00e9t\u00e9 accueilli avec soulagement par les acteurs du secteur des cryptomonnaies. Et il semble que ce soulagement \u00e9tait bien justifi\u00e9, car le nouveau patron de la SEC vient d\u2019annoncer qu\u2019il annulait pas moins de 14 r\u00e8gles propos\u00e9es par son pr\u00e9d\u00e9cesseur.<\/p>\n<p><strong style=\"font-size: 18px\">Les points cl\u00e9s de cet article :<\/strong><\/p>\n<ul style=\"font-size: 18px\"><\/p>\n<li>Le changement de pr\u00e9sidence \u00e0 la SEC, avec Paul Atkins rempla\u00e7ant Gary Gensler, a marqu\u00e9 un tournant dans la politique de r\u00e9gulation financi\u00e8re.<\/li>\n<p><\/p>\n<li>Paul Atkins a annul\u00e9 14 r\u00e8gles propos\u00e9es par Gensler, touchant divers secteurs, y compris les cryptomonnaies, suscitant un accueil favorable des acteurs concern\u00e9s.<\/li>\n<\/ul>\n<p><\/p>\n<p>Paul Atkins annule 14 r\u00e8gles propos\u00e9es par Gary Gensler<\/p>\n<p data-beyondwords-marker=\"f1152902-ff26-4608-a719-90c112d8c9b2\">Selon une <a href=\"https:\/\/www.ft.com\/content\/08537ac6-c47b-4bd3-bae6-782ea8446afb\" data-wpel-link=\"external\" target=\"_blank\" rel=\"noopener\">r\u00e9cente<\/a> publication du Financial Times, <strong>Paul Atkins<\/strong>, le nouveau pr\u00e9sident de la Securities and Exchange Commission, a d\u00e9cid\u00e9 de faire table rase de plusieurs propositions de son pr\u00e9d\u00e9cesseur, <strong>Gary Gensler<\/strong>.<\/p>\n<p data-beyondwords-marker=\"374b1243-3763-4afc-b21b-56f74043d98d\">En effet, Paul Atkins a annonc\u00e9 qu\u2019il <strong>retirait 14 r\u00e8gles<\/strong> qui n\u2019avaient pas \u00e9t\u00e9 finalis\u00e9es avant le d\u00e9part de Gary Gensler. Ces r\u00e8gles couvraient divers sujets, allant des divulgations climatiques aux \u00e9changes de <a href=\"https:\/\/journalducoin.com\/bitcoin\/\" data-wpel-link=\"internal\" target=\"_self\" rel=\"follow noopener noreferrer\" class=\"plausible-event-name=Liens+internes\">bitcoin<\/a>, en passant par l\u2019intelligence artificielle.<\/p>\n<p data-beyondwords-marker=\"903d8d9a-80e2-49f4-b96e-2cdbbecdd515\">Cette d\u00e9cision marque un tournant dans la politique de la SEC, qui sous l\u2019administration Trump, adopte d\u00e9sormais une approche plus lib\u00e9rale en mati\u00e8re de r\u00e9gulation financi\u00e8re.<\/p>\n<blockquote data-beyondwords-marker=\"b6ae9ae4-b11a-4851-8709-0f6dbcfd8a90\" class=\"wp-block-quote is-layout-flow wp-block-quote-is-layout-flow\">\n<p data-beyondwords-marker=\"e0a3904a-28a6-454f-8f71-5dc1b7690aff\"><strong>\u00ab Nous revenons \u00e0 nos racines qui consistent \u00e0 promouvoir, plut\u00f4t qu\u2019\u00e0 \u00e9touffer, l\u2019innovation. Les march\u00e9s innovent, et la SEC ne devrait pas leur dire de rester immobiles. \u00bb<\/strong><\/p>\n<p data-beyondwords-marker=\"d5b94254-1e34-4ef6-bfa9-6c67c2d89515\">Paul Atkins, pr\u00e9sident de la SEC<\/p>\n<\/blockquote>\n<p><img fetchpriority=\"high\" decoding=\"async\" width=\"1920\" height=\"1080\" alt=\"\" class=\"wp-image-750098 lazyload\" src=\"https:\/\/www.europesays.com\/fr\/wp-content\/uploads\/2025\/06\/V4_Paul_Atkins_SEC_Sherif_Humour.jpg\" loading=\"lazy\"  data- data-eio-rwidth=\"1920\" data-eio-rheight=\"1080\"\/><\/p>\n<p>Les acteurs de la cryptomonnaie se r\u00e9jouissent de l\u2019annulation de ces r\u00e8gles<\/p>\n<p data-beyondwords-marker=\"0071b614-b18b-426f-89b8-0a5fff02a310\">Parmi les r\u00e8gles annul\u00e9es par Paul Atkins, certaines concernaient directement le secteur des actifs num\u00e9riques. Par exemple, une r\u00e8gle visait \u00e0 \u00e9largir la d\u00e9finition d\u2019un \u00ab \u00e9change de valeurs mobili\u00e8res \u00bb pour inclure les plateformes d\u00e9centralis\u00e9es de pair \u00e0 pair, ce qui aurait pu compliquer la vie des acteurs de la <a href=\"https:\/\/journalducoin.com\/defi\/\" target=\"_blank\" rel=\"noreferrer noopener follow\" data-wpel-link=\"internal\" class=\"plausible-event-name=Liens+internes\">DeFi<\/a>.<\/p>\n<p data-beyondwords-marker=\"8d7b8b62-9505-41ca-bd24-899ab0dee8ac\">Pour <strong>Laura Sanders<\/strong>, conseill\u00e8re principale \u00e0 la Blockchain Association, cette d\u00e9cision est une bonne nouvelle :<\/p>\n<blockquote data-beyondwords-marker=\"d62b71f9-c012-4e67-9c31-d057261e93aa\" class=\"wp-block-quote is-layout-flow wp-block-quote-is-layout-flow\">\n<p data-beyondwords-marker=\"09e0b278-3207-4e0b-ae0e-07d5603c09e4\"><strong>\u00ab L\u2019administration pr\u00e9c\u00e9dente a tent\u00e9 d\u2019appliquer des cadres r\u00e9glementaires obsol\u00e8tes \u00e0 la technologie d\u00e9centralis\u00e9e sans autorit\u00e9 l\u00e9gale claire ni contribution significative de l\u2019industrie. Nous sommes optimistes quant \u00e0 la voie \u00e0 suivre. \u00bb<\/strong><\/p>\n<p data-beyondwords-marker=\"8c9184c4-a339-4449-8dd2-5ae2a7648b5d\">Laura Sanders, conseill\u00e8re principale \u00e0 la Blockchain Association<\/p>\n<\/blockquote>\n<p data-beyondwords-marker=\"737eab9e-1fac-47d5-ba2f-b062cf907e64\">Le secteur des cryptomonnaies n\u2019est pas le seul \u00e0 se r\u00e9jouir de cette annonce. Les groupes de pression de Wall Street, qui avaient critiqu\u00e9 le programme de Gensler, ont \u00e9galement salu\u00e9 cette d\u00e9cision. Ils estiment que la SEC revient ainsi dans les limites de son mandat et \u00e9limine l\u2019incertitude sur l\u2019application de ces r\u00e8gles.<\/p>\n<p data-beyondwords-marker=\"8f20e5ee-c071-4a69-b126-6f4af068c18b\">Le nouveau pr\u00e9sident de la SEC, Paul Atkins, avait d\u00e9j\u00e0 annonc\u00e9 la couleur d\u00e8s sa prise de fonction, en d\u00e9clarant vouloir mettre fin \u00e0 la \u00ab<a href=\"https:\/\/journalducoin.com\/economie\/crypto-nouveau-patron-sec-paul-atkins-promet-approche-rationnelle-et-coherente\/\" data-wpel-link=\"internal\" target=\"_self\" rel=\"follow noopener noreferrer\" class=\"plausible-event-name=Liens+internes\"> guerre contre les cryptos<\/a> \u00bb men\u00e9e par son pr\u00e9d\u00e9cesseur. Il avait notamment promis de travailler en collaboration avec les acteurs du secteur pour \u00e9laborer un cadre r\u00e9glementaire plus adapt\u00e9 aux sp\u00e9cificit\u00e9s des actifs num\u00e9riques.<\/p>\n","protected":false},"excerpt":{"rendered":"Un grand m\u00e9nage \u00e0 la SEC. Le changement de pr\u00e9sidence \u00e0 la Securities and Exchange Commission (SEC) des&hellip;\n","protected":false},"author":2,"featured_media":51295,"comment_status":"","ping_status":"","sticky":false,"template":"","format":"standard","meta":{"footnotes":""},"categories":[1589],"tags":[11,73,2474,1866,2112,12,14444,1864,1865,1863,308],"class_list":{"0":"post-191435","1":"post","2":"type-post","3":"status-publish","4":"format-standard","5":"has-post-thumbnail","7":"category-etats-unis","8":"tag-actualites","9":"tag-etats-unis","10":"tag-etats-unis-usa","11":"tag-etats-unis-damerique","12":"tag-marches-financiers","13":"tag-news","14":"tag-regulation-cryptomonnaie","15":"tag-united-states","16":"tag-united-states-of-america","17":"tag-us","18":"tag-usa"},"share_on_mastodon":{"url":"","error":""},"_links":{"self":[{"href":"https:\/\/www.europesays.com\/fr\/wp-json\/wp\/v2\/posts\/191435","targetHints":{"allow":["GET"]}}],"collection":[{"href":"https:\/\/www.europesays.com\/fr\/wp-json\/wp\/v2\/posts"}],"about":[{"href":"https:\/\/www.europesays.com\/fr\/wp-json\/wp\/v2\/types\/post"}],"author":[{"embeddable":true,"href":"https:\/\/www.europesays.com\/fr\/wp-json\/wp\/v2\/users\/2"}],"replies":[{"embeddable":true,"href":"https:\/\/www.europesays.com\/fr\/wp-json\/wp\/v2\/comments?post=191435"}],"version-history":[{"count":0,"href":"https:\/\/www.europesays.com\/fr\/wp-json\/wp\/v2\/posts\/191435\/revisions"}],"wp:featuredmedia":[{"embeddable":true,"href":"https:\/\/www.europesays.com\/fr\/wp-json\/wp\/v2\/media\/51295"}],"wp:attachment":[{"href":"https:\/\/www.europesays.com\/fr\/wp-json\/wp\/v2\/media?parent=191435"}],"wp:term":[{"taxonomy":"category","embeddable":true,"href":"https:\/\/www.europesays.com\/fr\/wp-json\/wp\/v2\/categories?post=191435"},{"taxonomy":"post_tag","embeddable":true,"href":"https:\/\/www.europesays.com\/fr\/wp-json\/wp\/v2\/tags?post=191435"}],"curies":[{"name":"wp","href":"https:\/\/api.w.org\/{rel}","templated":true}]}}