{"id":191438,"date":"2025-06-20T17:13:14","date_gmt":"2025-06-20T17:13:14","guid":{"rendered":"https:\/\/www.europesays.com\/fr\/191438\/"},"modified":"2025-06-20T17:13:14","modified_gmt":"2025-06-20T17:13:14","slug":"lallemagne-est-contrainte-de-se-reconcilier-avec-son-armee","status":"publish","type":"post","link":"https:\/\/www.europesays.com\/fr\/191438\/","title":{"rendered":"L&rsquo;Allemagne est contrainte de se r\u00e9concilier avec son arm\u00e9e"},"content":{"rendered":"<p><img decoding=\"async\" src=\"https:\/\/www.europesays.com\/fr\/wp-content\/uploads\/2025\/06\/3274039973659723.jpeg\" fetchpriority=\"high\" width=\"5335\" height=\"3557\" alt=\"German Bundeswehr soldiers waits to greet German Chancellor Olaf Scholz upon his arrival at the Training Range in Pabrade, some 60km.(38 miles) north of the capital Vilnius, Lithuania, Monday, May 6,  ...\" data-image-id=\"3274039973659723\" class=\"watson-snippet__image bg-grey-10 block h-auto w-full \"\/><\/p>\n<p>Des soldats allemands en Lituanie.Keystone<\/p>\n<p>Un changement de paradigme s&rsquo;op\u00e8re en Allemagne \u00e0 cause de la guerre en Ukraine. Apr\u00e8s des d\u00e9cennies de pacifisme, le pays s&rsquo;appr\u00eate \u00e0 se r\u00e9armer et la population voit d&rsquo;un meilleur \u0153il ses soldats.<\/p>\n<p>20.06.2025, 18:4920.06.2025, 18:49<\/p>\n<p>Pierrick YVON, berlin \/ afp<\/p>\n<p>Plus de \u00abInternational\u00bb<\/p>\n<p class=\"watson-snippet__text my-6 text-[16px] lg:text-[18px] leading-normal md:w-3\/5\">C&rsquo;est une premi\u00e8re: <a target=\"_blank\" rel=\"nofollow noopener\" href=\"https:\/\/www.watson.ch\/fr\/allemagne\/\">l&rsquo;Allemagne<\/a> a honor\u00e9 dimanche 15 juin ses soldats lors d&rsquo;un \u00abJour des v\u00e9t\u00e9rans\u00bb visant \u00e0 am\u00e9liorer l&rsquo;image de l&rsquo;arm\u00e9e dans un pays marqu\u00e9 par le pacifisme, et o\u00f9 le d\u00e9bat est vif sur un \u00e9ventuel retour du service militaire obligatoire.<\/p>\n<p class=\"watson-snippet__text my-6 text-[16px] lg:text-[18px] leading-normal md:w-3\/5\">Reichstag en acc\u00e8s libre, concert gratuit sur une sc\u00e8ne en plein air, food trucks de cuisines du monde entier, jeux pour enfants&#8230; A Berlin, autour du b\u00e2timent qui symbolise la d\u00e9mocratie allemande, l&rsquo;arm\u00e9e allemande, la Bundeswehr, n&rsquo;a pas l\u00e9sin\u00e9 sur les moyens pour se montrer sous son plus beau jour.<\/p>\n<p><img decoding=\"async\" src=\"https:\/\/www.europesays.com\/fr\/wp-content\/uploads\/2025\/06\/3712087138304402.jpeg\" loading=\"lazy\" width=\"2000\" height=\"1333\" alt=\"German military police officers pass by stands on the occasion of Germany's first National Veterans Day, on June 15, 2025 in Berlin. (Photo by John MACDOUGALL \/ AFP)\" data-image-id=\"3712087138304402\" class=\"watson-snippet__image bg-grey-10 block h-auto w-full \"\/><\/p>\n<p>Des stands devant le Reichstag ce 15 juin.Image: AFP<\/p>\n<p class=\"watson-snippet__text my-6 text-[16px] lg:text-[18px] leading-normal md:w-3\/5\">Avec des stands d\u00e9di\u00e9s au suivi post-traumatique des troupes et la mise en avant de \u00abgueules cass\u00e9es\u00bb, les risques inh\u00e9rents aux terrains de guerre ne sont pas pour autant cach\u00e9s.<\/p>\n<p class=\"watson-snippet__text my-6 text-[16px] lg:text-[18px] leading-normal md:w-3\/5\">Gri\u00e8vement bless\u00e9 en 2010 dans une embuscade \u00e0 Kunduz, en Afghanistan, qui avait fait trois morts chez les parachutistes allemands et lui a laiss\u00e9 le bras gauche paralys\u00e9, Maik Mutschke, 39 ans, estime qu&rsquo;il y a aujourd&rsquo;hui \u00abplus d&rsquo;encouragement pour nous les soldats\u00bb dans la population.<\/p>\n<p class=\"watson-snippet__text my-6 text-[16px] lg:text-[18px] leading-normal md:w-3\/5\"><strong>\u00abDepuis trois ou quatre ans\u00bb, cette reconnaissance \u00abs&rsquo;est acc\u00e9l\u00e9r\u00e9e\u00bb<\/strong>, assure Jens Ruths, qui a lui perdu l&rsquo;usage d&rsquo;une jambe en marchant sur une mine au Kosovo, en 1999.<\/p>\n<p class=\"watson-snippet__text my-6 text-[16px] lg:text-[18px] leading-normal md:w-3\/5\">Alors qu&rsquo;\u00abil y a 20 ans, on se faisait mal voir en uniforme\u00bb, d\u00e9sormais, \u00ables chauffeurs de taxi et les gens rencontr\u00e9s dans la rue nous remercient plus qu&rsquo;avant\u00bb, dit cet homme de 47 ans.<\/p>\n<p><img decoding=\"async\" src=\"https:\/\/www.europesays.com\/fr\/wp-content\/uploads\/2025\/06\/7815673034747.jpeg\" loading=\"lazy\" width=\"600\" height=\"366\" alt=\"Le jour des v\u00e9t\u00e9rans en Allemagne\" data-image-id=\"7815673034747\" class=\"watson-snippet__image bg-grey-10 block h-auto w-full \"\/><\/p>\n<p>Des photos mettent en valeurs les bless\u00e9s de guerre allemands.Image: Bundeswehr<\/p>\n<p>La guerre se rapproche de l&rsquo;Allemagne<\/p>\n<p class=\"watson-snippet__text my-6 text-[16px] lg:text-[18px] leading-normal md:w-3\/5\">D\u00e9di\u00e9 aux soldats actuels comme aux v\u00e9t\u00e9rans proprement dits, ce premier \u00abVeteran Day\u00bb allemand, bas\u00e9 sur le mod\u00e8le am\u00e9ricain, devait \u00abrenforcer le lien entre l&rsquo;arm\u00e9e et la soci\u00e9t\u00e9\u00bb allemandes.<\/p>\n<p class=\"watson-snippet__text my-6 text-[16px] lg:text-[18px] leading-normal md:w-3\/5\">\u00abUn pays d\u00e9couvre son arm\u00e9e\u00bb, souligne le quotidien r\u00e9gional K\u00f6lner Stadt-Anzeiger, pour qui \u00abcette premi\u00e8re inaugure une \u00e8re nouvelle\u00bb.<\/p>\n<p class=\"watson-snippet__text my-6 text-[16px] lg:text-[18px] leading-normal md:w-3\/5\">Profond\u00e9ment pacifiste depuis les atrocit\u00e9s de la Seconde Guerre mondiale, l&rsquo;Allemagne a longtemps sous-financ\u00e9 sa d\u00e9fense, s&rsquo;en remettant \u00e0 la puissance am\u00e9ricaine au sein de l&rsquo;Otan.<\/p>\n<p class=\"watson-snippet__text my-6 text-[16px] lg:text-[18px] leading-normal md:w-3\/5\">Viktoria Zieger, une civile venue avec son mari et ses deux enfants, explique:<\/p>\n<p>\u00abTant qu&rsquo;il n&rsquo;y avait pas de guerre, tout le monde \u00e9tait en faveur du d\u00e9sarmement\u00bb.<\/p>\n<p class=\"watson-snippet__text my-6 text-[16px] lg:text-[18px] leading-normal md:w-3\/5\">Mais avec le conflit en Ukraine, \u00abla guerre se rapproche. Et les gens r\u00e9alisent naturellement qu&rsquo;ils ont besoin d&rsquo;une arm\u00e9e\u00bb, abonde Petra Muhl, une ancienne militaire de 46 ans.<\/p>\n<p><img decoding=\"async\" src=\"https:\/\/www.europesays.com\/fr\/wp-content\/uploads\/2025\/06\/7435308029388423.jpeg\" loading=\"lazy\" width=\"4882\" height=\"3254\" alt=\"epa12152290 Lieutenant Colonel Michael Krause (R), chief of the Veterans' Office, poses for a photograph with German President Frank-Walter Steinmeier (C) during the latter's visit to the Bu ...\" data-image-id=\"7435308029388423\" class=\"watson-snippet__image bg-grey-10 block h-auto w-full \"\/><\/p>\n<p>Le chef de l&rsquo;Office des anciens combattants avec le pr\u00e9sident allemand Frank-Walter Steinmeier.Keystone<\/p>\n<p class=\"watson-snippet__text my-6 text-[16px] lg:text-[18px] leading-normal md:w-3\/5\">Apr\u00e8s une premi\u00e8re hausse sensible du budget de la D\u00e9fense sous le mandat de son pr\u00e9d\u00e9cesseur social-d\u00e9mocrate (SPD) Olaf Scholz, le chancelier conservateur <a target=\"_blank\" rel=\"nofollow noopener\" href=\"https:\/\/www.watson.ch\/fr\/international\/friedrich-merz\/603091250-la-force-dissuade-l-allemagne-prete-a-faire-face-a-poutine\">Friedrich Merz est all\u00e9 encore plus loin en d\u00e9cidant de supprimer les limites d&rsquo;endettement pour les d\u00e9penses militaires.<\/a><\/p>\n<p class=\"watson-snippet__text my-6 text-[16px] lg:text-[18px] leading-normal md:w-3\/5\">Il dit vouloir doter l&rsquo;Allemagne de \u00abl&rsquo;arm\u00e9e conventionnelle la plus puissante d&rsquo;Europe\u00bb. Mais la Bundeswehr, qui esp\u00e8re porter ses effectifs \u00e0 203 000 soldats d&rsquo;ici 2031, contre 181 000 actuellement, peine \u00e0 recruter.<\/p>\n<p class=\"watson-snippet__text my-6 text-[16px] lg:text-[18px] leading-normal md:w-3\/5\">Le ministre de la D\u00e9fense Boris Pistorius a r\u00e9cemment parl\u00e9 d&rsquo;un besoin de 50 000 \u00e0 60 000 nouveaux soldats dans les ann\u00e9es \u00e0 venir.<\/p>\n<p>Les pacifistes allemands protestent<\/p>\n<p class=\"watson-snippet__text my-6 text-[16px] lg:text-[18px] leading-normal md:w-3\/5\">Le Jour des v\u00e9t\u00e9rans peut \u00abmotiver des personnes (&#8230;) \u00e0 devenir r\u00e9servistes ou \u00e0 s&rsquo;engager comme soldat\u00bb, souligne Anna-Maria Jeremic, une r\u00e9serviste de 21 ans.<\/p>\n<p class=\"watson-snippet__text my-6 text-[16px] lg:text-[18px] leading-normal md:w-3\/5\">Mais cela ne suffira pas et les voix d&rsquo;\u00e9lus, du camp conservateur notamment, r\u00e9clamant un retour du service militaire obligatoire, supprim\u00e9 \u00e0 partir de 2011, se font de plus en plus entendre.<\/p>\n<p class=\"watson-snippet__text my-6 text-[16px] lg:text-[18px] leading-normal md:w-3\/5\">Alors qu&rsquo;une relance du service militaire sur une base volontaire est en cours, le quotidien \u00e9conomique Handelsblatt a r\u00e9cemment r\u00e9v\u00e9l\u00e9 qu&rsquo;un projet de loi est en chantier, ouvrant la voie, si les objectifs ne devaient pas \u00eatre atteints, \u00e0 un vote du Bundestag pour r\u00e9tablir la conscription.<\/p>\n<p class=\"watson-snippet__text my-6 text-[16px] lg:text-[18px] leading-normal md:w-3\/5\">Boris Pistorius n&rsquo;a pas confirm\u00e9 ce plan, soulignant que l&rsquo;arm\u00e9e n&rsquo;avait \u00abpas encore les infrastructures n\u00e9cessaires\u00bb pour accueillir autant de jeunes majeurs chaque ann\u00e9e.<\/p>\n<p class=\"watson-snippet__text my-6 text-[16px] lg:text-[18px] leading-normal md:w-3\/5\">Mais \u00abnous r\u00e9agirons imm\u00e9diatement en cons\u00e9quence\u00bb si l&rsquo;appel aux volontaires \u00abne r\u00e9ussit pas\u00bb, a-t-il aussi dit.<\/p>\n<p class=\"watson-snippet__text my-6 text-[16px] lg:text-[18px] leading-normal md:w-3\/5\">Preuve que le tournant militaire de l&rsquo;Allemagne bouleverse la culture politique du pays, les tenants de l&rsquo;aile pacifiste du SPD, dont un ancien pr\u00e9sident du parti, ont publi\u00e9 la semaine derni\u00e8re un \u00abmanifeste\u00bb fustigeant une \u00abrh\u00e9torique militaire alarmiste\u00bb du gouvernement et pr\u00e9conisant le dialogue avec la Russie.<\/p>\n<p class=\"watson-snippet__text my-6 text-[16px] lg:text-[18px] leading-normal md:w-3\/5\">Une fronde d\u00e9nonc\u00e9e comme un \u00abd\u00e9ni de r\u00e9alit\u00e9\u00bb par le ministre Boris Pistorius, \u00e9galement membre du SPD et l&rsquo;une des personnalit\u00e9s politiques pr\u00e9f\u00e9r\u00e9es des Allemands.<\/p>\n<p>L&rsquo;actu internationale jour et nuit <\/p>\n<p>Montrer tous les articles<\/p>\n<p>23 voitures compl\u00e8tement folles rep\u00e9r\u00e9es \u00e0 Duba\u00ef<\/p>\n<p>1 \/ 25<\/p>\n<p>23 voitures compl\u00e8tement folles rep\u00e9r\u00e9es \u00e0 Duba\u00ef<\/p>\n<p>23 voitures compl\u00e8tement folles que j&rsquo;ai rep\u00e9r\u00e9es \u00e0 Duba\u00ef <\/p>\n<p><a href=\"\" target=\"_blank\" aria-label=\"partager sur Facebook\" class=\"watson-sharebar__panel__icons-fb mr-2\"><img decoding=\"async\" src=\"https:\/\/www.europesays.com\/fr\/wp-content\/uploads\/2025\/04\/facebook.png\" alt=\"partager sur Facebook\" width=\"20\" height=\"20\" loading=\"lazy\" class=\"h-5 w-auto lg:h-4\"\/><\/a><a href=\"\" target=\"_blank\" aria-label=\"partager sur X\" class=\"watson-sharebar__panel__icons-tw mr-2\"><img decoding=\"async\" src=\"https:\/\/www.watson.ch\/fr\/_watsui\/static\/img\/socialicons\/icon_filled_x.svg\" alt=\"partager sur X\" width=\"20\" height=\"20\" loading=\"lazy\" class=\"h-4 w-auto lg:h-3\"\/><\/a><\/p>\n<p>La m\u00e9gafus\u00e9e de SpaceX explose avant m\u00eame de d\u00e9coller<\/p>\n<p>Video: watson<\/p>\n<p>Ceci pourrait \u00e9galement vous int\u00e9resser:<\/p>\n<p>        <a href=\"https:\/\/www.watson.ch\/fr\/international\/russie\/307216095-14-pays-europeens-luttent-contre-la-flotte-fantome-russe\" aria-label=\"L\u2019article\" class=\"watson-next-story__link absolute inset-0 z-10\" rel=\"nofollow noopener\" target=\"_blank\"><\/p>\n<p>Moscou est accus\u00e9e d&rsquo;utiliser des navires en mer Baltique qui \u00e9chappent aux sanctions, afin d&rsquo;exporter son p\u00e9trole. La France, l&rsquo;Allemagne ou encore le Royaume-Uni ont d\u00e9cid\u00e9 de renforcer leur coop\u00e9ration.<\/p>\n<p class=\"watson-snippet__text my-6 text-[16px] lg:text-[18px] leading-normal md:w-3\/5\">\u00abNous avons convenu de renforcer notre coop\u00e9ration et de veiller \u00e0 ce que nos autorit\u00e9s nationales adoptent une approche commune et coordonn\u00e9e pour lutter contre la flotte fant\u00f4me de la Russie\u00bb, a indiqu\u00e9 ce jeudi le minist\u00e8re des Affaires \u00e9trang\u00e8res danois dans un communiqu\u00e9.<\/p>\n","protected":false},"excerpt":{"rendered":"Des soldats allemands en Lituanie.Keystone Un changement de paradigme s&rsquo;op\u00e8re en Allemagne \u00e0 cause de la guerre en&hellip;\n","protected":false},"author":2,"featured_media":191439,"comment_status":"","ping_status":"","sticky":false,"template":"","format":"standard","meta":{"footnotes":""},"categories":[1587],"tags":[11,672,1804,1805,1803,1777,674,1801,12,1802],"class_list":{"0":"post-191438","1":"post","2":"type-post","3":"status-publish","4":"format-standard","5":"has-post-thumbnail","7":"category-allemagne","8":"tag-actualites","9":"tag-allemagne","10":"tag-bundesrepublik-deutschland","11":"tag-de","12":"tag-deutschland","13":"tag-eu","14":"tag-europe","15":"tag-germany","16":"tag-news","17":"tag-republique-federale-dallemagne"},"share_on_mastodon":{"url":"https:\/\/pubeurope.com\/@fr\/114716816767177923","error":""},"_links":{"self":[{"href":"https:\/\/www.europesays.com\/fr\/wp-json\/wp\/v2\/posts\/191438","targetHints":{"allow":["GET"]}}],"collection":[{"href":"https:\/\/www.europesays.com\/fr\/wp-json\/wp\/v2\/posts"}],"about":[{"href":"https:\/\/www.europesays.com\/fr\/wp-json\/wp\/v2\/types\/post"}],"author":[{"embeddable":true,"href":"https:\/\/www.europesays.com\/fr\/wp-json\/wp\/v2\/users\/2"}],"replies":[{"embeddable":true,"href":"https:\/\/www.europesays.com\/fr\/wp-json\/wp\/v2\/comments?post=191438"}],"version-history":[{"count":0,"href":"https:\/\/www.europesays.com\/fr\/wp-json\/wp\/v2\/posts\/191438\/revisions"}],"wp:featuredmedia":[{"embeddable":true,"href":"https:\/\/www.europesays.com\/fr\/wp-json\/wp\/v2\/media\/191439"}],"wp:attachment":[{"href":"https:\/\/www.europesays.com\/fr\/wp-json\/wp\/v2\/media?parent=191438"}],"wp:term":[{"taxonomy":"category","embeddable":true,"href":"https:\/\/www.europesays.com\/fr\/wp-json\/wp\/v2\/categories?post=191438"},{"taxonomy":"post_tag","embeddable":true,"href":"https:\/\/www.europesays.com\/fr\/wp-json\/wp\/v2\/tags?post=191438"}],"curies":[{"name":"wp","href":"https:\/\/api.w.org\/{rel}","templated":true}]}}