{"id":191440,"date":"2025-06-20T17:14:12","date_gmt":"2025-06-20T17:14:12","guid":{"rendered":"https:\/\/www.europesays.com\/fr\/191440\/"},"modified":"2025-06-20T17:14:12","modified_gmt":"2025-06-20T17:14:12","slug":"au-bourget-macron-veut-faire-de-leurope-une-puissance-spatiale-a-marche-forcee-liberation","status":"publish","type":"post","link":"https:\/\/www.europesays.com\/fr\/191440\/","title":{"rendered":"Au Bourget, Macron veut faire de l\u2019Europe une \u00abpuissance spatiale\u00bb \u00e0 \u00abmarche forc\u00e9e\u00bb \u2013 Lib\u00e9ration"},"content":{"rendered":"<p class=\"sc-ksZaOG ehjQrN text-element\">A quoi ressemblera l\u2019Europe spatiale de demain ? Quelle place veut-elle occuper dans le nouveau paysage \u00e9conomique et g\u00e9opolitique qui se dessine, o\u00f9 la coop\u00e9ration russo-occidentale sur la station spatiale internationale (ISS) touche \u00e0 sa fin, o\u00f9 l\u2019orbite terrestre se militarise, o\u00f9 les acteurs priv\u00e9s sont omnipr\u00e9sents et SpaceX tout puissant ? Et quelle place veut occuper la France dans cette Europe-l\u00e0 ? Pour sa visite officielle au Salon international de l\u2019a\u00e9ronautique et de l\u2019espace (Siae) du Bourget, ce vendredi 20 juin, Emmanuel Macron s\u2019est fendu d\u2019un discours sur l\u2019espace sans grande annonce mais porteur de ce qu\u2019il esp\u00e8re \u00eatre \u00abune vision\u00bb pour l\u2019Europe dans un moment charni\u00e8re : on est \u00e0 la crois\u00e9e des chemins, et il y a des choix \u00e0 faire.<\/p>\n<p class=\"sc-ksZaOG ehjQrN text-element\">Sans surprise <a href=\"https:\/\/www.liberation.fr\/economie\/salon-du-bourget-une-inauguration-sur-fond-de-guerre-au-proche-orient-et-de-crash-pour-boeing-20250616_JOPDRB2Q2FGZPCSMHAU5QSPXJY\/\" target=\"_blank\" rel=\"noopener\" title=\"https:\/\/www.liberation.fr\/economie\/salon-du-bourget-une-inauguration-sur-fond-de-guerre-au-proche-orient-et-de-crash-pour-boeing-20250616_JOPDRB2Q2FGZPCSMHAU5QSPXJY\/\">vu l\u2019actualit\u00e9 mondiale chaotique<\/a>, le pr\u00e9sident a mis l\u2019accent sur l\u2019importance du spatial pour les enjeux militaires : \u00abNotre Europe doit d\u00e9cider de redevenir une puissance spatiale, la France en \u00e9tant au c\u0153ur, et d\u2019abord militaire. Ce qui implique de nous doter, en Europ\u00e9ens, de capacit\u00e9s de surveillance de l\u2019espace, de commandement de<\/p>\n","protected":false},"excerpt":{"rendered":"A quoi ressemblera l\u2019Europe spatiale de demain ? Quelle place veut-elle occuper dans le nouveau paysage \u00e9conomique et&hellip;\n","protected":false},"author":2,"featured_media":191441,"comment_status":"","ping_status":"","sticky":false,"template":"","format":"standard","meta":{"footnotes":""},"categories":[1586],"tags":[11,33008,75,46,1073,6447,1777,674,1011,27,697,12,25,45],"class_list":{"0":"post-191440","1":"post","2":"type-post","3":"status-publish","4":"format-standard","5":"has-post-thumbnail","7":"category-europe","8":"tag-actualites","9":"tag-ariane","10":"tag-donald-trump","11":"tag-elon-musk","12":"tag-emmanuel-macron","13":"tag-esa","14":"tag-eu","15":"tag-europe","16":"tag-fr","17":"tag-france","18":"tag-jeff-bezos","19":"tag-news","20":"tag-republique-francaise","21":"tag-spacex"},"share_on_mastodon":{"url":"https:\/\/pubeurope.com\/@fr\/114716820362436163","error":""},"_links":{"self":[{"href":"https:\/\/www.europesays.com\/fr\/wp-json\/wp\/v2\/posts\/191440","targetHints":{"allow":["GET"]}}],"collection":[{"href":"https:\/\/www.europesays.com\/fr\/wp-json\/wp\/v2\/posts"}],"about":[{"href":"https:\/\/www.europesays.com\/fr\/wp-json\/wp\/v2\/types\/post"}],"author":[{"embeddable":true,"href":"https:\/\/www.europesays.com\/fr\/wp-json\/wp\/v2\/users\/2"}],"replies":[{"embeddable":true,"href":"https:\/\/www.europesays.com\/fr\/wp-json\/wp\/v2\/comments?post=191440"}],"version-history":[{"count":0,"href":"https:\/\/www.europesays.com\/fr\/wp-json\/wp\/v2\/posts\/191440\/revisions"}],"wp:featuredmedia":[{"embeddable":true,"href":"https:\/\/www.europesays.com\/fr\/wp-json\/wp\/v2\/media\/191441"}],"wp:attachment":[{"href":"https:\/\/www.europesays.com\/fr\/wp-json\/wp\/v2\/media?parent=191440"}],"wp:term":[{"taxonomy":"category","embeddable":true,"href":"https:\/\/www.europesays.com\/fr\/wp-json\/wp\/v2\/categories?post=191440"},{"taxonomy":"post_tag","embeddable":true,"href":"https:\/\/www.europesays.com\/fr\/wp-json\/wp\/v2\/tags?post=191440"}],"curies":[{"name":"wp","href":"https:\/\/api.w.org\/{rel}","templated":true}]}}