{"id":191442,"date":"2025-06-20T17:15:11","date_gmt":"2025-06-20T17:15:11","guid":{"rendered":"https:\/\/www.europesays.com\/fr\/191442\/"},"modified":"2025-06-20T17:15:11","modified_gmt":"2025-06-20T17:15:11","slug":"lunion-europeenne-va-reexaminer-son-accord-dassociation-avec-israel-3","status":"publish","type":"post","link":"https:\/\/www.europesays.com\/fr\/191442\/","title":{"rendered":"L&rsquo;Union europ\u00e9enne va r\u00e9examiner son accord d&rsquo;association avec Isra\u00ebl"},"content":{"rendered":"<p>Les ministres des Affaires \u00e9trang\u00e8res europ\u00e9ens se r\u00e9unissent lundi \u00e0 Bruxelles pour revoir l&rsquo;accord d&rsquo;association de l&rsquo;Union europ\u00e9enne avec Isra\u00ebl, en se basant sur une proposition de la cheffe de la diplomatie europ\u00e9enne, Kaja Kallas.<\/p>\n<p>Le mois dernier, la majorit\u00e9 d&rsquo;entre eux a soutenu une proposition n\u00e9erlandaise visant \u00e0 r\u00e9examiner les liens de Bruxelles avec l&rsquo;Etat h\u00e9breux en raison du non-respect des droits de l&rsquo;homme et de ses actions dans la bande de Gaza. L&rsquo;Union europ\u00e9enne est le premier partenaire commercial d&rsquo;Isra\u00ebl, avec des \u00e9changes estim\u00e9s \u00e0 42,6 milliards d&rsquo;euros l&rsquo;ann\u00e9e derni\u00e8re. Mais le consensus est loin d&rsquo;\u00eatre garanti.<\/p>\n<p>\u00ab\u00a0Une suspension totale de l&rsquo;accord d&rsquo;association UE-Isra\u00ebl est peu probable, notamment en raison du soutien fort et continu que certains \u00c9tats membres, comme la Hongrie, continuent de manifester \u00e0 l&rsquo;\u00e9gard d&rsquo;Isra\u00ebl. Cependant, il est possible de suspendre certaines parties de l&rsquo;accord d&rsquo;association, celles qui concernent, par exemple, le commerce\u00a0\u00bb explique Hugh Lovatt, Senior Policy Fellow au Conseil europ\u00e9en.<\/p>\n<p>Si l&rsquo;option commerciale l&#8217;emporte, un accord sera plus facile selon Hugh Lovatt. Et cette mesure requiert une majorit\u00e9 qualifi\u00e9e de votes, et non l&rsquo;unanimit\u00e9 pour \u00eatre valide. L&rsquo;Union europ\u00e9enne pourrait alors imposer des droits de douane sur les produits isra\u00e9liens et de suspendre la participation de l&rsquo;Etat h\u00e9breux \u00e0 des projets de recherche et d&rsquo;innovation tels que Horizon Europe. Mais il y a aussi un enjeu de cr\u00e9dibilit\u00e9 pour la diplomatie europ\u00e9enne.<\/p>\n<p>\u00ab\u00a0C&rsquo;est un moment de v\u00e9rit\u00e9 pour l&rsquo;UE. Elle doit \u00eatre per\u00e7ue comme agissant contre les violations isra\u00e9liennes du droit international en mati\u00e8re d&rsquo;agression, que ce soit \u00e0 Gaza, en Cisjordanie, au Liban, en Syrie ou en Iran\u00a0\u00bb ajoute Hugh Lovatt.<\/p>\n<p>8 pays, men\u00e9s par la Belgique et soutenus par la Finlande, l&rsquo;Irlande, le Luxembourg, la Pologne, le Portugal, la Slov\u00e9nie, l&rsquo;Espagne et la Su\u00e8de, ont envoy\u00e9 une lettre \u00e0 l&rsquo;Union europ\u00e9enne demandant de mettre fin au commerce avec les colonies isra\u00e9liennes dans les territoires palestiniens occup\u00e9s.<\/p>\n","protected":false},"excerpt":{"rendered":"Les ministres des Affaires \u00e9trang\u00e8res europ\u00e9ens se r\u00e9unissent lundi \u00e0 Bruxelles pour revoir l&rsquo;accord d&rsquo;association de l&rsquo;Union europ\u00e9enne&hellip;\n","protected":false},"author":2,"featured_media":191443,"comment_status":"","ping_status":"","sticky":false,"template":"","format":"standard","meta":{"footnotes":""},"categories":[1586],"tags":[11,2360,1777,674,1779,1011,27,33009,5229,7738,2288,12,25,1778,364],"class_list":{"0":"post-191442","1":"post","2":"type-post","3":"status-publish","4":"format-standard","5":"has-post-thumbnail","7":"category-europe","8":"tag-actualites","9":"tag-bruxelles","10":"tag-eu","11":"tag-europe","12":"tag-european-union","13":"tag-fr","14":"tag-france","15":"tag-hugh-lovatt","16":"tag-kaja-kallas","17":"tag-lunion-europeenne","18":"tag-ministres-des-affaires-etrangeres","19":"tag-news","20":"tag-republique-francaise","21":"tag-ue","22":"tag-union-europeenne"},"share_on_mastodon":{"url":"https:\/\/pubeurope.com\/@fr\/114716824593899939","error":""},"_links":{"self":[{"href":"https:\/\/www.europesays.com\/fr\/wp-json\/wp\/v2\/posts\/191442","targetHints":{"allow":["GET"]}}],"collection":[{"href":"https:\/\/www.europesays.com\/fr\/wp-json\/wp\/v2\/posts"}],"about":[{"href":"https:\/\/www.europesays.com\/fr\/wp-json\/wp\/v2\/types\/post"}],"author":[{"embeddable":true,"href":"https:\/\/www.europesays.com\/fr\/wp-json\/wp\/v2\/users\/2"}],"replies":[{"embeddable":true,"href":"https:\/\/www.europesays.com\/fr\/wp-json\/wp\/v2\/comments?post=191442"}],"version-history":[{"count":0,"href":"https:\/\/www.europesays.com\/fr\/wp-json\/wp\/v2\/posts\/191442\/revisions"}],"wp:featuredmedia":[{"embeddable":true,"href":"https:\/\/www.europesays.com\/fr\/wp-json\/wp\/v2\/media\/191443"}],"wp:attachment":[{"href":"https:\/\/www.europesays.com\/fr\/wp-json\/wp\/v2\/media?parent=191442"}],"wp:term":[{"taxonomy":"category","embeddable":true,"href":"https:\/\/www.europesays.com\/fr\/wp-json\/wp\/v2\/categories?post=191442"},{"taxonomy":"post_tag","embeddable":true,"href":"https:\/\/www.europesays.com\/fr\/wp-json\/wp\/v2\/tags?post=191442"}],"curies":[{"name":"wp","href":"https:\/\/api.w.org\/{rel}","templated":true}]}}