{"id":191444,"date":"2025-06-20T17:16:16","date_gmt":"2025-06-20T17:16:16","guid":{"rendered":"https:\/\/www.europesays.com\/fr\/191444\/"},"modified":"2025-06-20T17:16:16","modified_gmt":"2025-06-20T17:16:16","slug":"de-la-viande-hachee-rappelee-dans-toute-la-france-pour-un-risque-de-salmonelle","status":"publish","type":"post","link":"https:\/\/www.europesays.com\/fr\/191444\/","title":{"rendered":"De la viande hach\u00e9e rappel\u00e9e dans toute la France pour un risque de salmonelle"},"content":{"rendered":"<p>Des barquettes de <a href=\"https:\/\/www.20minutes.fr\/dossier\/viande\" class=\"color-ultramarine c-link\" target=\"_blank\" rel=\"noopener\">viande<\/a> hach\u00e9e de dinde sont rappel\u00e9es\u00a0dans toute la France depuis ce jeudi. En cause\u00a0? Une suspicion de contamination \u00e0 la salmonelle.<\/p>\n<p>Selon le site du <a href=\"https:\/\/www.20minutes.fr\/dossier\/gouvernement\" class=\"color-ultramarine c-link\" target=\"_blank\" rel=\"noopener\">gouvernement<\/a>, deux produits sont concern\u00e9s par cette proc\u00e9dure\u00a0: la barquette de \u00ab\u00a0hach\u00e9 \u00e0 cuisiner \u00e0 la dinde\u00a0\u00bb de la marque\u00a0Ma\u00eetre Coq portant le code-barres\u00a03230890051777 et celle de \u00ab\u00a0hach\u00e9 \u00e0 la dinde\u00a0\u00bb de la marque\u00a0Volandrie commercialis\u00e9e\u00a0chez Leclerc entre le 13 et le 18\u00a0juin (code-barres\u00a03564706800489).<\/p>\n<p class=\"mb-m@xs text-l@xs\">En cliquant sur\u00ab J\u2019accepte \u00bb, vous acceptez le d\u00e9p\u00f4t de cookies par des services externes et aurez ainsi acc\u00e8s aux contenus de nos partenaires.<\/p>\n<p class=\"mb-xl@xs text-s@xs\">Plus d\u2019informations sur la page<a href=\"https:\/\/www.20minutes.fr\/gestion-cookies\" class=\"mx-xxs@xs color-ultramarine\" target=\"_blank\" rel=\"noopener\">Politique de gestion des cookies<\/a><\/p>\n<p>J\u2019accepteNe pas consommer ces produits<\/p>\n<p>Ces articles de 350\u00a0g appartiennent tous deux au lot\u00a025162. Leur date limite de consommation est le 24\u00a0juin 2025. Le produit de la marque Ma\u00eetre Coq a \u00e9t\u00e9 vendu chez Leclerc, Intermarch\u00e9, Auchan et la Coop\u00e9rative U entre le 12 et le 18\u00a0juin, indique <a href=\"https:\/\/rappel.conso.gouv.fr\/fiche-rappel\/18544\/Interne?utm_term=Autofeed&amp;utm_medium=Social&amp;utm_source=Twitter#Echobox=1750318968\" rel=\"nofollow noopener\" target=\"_blank\" class=\"color-ultramarine c-link\">Rappel Conso<\/a>. L\u2019autre article n\u2019a \u00e9t\u00e9 commercialis\u00e9 que chez Leclerc entre le 13 et le 18\u00a0juin, pr\u00e9cise le site dans une <a href=\"https:\/\/rappel.conso.gouv.fr\/fiche-rappel\/18541\/Interne?utm_term=Autofeed&amp;utm_medium=Social&amp;utm_source=Twitter#Echobox=1750345160\" rel=\"nofollow noopener\" target=\"_blank\" class=\"color-ultramarine c-link\">autre fiche de rappel<\/a>.<\/p>\n<p class=\"mb-m@xs text-l@xs\">En cliquant sur\u00ab J\u2019accepte \u00bb, vous acceptez le d\u00e9p\u00f4t de cookies par des services externes et aurez ainsi acc\u00e8s aux contenus de nos partenaires.<\/p>\n<p class=\"mb-xl@xs text-s@xs\">Plus d\u2019informations sur la page<a href=\"https:\/\/www.20minutes.fr\/gestion-cookies\" class=\"mx-xxs@xs color-ultramarine\" target=\"_blank\" rel=\"noopener\">Politique de gestion des cookies<\/a><\/p>\n<p>J\u2019accepte<\/p>\n<p>Si vous avez achet\u00e9 l\u2019un de ces deux articles, il est conseill\u00e9 de ne surtout pas les consommer. Pour rappel, les bact\u00e9ries Salmonella sont\u00a0responsables de la <a href=\"https:\/\/www.20minutes.fr\/sante\/salmonellose\/\" class=\"color-ultramarine c-link\" target=\"_blank\" rel=\"noopener\">salmonellose<\/a>, une infection digestive susceptible de provoquer diarrh\u00e9es, vomissements, fi\u00e8vre ou crampes abdominales. Les premiers sympt\u00f4mes peuvent appara\u00eetre dans les 6 \u00e0 72 heures suivant l\u2019ingestion.<\/p>\n<p>Consulter un m\u00e9decin<\/p>\n<p>Selon le site sp\u00e9cialis\u00e9, les jeunes enfants, femmes enceintes, personnes \u00e2g\u00e9es ou immunod\u00e9prim\u00e9es sont les plus vuln\u00e9rables. En cas de consommation et d\u2019apparition de tels sympt\u00f4mes dans les trois jours, il est recommand\u00e9 de consulter un <a href=\"https:\/\/www.20minutes.fr\/dossier\/medecin\" class=\"color-ultramarine c-link\" target=\"_blank\" rel=\"noopener\">m\u00e9decin<\/a> au plus vite. \u00ab\u00a0En l\u2019absence de sympt\u00f4mes dans les sept jours apr\u00e8s la consommation des produits concern\u00e9s, il est inutile de s\u2019inqui\u00e9ter.\u00a0\u00bb.<\/p>\n<p>Les personnes concern\u00e9es ont jusqu\u2019au 4\u00a0juillet prochain pour obtenir un <a href=\"https:\/\/www.20minutes.fr\/dossier\/remboursement\" class=\"color-ultramarine c-link\" target=\"_blank\" rel=\"noopener\">remboursement<\/a> des barquettes Ma\u00eetre Coq et jusqu\u2019au 5\u00a0juillet pour celles de la marque Volandrie.<\/p>\n","protected":false},"excerpt":{"rendered":"Des barquettes de viande hach\u00e9e de dinde sont rappel\u00e9es\u00a0dans toute la France depuis ce jeudi. En cause\u00a0? Une&hellip;\n","protected":false},"author":2,"featured_media":191445,"comment_status":"","ping_status":"","sticky":false,"template":"","format":"standard","meta":{"footnotes":""},"categories":[2],"tags":[47,11,258,254,1011,27,12,25,33010,71,104],"class_list":{"0":"post-191444","1":"post","2":"type-post","3":"status-publish","4":"format-standard","5":"has-post-thumbnail","7":"category-actualites","8":"tag-actualite","9":"tag-actualites","10":"tag-alimentation","11":"tag-conso","12":"tag-fr","13":"tag-france","14":"tag-news","15":"tag-republique-francaise","16":"tag-salmonellose","17":"tag-sante","18":"tag-societe"},"share_on_mastodon":{"url":"https:\/\/pubeurope.com\/@fr\/114716828294807627","error":""},"_links":{"self":[{"href":"https:\/\/www.europesays.com\/fr\/wp-json\/wp\/v2\/posts\/191444","targetHints":{"allow":["GET"]}}],"collection":[{"href":"https:\/\/www.europesays.com\/fr\/wp-json\/wp\/v2\/posts"}],"about":[{"href":"https:\/\/www.europesays.com\/fr\/wp-json\/wp\/v2\/types\/post"}],"author":[{"embeddable":true,"href":"https:\/\/www.europesays.com\/fr\/wp-json\/wp\/v2\/users\/2"}],"replies":[{"embeddable":true,"href":"https:\/\/www.europesays.com\/fr\/wp-json\/wp\/v2\/comments?post=191444"}],"version-history":[{"count":0,"href":"https:\/\/www.europesays.com\/fr\/wp-json\/wp\/v2\/posts\/191444\/revisions"}],"wp:featuredmedia":[{"embeddable":true,"href":"https:\/\/www.europesays.com\/fr\/wp-json\/wp\/v2\/media\/191445"}],"wp:attachment":[{"href":"https:\/\/www.europesays.com\/fr\/wp-json\/wp\/v2\/media?parent=191444"}],"wp:term":[{"taxonomy":"category","embeddable":true,"href":"https:\/\/www.europesays.com\/fr\/wp-json\/wp\/v2\/categories?post=191444"},{"taxonomy":"post_tag","embeddable":true,"href":"https:\/\/www.europesays.com\/fr\/wp-json\/wp\/v2\/tags?post=191444"}],"curies":[{"name":"wp","href":"https:\/\/api.w.org\/{rel}","templated":true}]}}