{"id":191460,"date":"2025-06-20T17:24:10","date_gmt":"2025-06-20T17:24:10","guid":{"rendered":"https:\/\/www.europesays.com\/fr\/191460\/"},"modified":"2025-06-20T17:24:10","modified_gmt":"2025-06-20T17:24:10","slug":"zarco-retrouve-un-feeling-dur-a-accepter-sur-la-honda-au-mugello","status":"publish","type":"post","link":"https:\/\/www.europesays.com\/fr\/191460\/","title":{"rendered":"Zarco retrouve un feeling \u00ab\u00a0dur \u00e0 accepter\u00a0\u00bb sur la Honda au Mugello"},"content":{"rendered":"<p>Tr\u00e8s d\u00e9\u00e7u de son z\u00e9ro point\u00e9 en Arag\u00f3n, <a href=\"https:\/\/fr.motorsport.com\/driver\/johann-zarco\/96107\/\" target=\"_blank\" rel=\"noopener\">Johann Zarco<\/a> comptait sur le Grand Prix d&rsquo;Italie pour repartir du bon pied. Ce n&rsquo;est pour le moment pas le cas, \u00e0 l&rsquo;issue d&rsquo;une premi\u00e8re journ\u00e9e difficile pour le Fran\u00e7ais et tout le clan Honda au Mugello. Aucun des repr\u00e9sentants du constructeur japonais ne s&rsquo;est qualifi\u00e9 directement pour la Q2, laissant craindre une machine en souffrance sur cette piste.\u00a0<\/p>\n<p>Alors qu&rsquo;il \u00e9tait parvenu \u00e0 se hisser <a href=\"https:\/\/fr.motorsport.com\/motogp\/results\/2025\/gp-ditalie-654417\/?st=FP1\" target=\"_blank\" rel=\"noopener\">dans le top 10 de la premi\u00e8re s\u00e9ance<\/a>, Johann Zarco n&rsquo;a pas r\u00e9ussi \u00e0 reproduire la m\u00eame performance lors des Essais. <a href=\"https:\/\/fr.motorsport.com\/motogp\/results\/2025\/gp-ditalie-654417\/?st=FiP\" target=\"_self\" rel=\"noopener\">Seulement 17e<\/a>, il a pay\u00e9 une strat\u00e9gie d\u00e9cal\u00e9e et un run manqu\u00e9, mais surtout une incompr\u00e9hension du comportement de sa machine. Pour le moment, le bilan n&rsquo;est donc pas satisfaisant, et surtout pr\u00e9occupant car les sensations en piste rappellent le douloureux souvenir d&rsquo;il y a deux semaines.<\/p>\n<p>\u00ab\u00a0J&rsquo;ai un feeling vraiment similaire \u00e0 celui que j&rsquo;avais en Arag\u00f3n, ce qui est dur \u00e0 accepter, parce que je ne peux pas contr\u00f4ler la moto ni trouver de la performance en piste\u00a0\u00bb, d\u00e9plore Johann Zarco. \u00ab\u00a0De la premi\u00e8re sortie en piste ce matin jusqu&rsquo;\u00e0 la derni\u00e8re s\u00e9ance cet apr\u00e8s-midi, j&rsquo;ai eu le sentiment que tout ce que l&rsquo;on fait sur la moto me donne le m\u00eame feeling ; j&rsquo;ai les m\u00eames difficult\u00e9s. C&rsquo;est dur, je ne comprends pas pourquoi ni d&rsquo;o\u00f9 \u00e7a vient.\u00a0\u00bb<\/p>\n<p>La chaleur comme seule explication ?<br \/>\n   <img decoding=\"async\" draggable=\"false\" src=\"https:\/\/www.europesays.com\/fr\/wp-content\/uploads\/2025\/06\/1750440250_174_johann-zarco-team-lcr-honda.jpg\" alt=\"Johann Zarco ne comprend pas ce qui se passe sur la Honda.\" width=\"1200\" height=\"800\" loading=\"lazy\"\/> <\/p>\n<p class=\"title\">Johann Zarco ne comprend pas ce qui se passe sur la Honda.<\/p>\n<p class=\"photographer\">Photo de: Gold and Goose Photography \/ LAT Images \/ via Getty Images<\/p>\n<p>Interloqu\u00e9 par cette perte soudaine de confiance en sa machine apr\u00e8s son excellent d\u00e9but de saison, le Fran\u00e7ais assure n&rsquo;\u00e9carter aucune piste mais les temp\u00e9ratures extr\u00eamement \u00e9lev\u00e9es du Mugello lui mettent tout de m\u00eame la puce \u00e0 l&rsquo;oreille.<\/p>\n<p>\u00ab\u00a0La seule chose que l&rsquo;on peut dire, c&rsquo;est peut-\u00eatre que les temp\u00e9ratures \u00e9lev\u00e9es nous causent plus de difficult\u00e9s\u00a0\u00bb, avance-t-il. \u00ab\u00a0Donc peut-\u00eatre que l&rsquo;on doit revenir \u00e0 ce que l&rsquo;on faisait en Tha\u00eflande pour avoir un meilleur contr\u00f4le de la moto. On a fait certaines choses le dimanche en Arag\u00f3n, mais j&rsquo;ai totalement manqu\u00e9 le samedi. L\u00e0, j&rsquo;essaierai de ne pas manquer mon samedi, afin de franchir un cap.\u00a0\u00bb<\/p>\n<p>\u00ab\u00a0Je suis clairement d\u00e9\u00e7u mais je ne sais pas d&rsquo;o\u00f9 \u00e7a vient. J&rsquo;essaie de tout prendre en consid\u00e9ration : la moto, la piste, le pilote. Peut-\u00eatre que \u00e7a vient de moi, qui manque de performance, mais c&rsquo;est dur de juger dans l&rsquo;imm\u00e9diat. [&#8230;]\u00a0Concernant l&rsquo;\u00e9quilibre de la moto, ici et en Arag\u00f3n, on perd ce feeling. La seule raison peut \u00eatre la chaleur en piste, qui nous cause beaucoup de probl\u00e8mes.\u00a0\u00bb<\/p>\n<p>Interrog\u00e9 plus pr\u00e9cis\u00e9ment sur les difficult\u00e9s rencontr\u00e9es au guidon, le pilote LCR d\u00e9crit :\u00a0\u00bbPour moi c&rsquo;est plus en entr\u00e9e [de virage], le comportement de la moto, son inclinaison. L&rsquo;arri\u00e8re ne suit pas la moto. On se bat l&rsquo;essentiel du temps, on prend beaucoup de risques.\u00a0\u00bb<\/p>\n<p>\u00ab\u00a0Tout ce qu&rsquo;on perd en entr\u00e9e, on ne le r\u00e9cup\u00e8re pas apr\u00e8s. Sur cette piste-l\u00e0, il faut vraiment encha\u00eener avec de la confiance. Apr\u00e8s, c&rsquo;est vrai qu&rsquo;il y a des freinages en descente, et il y en avait aussi en Arag\u00f3n, et j&rsquo;ai l&rsquo;impression que c&rsquo;est \u00e7a qui nous perturbe le plus. J&rsquo;ai une sensation que ma moto ne touche pas parterre, comme si j&rsquo;avais un a\u00e9roglisseur. Je glisse tout le temps, il n&rsquo;y a jamais d&rsquo;accroche, et \u00e7a, je ne comprends pas pourquoi.\u00a0<\/p>\n<p>\u00c0 la d\u00e9ception du moment s&rsquo;ajoute la n\u00e9cessit\u00e9 de faire sans le <a href=\"https:\/\/fr.motorsport.com\/motogp\/news\/zarco-mir-bras-oscillant-carbone-honda\/10731314\/\" target=\"_self\" rel=\"noopener\">bras oscillant en carbone valid\u00e9 lors du test d&rsquo;Arag\u00f3n<\/a>, qui n&rsquo;est pas encore \u00e0 l&rsquo;ordre du jour en comp\u00e9tition. \u00ab\u00a0Ils ont un plan de travail, une strat\u00e9gie de travail peut-\u00eatre diff\u00e9rente d&rsquo;autres marques et ce sont des choses qu&rsquo;il faut accepter\u00a0\u00bb, relativise Johann Zarco. \u00ab\u00a0Nous ne pouvons pas l&rsquo;utiliser tout de suite.\u00a0\u00bb<\/p>\n<p>Lire aussi :<\/p>\n<p>Dans cet article<\/p>\n<p>    Basile Davoine\n<\/p>\n<p>    MotoGP\n<\/p>\n<p>    Johann Zarco\n<\/p>\n<p>    Team LCR\n<\/p>\n<p>Soyez le premier inform\u00e9 et souscrivez aux alertes mails pour recevoir les infos en temps r\u00e9el<\/p>\n<p>    S&rsquo;abonner aux alertes de news<\/p>\n","protected":false},"excerpt":{"rendered":"Tr\u00e8s d\u00e9\u00e7u de son z\u00e9ro point\u00e9 en Arag\u00f3n, Johann Zarco comptait sur le Grand Prix d&rsquo;Italie pour repartir&hellip;\n","protected":false},"author":2,"featured_media":191461,"comment_status":"","ping_status":"","sticky":false,"template":"","format":"standard","meta":{"footnotes":""},"categories":[1413],"tags":[1011,27,31123,1741,1457,1456,1458,31124,60,3771],"class_list":{"0":"post-191460","1":"post","2":"type-post","3":"status-publish","4":"format-standard","5":"has-post-thumbnail","7":"category-moto","8":"tag-fr","9":"tag-france","10":"tag-gp-ditalie","11":"tag-johann-zarco","12":"tag-moto","13":"tag-motocycle","14":"tag-motogp","15":"tag-mugello","16":"tag-sports","17":"tag-team-lcr"},"share_on_mastodon":{"url":"https:\/\/pubeurope.com\/@fr\/114716859677361911","error":""},"_links":{"self":[{"href":"https:\/\/www.europesays.com\/fr\/wp-json\/wp\/v2\/posts\/191460","targetHints":{"allow":["GET"]}}],"collection":[{"href":"https:\/\/www.europesays.com\/fr\/wp-json\/wp\/v2\/posts"}],"about":[{"href":"https:\/\/www.europesays.com\/fr\/wp-json\/wp\/v2\/types\/post"}],"author":[{"embeddable":true,"href":"https:\/\/www.europesays.com\/fr\/wp-json\/wp\/v2\/users\/2"}],"replies":[{"embeddable":true,"href":"https:\/\/www.europesays.com\/fr\/wp-json\/wp\/v2\/comments?post=191460"}],"version-history":[{"count":0,"href":"https:\/\/www.europesays.com\/fr\/wp-json\/wp\/v2\/posts\/191460\/revisions"}],"wp:featuredmedia":[{"embeddable":true,"href":"https:\/\/www.europesays.com\/fr\/wp-json\/wp\/v2\/media\/191461"}],"wp:attachment":[{"href":"https:\/\/www.europesays.com\/fr\/wp-json\/wp\/v2\/media?parent=191460"}],"wp:term":[{"taxonomy":"category","embeddable":true,"href":"https:\/\/www.europesays.com\/fr\/wp-json\/wp\/v2\/categories?post=191460"},{"taxonomy":"post_tag","embeddable":true,"href":"https:\/\/www.europesays.com\/fr\/wp-json\/wp\/v2\/tags?post=191460"}],"curies":[{"name":"wp","href":"https:\/\/api.w.org\/{rel}","templated":true}]}}