{"id":191462,"date":"2025-06-20T17:25:15","date_gmt":"2025-06-20T17:25:15","guid":{"rendered":"https:\/\/www.europesays.com\/fr\/191462\/"},"modified":"2025-06-20T17:25:15","modified_gmt":"2025-06-20T17:25:15","slug":"une-legende-du-sport-automobile","status":"publish","type":"post","link":"https:\/\/www.europesays.com\/fr\/191462\/","title":{"rendered":"\u00ab Une l\u00e9gende du sport automobile \u00bb"},"content":{"rendered":"<p>Fernando Alonso n\u2019a pas h\u00e9sit\u00e9 \u00e0 saluer la performance de Robert Kubica apr\u00e8s la victoire du pilote polonais aux 24 Heures du Mans, qualifiant son ancien rival de \u00ab l\u00e9gende du sport automobile \u00bb.<\/p>\n<p><a href=\"https:\/\/f1only.fr\/f1-kubica-lemans-deception-victoire\/\" target=\"_blank\" rel=\"noopener\">Kubica<\/a> s\u2019est impos\u00e9 au volant de la Ferrari 499P n\u00b083 sur le circuit de la Sarthe, signant ainsi un succ\u00e8s historique. Il devient le deuxi\u00e8me pilote de Formule 1 \u00e0 avoir remport\u00e9 \u00e0 la fois un Grand Prix et les 24 Heures du Mans au XXIe si\u00e8cle, suivant ainsi les traces d\u2019Alonso lui-m\u00eame.<\/p>\n<p>Ce triomphe couronne un parcours hors du commun. Gravement bless\u00e9 lors d\u2019un accident de rallye en 2011, Kubica avait vu sa carri\u00e8re brutalement interrompue. Malgr\u00e9 les s\u00e9quelles, il avait effectu\u00e9 un retour en Formule 1 en 2019 avec Williams, bien loin toutefois du niveau qui l\u2019avait vu triompher au Grand Prix du Canada en 2008.<\/p>\n<p>En 2010, il avait r\u00e9alis\u00e9 une saison solide et \u00e9tait pressenti pour rejoindre Ferrari aux c\u00f4t\u00e9s d\u2019<a href=\"https:\/\/f1only.fr\/rumeur-envoie-fernando-alonso-alpine\/\" target=\"_blank\" rel=\"noopener\">Alonso<\/a> en 2012. Ce projet avait \u00e9t\u00e9 abandonn\u00e9 apr\u00e8s son accident. \u00c0 l\u2019annonce de la victoire mancelle du Polonais, Alonso s\u2019est montr\u00e9 particuli\u00e8rement \u00e9logieux, saluant la t\u00e9nacit\u00e9 et le talent d\u2019un pilote qu\u2019il consid\u00e8re comme l\u2019un des grands noms du sport automobile.<\/p>\n<p>\u00ab Je suis tr\u00e8s heureux pour lui, nous avons discut\u00e9 \u00e0 plusieurs reprises de la particularit\u00e9 de cette course et il le m\u00e9rite \u00bb, a d\u00e9clar\u00e9 Alonso aux m\u00e9dias. \u00ab C\u2019est une l\u00e9gende de notre sport, et il l\u2019est encore plus maintenant apr\u00e8s avoir remport\u00e9 Le Mans et apr\u00e8s la douleur qu\u2019il a endur\u00e9e lors de son accident. Je pense que c\u2019est un jour tr\u00e8s heureux pour le sport automobile. Il aurait probablement d\u00fb gagner il y a quelques ann\u00e9es, lorsqu\u2019il a connu une d\u00e9faillance en LMP2, donc je suis heureux pour lui. Je vais l\u2019appeler, je ne voulais pas le d\u00e9ranger aujourd\u2019hui, je vais faire la f\u00eate, je suis extr\u00eamement heureux et fier de lui. \u00bb<\/p>\n","protected":false},"excerpt":{"rendered":"Fernando Alonso n\u2019a pas h\u00e9sit\u00e9 \u00e0 saluer la performance de Robert Kubica apr\u00e8s la victoire du pilote polonais&hellip;\n","protected":false},"author":2,"featured_media":191463,"comment_status":"","ping_status":"","sticky":false,"template":"","format":"standard","meta":{"footnotes":""},"categories":[1412],"tags":[5080,5081,1451,5083,5084,5085,5086,5087,1710,2251,5088,1452,1453,1454,1455,1011,27,5089,5090,33012,60,5091,3030],"class_list":{"0":"post-191462","1":"post","2":"type-post","3":"status-publish","4":"format-standard","5":"has-post-thumbnail","7":"category-f1","8":"tag-actualites-f1","9":"tag-actuf1","10":"tag-f1","11":"tag-f1-actu","12":"tag-f1-direct","13":"tag-f1-live","14":"tag-f1-news","15":"tag-f1news","16":"tag-fernando-alonso","17":"tag-ferrari","18":"tag-fia","19":"tag-formula-1","20":"tag-formula1","21":"tag-formule-1","22":"tag-formule1","23":"tag-fr","24":"tag-france","25":"tag-news-f1","26":"tag-newsf1","27":"tag-robert-kubica","28":"tag-sports","29":"tag-tip","30":"tag-top"},"share_on_mastodon":{"url":"https:\/\/pubeurope.com\/@fr\/114716863553937613","error":""},"_links":{"self":[{"href":"https:\/\/www.europesays.com\/fr\/wp-json\/wp\/v2\/posts\/191462","targetHints":{"allow":["GET"]}}],"collection":[{"href":"https:\/\/www.europesays.com\/fr\/wp-json\/wp\/v2\/posts"}],"about":[{"href":"https:\/\/www.europesays.com\/fr\/wp-json\/wp\/v2\/types\/post"}],"author":[{"embeddable":true,"href":"https:\/\/www.europesays.com\/fr\/wp-json\/wp\/v2\/users\/2"}],"replies":[{"embeddable":true,"href":"https:\/\/www.europesays.com\/fr\/wp-json\/wp\/v2\/comments?post=191462"}],"version-history":[{"count":0,"href":"https:\/\/www.europesays.com\/fr\/wp-json\/wp\/v2\/posts\/191462\/revisions"}],"wp:featuredmedia":[{"embeddable":true,"href":"https:\/\/www.europesays.com\/fr\/wp-json\/wp\/v2\/media\/191463"}],"wp:attachment":[{"href":"https:\/\/www.europesays.com\/fr\/wp-json\/wp\/v2\/media?parent=191462"}],"wp:term":[{"taxonomy":"category","embeddable":true,"href":"https:\/\/www.europesays.com\/fr\/wp-json\/wp\/v2\/categories?post=191462"},{"taxonomy":"post_tag","embeddable":true,"href":"https:\/\/www.europesays.com\/fr\/wp-json\/wp\/v2\/tags?post=191462"}],"curies":[{"name":"wp","href":"https:\/\/api.w.org\/{rel}","templated":true}]}}