{"id":191468,"date":"2025-06-20T17:28:10","date_gmt":"2025-06-20T17:28:10","guid":{"rendered":"https:\/\/www.europesays.com\/fr\/191468\/"},"modified":"2025-06-20T17:28:10","modified_gmt":"2025-06-20T17:28:10","slug":"beyonce-a-t-elle-le-droit-de-faire-monter-ses-filles-mineures-sur-scene","status":"publish","type":"post","link":"https:\/\/www.europesays.com\/fr\/191468\/","title":{"rendered":"Beyonc\u00e9 a-t-elle le droit de faire monter ses filles mineures sur sc\u00e8ne\u00a0?"},"content":{"rendered":"<p>En famille, <a href=\"https:\/\/www.20minutes.fr\/arts-stars\/people\/beyonce\/\" class=\"color-ultramarine c-link\" rel=\"nofollow noopener\" target=\"_blank\">Beyonc\u00e9<\/a> a enflamm\u00e9 le <a href=\"https:\/\/www.20minutes.fr\/sport\/stade_de_france\/\" class=\"color-ultramarine c-link\" rel=\"nofollow noopener\" target=\"_blank\">Stade de France<\/a> jeudi 19\u00a0juin. Pour sa tourn\u00e9e tir\u00e9e de son dernier album \u00ab\u00a0Cowboy Carter\u00a0\u00bb, Queen B a d\u00e9cid\u00e9 de faire les choses en grand\u00a0: trois heures de show aux accents western, chor\u00e9graphies \u00e0 n\u2019en plus finir, Cadillac rouge volante au-dessus du public\u2026 Les quelque 80.000 fans pr\u00e9sents ce soir ont \u00e9galement eu la bonne surprise de voir <a href=\"https:\/\/www.20minutes.fr\/arts-stars\/people\/miley_cyrus\/\" class=\"color-ultramarine c-link\" rel=\"nofollow noopener\" target=\"_blank\">Miley Cyrus<\/a> faire une apparition sur sc\u00e8ne, le temps d\u2019interpr\u00e9ter II MOST WANTED, la collaboration des deux chanteuses.<\/p>\n<p>Derni\u00e8re nouveaut\u00e9 dans son \u00e9ventail de jeux de sc\u00e8ne, Beyonc\u00e9 a pris l\u2019habitude de faire monter ses filles \u00e0 ses c\u00f4t\u00e9s. Son a\u00een\u00e9e, Blue Ivy (13 ans), est pleine partie prenante de la tourn\u00e9e et a m\u00eame son propre solo de danse. Rumi (7 ans), la cadette de la famille, accompagne sa m\u00e8re sur sc\u00e8ne sur Protector.<\/p>\n<\/p>\n<p>En France, ces pratiques sont consid\u00e9r\u00e9es comme du travail d\u2019enfants artistes. Quoique l\u00e9gales, elles restent tr\u00e8s encadr\u00e9es\u00a0: \u00ab\u00a0Contrairement \u00e0 d\u2019autres pays, nous disposons d\u2019une r\u00e9glementation claire, qui distingue avant tout deux choses\u00a0: la participation artistique ponctuelle d\u2019un enfant, et le v\u00e9ritable travail artistique \u00e0 but commercial\u00a0\u00bb, commente Ha\u00efba Ouaissi, avocat en droit social au sein du cabinet Cassius.<\/p>\n<p>L\u2019aval du pr\u00e9fet<\/p>\n<p>En l\u2019occurrence, les apparitions des filles Carter sont r\u00e9currentes et parties int\u00e9grantes de la tourn\u00e9e de Queen B\u00a0: \u00ab\u00a0D\u00e8s lors qu\u2019il y a diffusion t\u00e9l\u00e9vis\u00e9e, merchandising ou perception de droits d\u2019auteur, on entre dans le champ du travail des mineurs. Et l\u00e0, l\u2019autorisation pr\u00e9fectorale devient obligatoire\u00a0\u00bb, explique l\u2019avocat.<\/p>\n<p>En France, le travail des enfants artistes est r\u00e9gi par les articles <a href=\"https:\/\/www.legifrance.gouv.fr\/codes\/article_lc\/LEGIARTI000047666661\" target=\"_blank\" class=\"color-ultramarine c-link\" rel=\"nofollow noopener\">L7124-1 et suivants du Code du travail<\/a>. Pour obtenir une autorisation, il faut d\u2019abord se soumettre au contr\u00f4le de la pr\u00e9fecture, qui va bien s\u2019assurer que l\u2019enfant soit en pr\u00e9sence d\u2019un adulte accompagnateur (qui peut \u00eatre son parent) et qu\u2019il ait un suivi m\u00e9dical et psychologique. Enfin, la pr\u00e9fecture doit s\u2019assurer qu\u2019au moins 90\u00a0% des revenus de l\u2019enfant soient plac\u00e9s \u00e0 la Caisse des d\u00e9p\u00f4ts et consignations jusqu\u2019\u00e0 sa majorit\u00e9.<\/p>\n<p>Bien s\u00fbr, le temps de travail doit \u00eatre limit\u00e9\u00a0: une heure par jour pour les enfants de moins de 3 ans, 2\u00a0heures par jour pour les enfants de 3 \u00e0 5 ans, 3\u00a0heures par jour pour les enfants de 6 \u00e0 11 ans (4\u00a0heures en p\u00e9riode de vacances scolaires) et 4\u00a0heures pour les enfants de 12 \u00e0 16 ans (6\u00a0heures en vacances scolaires).<\/p>\n<p>Les mauvais bulletins scolaires en ligne rouge<\/p>\n<p>La question de la r\u00e9ussite scolaire est un \u00e9l\u00e9ment essentiel dans l\u2019octroi (ou non) de ces autorisations. En\u00a02018, le tribunal administratif de Paris a suspendu une autorisation d\u2019un enfant de 8 ans, qui devait jouer dans une com\u00e9die musicale. Le rythme de repr\u00e9sentation compromettait sa scolarit\u00e9 et ce malgr\u00e9 des cours particuliers qui \u00e9taient pr\u00e9vus pour lui. \u00ab\u00a0Le juge privil\u00e9gie syst\u00e9matiquement l\u2019\u00e9panouissement de l\u2019enfant \u00e0 l\u2019int\u00e9r\u00eat commercial\u00a0\u00bb, commente Ha\u00efba Ouaissi. \u00ab\u00a0Il faut un \u00e9quilibre entre expression artistique et exploitation\u00a0\u00bb, poursuit-il.<\/p>\n<p><a href=\"https:\/\/www.groupeactual.eu\/offre-emploi?utm_source=20%20minutes&amp;utm_medium=referral&amp;utm_campaign=20_minutes&amp;utm_term=actual&amp;utm_content=agence_emploi\" class=\"c-link c-btn c-btn--primary\" rel=\"nofollow noopener\" target=\"_blank\">Des milliers d&rsquo;offres d&#8217;emploi en un clic<\/a><\/p>\n<p>Le droit am\u00e9ricain est beaucoup moins soucieux du suivi de l\u2019\u00e9ducation des enfants. En toute logique, les \u00e9quipes de Beyonc\u00e9 ont d\u00fb demander une autorisation pr\u00e9fectorale\u00a0: \u00ab\u00a0Les revenus \u00e9tant localis\u00e9s et donc soumis aux r\u00e8gles fran\u00e7aises, le contraire serait une infraction\u00a0\u00bb pr\u00e9cise l\u2019avocat. M\u00eame en Cadillac volante, en France, le show des enfants ne d\u00e9marre a priori jamais sans tampon du pr\u00e9fet.<\/p>\n","protected":false},"excerpt":{"rendered":"En famille, Beyonc\u00e9 a enflamm\u00e9 le Stade de France jeudi 19\u00a0juin. Pour sa tourn\u00e9e tir\u00e9e de son dernier&hellip;\n","protected":false},"author":2,"featured_media":191469,"comment_status":"","ping_status":"","sticky":false,"template":"","format":"standard","meta":{"footnotes":""},"categories":[1359],"tags":[33013,7362,11727,29937,58,15059,59,1011,3844,27,25476,973,14478,5761],"class_list":{"0":"post-191468","1":"post","2":"type-post","3":"status-publish","4":"format-standard","5":"has-post-thumbnail","7":"category-people","8":"tag-20minus","9":"tag-beyonce","10":"tag-code-du-travail","11":"tag-conditions-de-travail","12":"tag-divertissement","13":"tag-droit-du-travail","14":"tag-entertainment","15":"tag-fr","16":"tag-francais","17":"tag-france","18":"tag-miley-cyrus","19":"tag-people","20":"tag-stade-de-france","21":"tag-vie-pro"},"share_on_mastodon":{"url":"https:\/\/pubeurope.com\/@fr\/114716875362764778","error":""},"_links":{"self":[{"href":"https:\/\/www.europesays.com\/fr\/wp-json\/wp\/v2\/posts\/191468","targetHints":{"allow":["GET"]}}],"collection":[{"href":"https:\/\/www.europesays.com\/fr\/wp-json\/wp\/v2\/posts"}],"about":[{"href":"https:\/\/www.europesays.com\/fr\/wp-json\/wp\/v2\/types\/post"}],"author":[{"embeddable":true,"href":"https:\/\/www.europesays.com\/fr\/wp-json\/wp\/v2\/users\/2"}],"replies":[{"embeddable":true,"href":"https:\/\/www.europesays.com\/fr\/wp-json\/wp\/v2\/comments?post=191468"}],"version-history":[{"count":0,"href":"https:\/\/www.europesays.com\/fr\/wp-json\/wp\/v2\/posts\/191468\/revisions"}],"wp:featuredmedia":[{"embeddable":true,"href":"https:\/\/www.europesays.com\/fr\/wp-json\/wp\/v2\/media\/191469"}],"wp:attachment":[{"href":"https:\/\/www.europesays.com\/fr\/wp-json\/wp\/v2\/media?parent=191468"}],"wp:term":[{"taxonomy":"category","embeddable":true,"href":"https:\/\/www.europesays.com\/fr\/wp-json\/wp\/v2\/categories?post=191468"},{"taxonomy":"post_tag","embeddable":true,"href":"https:\/\/www.europesays.com\/fr\/wp-json\/wp\/v2\/tags?post=191468"}],"curies":[{"name":"wp","href":"https:\/\/api.w.org\/{rel}","templated":true}]}}