{"id":191470,"date":"2025-06-20T17:29:13","date_gmt":"2025-06-20T17:29:13","guid":{"rendered":"https:\/\/www.europesays.com\/fr\/191470\/"},"modified":"2025-06-20T17:29:13","modified_gmt":"2025-06-20T17:29:13","slug":"disparition-de-thierry-montford-photographe-temoin-de-la-foret-guyanaise","status":"publish","type":"post","link":"https:\/\/www.europesays.com\/fr\/191470\/","title":{"rendered":"Disparition de Thierry Montford, photographe t\u00e9moin de la for\u00eat guyanaise"},"content":{"rendered":"<p>Thierry Montford, photographe passionn\u00e9 et figure embl\u00e9matique de l\u2019image en Guyane, s\u2019est \u00e9teint \u00e0 l&rsquo;\u00e2ge de 65 ans, laissant derri\u00e8re lui un h\u00e9ritage visuel inestimable. Pendant plus de 20 ans , il a su capturer, avec sensibilit\u00e9 et rigueur, la richesse d\u2019un territoire et la beaut\u00e9 de sa faune. Son dernier ouvrage marquant, Guyane, 7 000 jours en for\u00eat, soit autant de jours pass\u00e9s au c\u0153ur de la for\u00eat guyanaise, en \u00e9tait un t\u00e9moignage.<\/p>\n<p>Arriv\u00e9 en Guyane en 1987, presque par hasard, sur les conseils d\u2019un ami herp\u00e9tologue, Thierry Montford ne l\u2019a plus quitt\u00e9e. Il s\u2019y est enracin\u00e9, trouvant dans ce territoire, bien au-del\u00e0 de la for\u00eat, une atmosph\u00e8re paisible et singuli\u00e8re, \u00e0 mille lieues du tumulte de la r\u00e9gion parisienne o\u00f9 il avait grandi.<\/p>\n<p>                                    <img class=\"a-article__image lazy libre\" width=\"800\" height=\"450\" data-src=\"https:\/\/www.europesays.com\/fr\/wp-content\/uploads\/2025\/06\/2-68556de718e4a525628769.png\" style=\"--img-placeholder: url('\/assets\/img\/placeholders\/article-800-450.svg');\" alt=\"Thierry Montford au milieu de cette for\u00eat guyanaise dont il n'a cess\u00e9 de c\u00e9l\u00e9brer la magie\" aria-hidden=\"true\"\/><\/p>\n<p>                Thierry Montford au milieu de cette for\u00eat guyanaise dont il n&rsquo;a cess\u00e9 de c\u00e9l\u00e9brer la magie<br \/>\n                     \u2022<br \/>\n                            \u00a9DR<\/p>\n<p>Photographe, mais aussi libraire, iconographe, passionn\u00e9 de jazz et ancien musicien, Thierry Montford avait plusieurs cordes \u00e0 son arc. Pourtant, c\u2019est derri\u00e8re son objectif qu\u2019il s\u2019\u00e9panouissait le plus. Il aimait la solitude du terrain, les lumi\u00e8res impr\u00e9visibles, l\u2019attente f\u00e9brile de \u00ab\u00a0la\u00a0\u00bb photo. Pour lui, l\u2019animalier n\u2019\u00e9tait pas seulement un sujet, mais une qu\u00eate. Le jaguar, le ca\u00efman noir, le paresseux ou encore les serpents, qui l\u2019ont fascin\u00e9 depuis l\u2019enfance, ont peupl\u00e9 ses clich\u00e9s, comme autant de visages d\u2019un monde discret et myst\u00e9rieux.<\/p>\n<p>Humble, Thierry Montford refusait l\u2019\u00e9tiquette d\u2019\u00e9diteur ou d\u2019artiste, pr\u00e9f\u00e9rant parler de son m\u00e9tier avec pudeur et l\u00e9g\u00e8ret\u00e9. Ce que confirme sa fille a\u00een\u00e9e, Eva, \u00e2g\u00e9e de 21 ans. \u00a0\u00bb\u00a0IMon p\u00e8re avait beaucoup d&rsquo;humour. Il tournait tout en d\u00e9rison et parfois \u00e7a \u00e9nervait ma m\u00e8re! mais elle finissait toujours par sourire.\u00a0\u00bb Passionn\u00e9 par tous les arts, Thierry Montford vouait une passion particuli\u00e8re au cin\u00e9ma. D&rsquo;ailleurs, il pratiquait la mise en sc\u00e8ne&#8230; avec la for\u00eat et ses animaux. \u00ab\u00a0Mettre en sc\u00e8ne la for\u00eat, c&rsquo;est ce qu&rsquo;il pr\u00e9f\u00e9rait, indique Eva. Il cherchait toujours \u00e0 la rendre belle.\u00a0\u00bb<\/p>\n<p>\u00c0 travers Plume Verte, maison qu\u2019il avait rachet\u00e9e avec son \u00e9pouse et un partenaire en 1999, Thierry Montford a diffus\u00e9 son regard singulier, rendant ses \u0153uvres omnipr\u00e9sentes en Guyane, sur les cartes postales, dans les ouvrages illustr\u00e9s, les revues et les expositions.<\/p>\n<p>                                    <img class=\"a-article__image lazy libre\" width=\"800\" height=\"450\" data-src=\"https:\/\/www.europesays.com\/fr\/wp-content\/uploads\/2025\/06\/637a3dda4596e_whatsapp-image-2022-11-20-at-11-45-15-2.jpeg\" style=\"--img-placeholder: url('\/assets\/img\/placeholders\/article-800-450.svg');\" alt=\"7 000 jours en for\u00eat de Thierry Montford\" aria-hidden=\"true\"\/><\/p>\n<p>                Extrait de 7 000 jours en for\u00eat de Thierry Montford<br \/>\n                     \u2022<br \/>\n                            \u00a9Thierry Montford<\/p>\n<p>Pour lui, chaque d\u00e9part sur la route de Kaw ou de R\u00e9gina \u00e9tait une entr\u00e9e dans un autre monde. Il y allait sans bruit, mais avec la certitude que tout pouvait arriver. Aujourd\u2019hui, ce monde continue de vivre \u00e0 travers ses photos, empreintes sensibles d\u2019un regard rare sur la Guyane.<\/p>\n<p>Thierry Montford sera incin\u00e9r\u00e9 dans l&rsquo;Hexagone et ses cendres dispers\u00e9es selon ses volont\u00e9s.<\/p>\n<p>Il laisse derri\u00e8re lui son \u00e9pouse Suzie, ses deux\u00a0filles, Eva, 21 ans, et Marie, 16 ans, ainsi que des milliers d\u2019images qui racontent la for\u00eat guyanaise \u00e0 travers son regard empreint de douceur et de respect.\u00a0<\/p>\n<p>                                    <img class=\"a-article__image lazy libre\" width=\"800\" height=\"450\" data-src=\"https:\/\/www.europesays.com\/fr\/wp-content\/uploads\/2025\/06\/montford-6855665d3d88e956069531.png\" style=\"--img-placeholder: url('\/assets\/img\/placeholders\/article-800-450.svg');\" alt=\"Thierry Montford. Photo extraite de son ouvrage 7 000 jours en for\u00eat\" aria-hidden=\"true\"\/><\/p>\n<p>                Thierry Montford. Photo extraite de son ouvrage 7 000 jours en for\u00eat<br \/>\n                     \u2022<br \/>\n                            \u00a9DR<\/p>\n","protected":false},"excerpt":{"rendered":"Thierry Montford, photographe passionn\u00e9 et figure embl\u00e9matique de l\u2019image en Guyane, s\u2019est \u00e9teint \u00e0 l&rsquo;\u00e2ge de 65 ans,&hellip;\n","protected":false},"author":2,"featured_media":191471,"comment_status":"","ping_status":"","sticky":false,"template":"","format":"standard","meta":{"footnotes":""},"categories":[1358],"tags":[1348,1384,1385,1386,58,59,1011,27],"class_list":{"0":"post-191470","1":"post","2":"type-post","3":"status-publish","4":"format-standard","5":"has-post-thumbnail","7":"category-arts-et-design","8":"tag-arts","9":"tag-arts-and-design","10":"tag-arts-et-design","11":"tag-design","12":"tag-divertissement","13":"tag-entertainment","14":"tag-fr","15":"tag-france"},"share_on_mastodon":{"url":"https:\/\/pubeurope.com\/@fr\/114716879549587823","error":""},"_links":{"self":[{"href":"https:\/\/www.europesays.com\/fr\/wp-json\/wp\/v2\/posts\/191470","targetHints":{"allow":["GET"]}}],"collection":[{"href":"https:\/\/www.europesays.com\/fr\/wp-json\/wp\/v2\/posts"}],"about":[{"href":"https:\/\/www.europesays.com\/fr\/wp-json\/wp\/v2\/types\/post"}],"author":[{"embeddable":true,"href":"https:\/\/www.europesays.com\/fr\/wp-json\/wp\/v2\/users\/2"}],"replies":[{"embeddable":true,"href":"https:\/\/www.europesays.com\/fr\/wp-json\/wp\/v2\/comments?post=191470"}],"version-history":[{"count":0,"href":"https:\/\/www.europesays.com\/fr\/wp-json\/wp\/v2\/posts\/191470\/revisions"}],"wp:featuredmedia":[{"embeddable":true,"href":"https:\/\/www.europesays.com\/fr\/wp-json\/wp\/v2\/media\/191471"}],"wp:attachment":[{"href":"https:\/\/www.europesays.com\/fr\/wp-json\/wp\/v2\/media?parent=191470"}],"wp:term":[{"taxonomy":"category","embeddable":true,"href":"https:\/\/www.europesays.com\/fr\/wp-json\/wp\/v2\/categories?post=191470"},{"taxonomy":"post_tag","embeddable":true,"href":"https:\/\/www.europesays.com\/fr\/wp-json\/wp\/v2\/tags?post=191470"}],"curies":[{"name":"wp","href":"https:\/\/api.w.org\/{rel}","templated":true}]}}