{"id":191478,"date":"2025-06-20T17:33:13","date_gmt":"2025-06-20T17:33:13","guid":{"rendered":"https:\/\/www.europesays.com\/fr\/191478\/"},"modified":"2025-06-20T17:33:13","modified_gmt":"2025-06-20T17:33:13","slug":"inspire-dune-histoire-vraie-ce-film-de-guerre-ultra-realiste-va-vous-surprendre-sur-prime-video","status":"publish","type":"post","link":"https:\/\/www.europesays.com\/fr\/191478\/","title":{"rendered":"Inspir\u00e9 d&rsquo;une histoire vraie, ce film de guerre ultra r\u00e9aliste va vous surprendre sur Prime Video"},"content":{"rendered":"<p>Si on conna\u00eet Alex Garland pour ses apports \u00e0 la science-fiction ou au fantastique, \u00e0 l\u2019image de son travail comme sc\u00e9nariste sur 28 jours plus tard ou <a href=\"https:\/\/www.journaldugeek.com\/critique\/critique-28-ans-plus-tard-la-franchise-horrifique-signe-un-retour-affecte\/\" rel=\"nofollow noopener\" target=\"_blank\">28 ans plus tard<\/a>, ou \u00e0 la r\u00e9alisation d\u2019Ex Machina, on sait que le bonhomme a une approche du r\u00e9alisme qui en fait un auteur renomm\u00e9. Il n\u2019y a qu\u2019\u00e0 voir son r\u00e9cent Civil War pour comprendre qu\u2019il sait comment se placer au c\u0153ur du terrain et nous raconter des histoires vraies ou presque.<\/p>\n<p>Du coup, il n\u2019est pas \u00e9tonnant de le voir s\u2019attaquer de front au film de guerre, lui qui avait juste esquiss\u00e9 le genre dans son pr\u00e9c\u00e9dent film. Pour Warfare, il a travaill\u00e9 au sc\u00e9nario et derri\u00e8re la cam\u00e9ra en collaboration avec Ray Mendoza, v\u00e9ritable acteur des \u00e9v\u00e9nements. Une approche presque documentariste qui peut d\u00e9sar\u00e7onner, mais qui marque aussi sa singularit\u00e9. Deux mani\u00e8res de voir qui sont autant de bonnes raisons d\u2019y jeter un \u0153il.<\/p>\n<p> L\u2019histoire (vraie) de Warfare <\/p>\n<p>En novembre 2006, en Irak, une unit\u00e9 de Navy Seal am\u00e9ricains prend position dans la ville de Ramadi, afin de soutenir une op\u00e9ration des Marines. Occupants une maison habit\u00e9e, ils suspectent rapidement qu\u2019un groupe de djihadistes se pr\u00e9parent \u00e0 attaquer le b\u00e2timent. Si les choses tournent mal, ils savent qu\u2019ils auront du mal \u00e0 tous s\u2019en sortir vivants\u2026<\/p>\n<p> Un film \u00e0 voir qui ne plaira pas \u00e0 tout le monde <\/p>\n<p>Nous le disions pr\u00e9c\u00e9demment, Warfare est le fruit de la collaboration entre Garland et Mendoza. L\u2019exp\u00e9rience de r\u00e9alisateur et sc\u00e9nariste de l\u2019un permet de mettre en images les souvenirs de l\u2019autre, pour un r\u00e9sultat qui ne ressemble pas totalement \u00e0 un b\u00e9b\u00e9 du cin\u00e9aste, ni compl\u00e8tement un documentaire. Un hybride d\u00e9contenan\u00e7ant de prime abord puisque ce n\u2019est pas la mise en contexte ou la construction des personnages qui l\u2019\u00e9touffe.<\/p>\n<p> <img loading=\"lazy\" decoding=\"async\" class=\"size-full wp-image-50555081\" src=\"https:\/\/www.europesays.com\/fr\/wp-content\/uploads\/2025\/06\/warfare-2.jpg\" alt=\"Warfare 2\" width=\"1920\" height=\"1280\"  \/>\u00a9 Prime Video <\/p>\n<p>Au contraire, apr\u00e8s un rapide plan d\u2019ambiance, on est plong\u00e9s au c\u0153ur du sujet, au sein de cette maison qu\u2019il va falloir occuper et dans laquelle il va falloir ensuite s\u2019exfiltrer. Un film quasiment en huis clos, entre les deux \u00e9tages de la b\u00e2tisse. Dans l\u2019id\u00e9e, le projet peut laisser penser \u00e0 une redite de La Chute du Faucon Noir, mais dans l\u2019id\u00e9e seulement.<\/p>\n<p>Car ici, rien de ce qu\u2019on voit ne sortira d\u2019ailleurs que de la t\u00eate des soldats qui ont v\u00e9cu les \u00e9v\u00e9nements. Nous sommes compl\u00e8tement immerg\u00e9s dans la situation avec ces hommes, face \u00e0 une menace presque invisible. De ce sentiment d\u2019oppression n\u00e9e la tension et cette grande inconnue de savoir comment tout cela va finir. Un sentiment renforc\u00e9 par une <strong>action film\u00e9e en temps r\u00e9el<\/strong> et o\u00f9 chaque minute peut sauver des vies ou causer des morts.<\/p>\n<p>Il est \u00e9galement int\u00e9ressant d\u2019observer la mani\u00e8re qu\u2019ont Garland et Mendoza d\u2019utiliser les outils militaires \u00e0 leur disposition pour nous donner \u00e0 voir l\u2019ext\u00e9rieur du refuge de fortune. De montrer sans montrer gr\u00e2ce \u00e0 des plans sortis des cam\u00e9ras des drones ou les multiples \u00e9l\u00e9ments qui nous parviennent des fr\u00e9quences de communication. Les informations sont l\u00e0 et ne font qu\u2019accentuer le vent de panique qui souffle sur l\u2019\u00e9chine des militaires isol\u00e9s.<strong> On entend la panique<\/strong> et on en voit les r\u00e9percutions sur le visage des concern\u00e9s.<\/p>\n<p> <img loading=\"lazy\" decoding=\"async\" class=\"size-full wp-image-50555082\" src=\"https:\/\/www.europesays.com\/fr\/wp-content\/uploads\/2025\/06\/warfare-3.jpg\" alt=\"Warfare 3\" width=\"1920\" height=\"1280\"  \/>\u00a9 Prime Video <\/p>\n<p><strong>Un souci de r\u00e9alisme<\/strong> qui habite tout le film et nous donne des s\u00e9quences que nous n\u2019avons pas l\u2019habitude de voir sur d\u2019autres films du genre. Non, chaque coup de feu ne fait pas mouche, oui, il faut penser \u00e0 r\u00e9cup\u00e9rer chaque pi\u00e8ce de mat\u00e9riel ou armement laiss\u00e9e sur place ou au sol, et les instructions pleuvent avant chaque action. M\u00eame le sang coule avec ce go\u00fbt du r\u00e9el et laisse des blessures tr\u00e8s loin d\u2019\u00eatre belles \u00e0 voir et on souffre en m\u00eame temps qu\u2019eux. Warfare arrive \u00e0 \u00eatre spectaculaire en \u00e9tant anti-spectaculaire. Et c\u2019est l\u00e0 qu\u2019on retrouve une certaine filiation entre ce long-m\u00e9trage et le<a href=\"https:\/\/www.journaldugeek.com\/critique\/critique-civil-war-un-film-qui-va-certainement-marquer-lannee\/\" rel=\"nofollow noopener\" target=\"_blank\"> Civil War<\/a> de Garland.<\/p>\n<p>Pourtant, il est facile de penser que le film va en laisser plus d\u2019un sur le carreau tant il d\u00e9joue les attentes. L\u2019approche documentariste emp\u00eache le sensationnalisme et les minutes peuvent s\u2019\u00e9couler longtemps avant qu\u2019un \u00e9v\u00e9nement vienne secouer le cocotier. De la m\u00eame mani\u00e8re qu\u2019il y a eu des d\u00e9\u00e7us devant le manque de \u201cWar\u201d dans Civil War, le manque de \u201cWar\u201d dans Warfare, m\u00eame si la guerre est pourtant bien l\u00e0, pourrait \u00e9carter les fans d\u2019action.<\/p>\n<p> <img loading=\"lazy\" decoding=\"async\" class=\"size-full wp-image-50555080\" src=\"https:\/\/www.europesays.com\/fr\/wp-content\/uploads\/2025\/06\/warfare-1_.jpg\" alt=\"Warfare 1 \" width=\"1920\" height=\"1280\"  \/>\u00a9 Prime Video <\/p>\n<p>Warfare est un film d\u00e9sar\u00e7onnant qui <strong>respecte les codes du genre<\/strong> tout en \u00e9vitant tous les aspects fictionnels d\u2019un r\u00e9cit. Il est autant fascinant que ronflant. C\u2019est une exp\u00e9rience singuli\u00e8re qui peut passer pour une \u0153uvre cin\u00e9matographique majeure tout comme une belle publicit\u00e9 pour l\u2019arm\u00e9e am\u00e9ricaine et ses bonhommes solidaires. Parce que oui, aucun autre point de vue, aucun propos sur l\u2019int\u00e9r\u00eat de la pr\u00e9sence ricaine, rien de politique ici ;<strong> juste des uniformes qui se soutiennent jusqu\u2019au bout des bottes<\/strong>. Un film de son \u00e9poque qui ne laisse pas indiff\u00e9rent. Et c\u2019est d\u00e9j\u00e0 une belle raison pour lui laisser sa chance.<\/p>\n<blockquote>\n<p class=\"text-base text-neutral-700 dark:text-neutral-300\">\ud83d\udfe3 Pour ne manquer aucune news sur le Journal du Geek, abonnez-vous sur <a href=\"https:\/\/news.google.com\/publications\/CAAqBwgKMNr_hAswwYyCAw?hl=fr&amp;gl=FR&amp;ceid=FR%3Afr\" target=\"_blank\" rel=\"nofollow noopener\">Google Actualit\u00e9s<\/a> et sur <a href=\"https:\/\/whatsapp.com\/channel\/0029VaClM5y4tRry12tb7D2h\" target=\"_blank\" rel=\"nofollow noopener\">notre WhatsApp<\/a>. Et si vous nous adorez, on a <a href=\"https:\/\/www.journaldugeek.com\/newsletter\/\" target=\"_blank\" rel=\"nofollow noopener\">une newsletter tous les matins<\/a>.<\/p>\n<\/blockquote>\n","protected":false},"excerpt":{"rendered":"Si on conna\u00eet Alex Garland pour ses apports \u00e0 la science-fiction ou au fantastique, \u00e0 l\u2019image de son&hellip;\n","protected":false},"author":2,"featured_media":191479,"comment_status":"","ping_status":"","sticky":false,"template":"","format":"standard","meta":{"footnotes":""},"categories":[1354],"tags":[518,58,59,1346,1011,27,1360],"class_list":{"0":"post-191478","1":"post","2":"type-post","3":"status-publish","4":"format-standard","5":"has-post-thumbnail","7":"category-films","8":"tag-amazon-prime-video","9":"tag-divertissement","10":"tag-entertainment","11":"tag-films","12":"tag-fr","13":"tag-france","14":"tag-movies"},"share_on_mastodon":{"url":"https:\/\/pubeurope.com\/@fr\/114716895268122302","error":""},"_links":{"self":[{"href":"https:\/\/www.europesays.com\/fr\/wp-json\/wp\/v2\/posts\/191478","targetHints":{"allow":["GET"]}}],"collection":[{"href":"https:\/\/www.europesays.com\/fr\/wp-json\/wp\/v2\/posts"}],"about":[{"href":"https:\/\/www.europesays.com\/fr\/wp-json\/wp\/v2\/types\/post"}],"author":[{"embeddable":true,"href":"https:\/\/www.europesays.com\/fr\/wp-json\/wp\/v2\/users\/2"}],"replies":[{"embeddable":true,"href":"https:\/\/www.europesays.com\/fr\/wp-json\/wp\/v2\/comments?post=191478"}],"version-history":[{"count":0,"href":"https:\/\/www.europesays.com\/fr\/wp-json\/wp\/v2\/posts\/191478\/revisions"}],"wp:featuredmedia":[{"embeddable":true,"href":"https:\/\/www.europesays.com\/fr\/wp-json\/wp\/v2\/media\/191479"}],"wp:attachment":[{"href":"https:\/\/www.europesays.com\/fr\/wp-json\/wp\/v2\/media?parent=191478"}],"wp:term":[{"taxonomy":"category","embeddable":true,"href":"https:\/\/www.europesays.com\/fr\/wp-json\/wp\/v2\/categories?post=191478"},{"taxonomy":"post_tag","embeddable":true,"href":"https:\/\/www.europesays.com\/fr\/wp-json\/wp\/v2\/tags?post=191478"}],"curies":[{"name":"wp","href":"https:\/\/api.w.org\/{rel}","templated":true}]}}