{"id":191487,"date":"2025-06-20T17:38:13","date_gmt":"2025-06-20T17:38:13","guid":{"rendered":"https:\/\/www.europesays.com\/fr\/191487\/"},"modified":"2025-06-20T17:38:13","modified_gmt":"2025-06-20T17:38:13","slug":"chocapic-pourquoi-nestle-va-encore-changer-la-recette-de-ses-plus-celebres-cereales","status":"publish","type":"post","link":"https:\/\/www.europesays.com\/fr\/191487\/","title":{"rendered":"Chocapic\u00a0: pourquoi Nestl\u00e9 va encore changer la recette de ses plus c\u00e9l\u00e8bres c\u00e9r\u00e9ales"},"content":{"rendered":"<p class=\"paragraph text_align_left lp-f-body-02\">La recette va encore changer. <a href=\"https:\/\/www.leparisien.fr\/economie\/consommation\/chocapic-sur-la-table-du-petit-dejeuner-depuis-40-ans-les-recettes-dun-succes-13-04-2025-OVBY7JUXVBGZVL3I6RTVEN5HRY.php\" target=\"_self\" rel=\"noopener\">Apr\u00e8s avoir d\u00e9j\u00e0 r\u00e9duit de moiti\u00e9 la teneur en sucre et en sel<\/a> de ses c\u00e9r\u00e9ales les plus consomm\u00e9es,<a href=\"https:\/\/www.leparisien.fr\/economie\/consommation\/chocapic-tresor-les-cereales-du-petit-dejeuner-un-marche-tres-concurrentiel-qui-cible-les-enfants-13-04-2025-E3AKMAWDARBCBLEHHGTZD4MPAM.php\" target=\"_self\" rel=\"noopener\"> les c\u00e9l\u00e8bres Chocapic<\/a>, le groupe Nestl\u00e9 va proc\u00e9der \u00e0 une nouvelle \u00e9volution de sa \u00ab formule magique \u00bb.<\/p>\n<p class=\"paragraph text_align_left lp-f-body-02\">En effet, l\u2019enseigne a d\u00e9cid\u00e9 d\u2019une r\u00e9duction de 11 % de sucre et de 9 % de sel au sein de son produit phare \u00e0 partir de septembre. La raison est simple : l\u2019algorithme du <a href=\"https:\/\/www.leparisien.fr\/societe\/nutri-score-fonctionnement-interet-polemiques-nos-reponses-aux-13-questions-que-vous-vous-posez-le-plus-15-04-2025-XBZN3YRKBRHHJKMC4ZVMOOJF5U.php\" target=\"_self\" rel=\"noopener\">Nutri-score<\/a>, l\u2019\u00e9tiquetage pr\u00e9sent sur l\u2019emballage de nombreux aliments en vente dans les grandes surfaces pour permettre aux consommateurs d\u2019identifier la qualit\u00e9 nutritionnelle des produits, \u00e9volue \u00e9galement. <\/p>\n<p>Le Nutri-score, un enjeu important pour le groupe Nestl\u00e9<\/p>\n<p class=\"paragraph text_align_left lp-f-body-02\">Apr\u00e8s une mise \u00e0 jour, le petit-d\u00e9jeuner pr\u00e9f\u00e9r\u00e9 de nombreux Fran\u00e7ais, longtemps class\u00e9 A (la meilleure note), est redescendu jusqu\u2019au C. Ce qui risque d\u2019avoir un impact important sur les r\u00e9sultats du g\u00e9ant de l\u2019agroalimentaire, car le label Nutri-score exerce une influence claire sur les chiffres de ventes : + 6 % pour un produit not\u00e9 A et jusqu\u2019\u00e0 -7 % pour un E par exemple.<\/p>\n<p class=\"paragraph text_align_left lp-f-body-02\">Avec leur nouvelle recette, les Chocapic auront d\u00e9sormais un B accol\u00e9 \u00e0 leurs paquets dans les magasins. Deuxi\u00e8me marque de c\u00e9r\u00e9ales la plus vendue en France derri\u00e8re les Tr\u00e9sor du groupe Kellogg\u2019s, ils repr\u00e9sentent pr\u00e8s de 30 % des ventes de Nestl\u00e9 en France et 40 % des d\u00e9penses publicitaires du groupe, ce qui explique en partie ce nouveau changement. La recette a d\u00e9j\u00e0 \u00e9t\u00e9 modifi\u00e9e sept fois au cours des vingt derni\u00e8res ann\u00e9es.<\/p>\n","protected":false},"excerpt":{"rendered":"La recette va encore changer. Apr\u00e8s avoir d\u00e9j\u00e0 r\u00e9duit de moiti\u00e9 la teneur en sucre et en sel&hellip;\n","protected":false},"author":2,"featured_media":191488,"comment_status":"","ping_status":"","sticky":false,"template":"","format":"standard","meta":{"footnotes":""},"categories":[6],"tags":[35,130,33,34,1011,27],"class_list":{"0":"post-191487","1":"post","2":"type-post","3":"status-publish","4":"format-standard","5":"has-post-thumbnail","7":"category-economie","8":"tag-business","9":"tag-consommation","10":"tag-economie","11":"tag-economy","12":"tag-fr","13":"tag-france"},"share_on_mastodon":{"url":"https:\/\/pubeurope.com\/@fr\/114716915007908324","error":""},"_links":{"self":[{"href":"https:\/\/www.europesays.com\/fr\/wp-json\/wp\/v2\/posts\/191487","targetHints":{"allow":["GET"]}}],"collection":[{"href":"https:\/\/www.europesays.com\/fr\/wp-json\/wp\/v2\/posts"}],"about":[{"href":"https:\/\/www.europesays.com\/fr\/wp-json\/wp\/v2\/types\/post"}],"author":[{"embeddable":true,"href":"https:\/\/www.europesays.com\/fr\/wp-json\/wp\/v2\/users\/2"}],"replies":[{"embeddable":true,"href":"https:\/\/www.europesays.com\/fr\/wp-json\/wp\/v2\/comments?post=191487"}],"version-history":[{"count":0,"href":"https:\/\/www.europesays.com\/fr\/wp-json\/wp\/v2\/posts\/191487\/revisions"}],"wp:featuredmedia":[{"embeddable":true,"href":"https:\/\/www.europesays.com\/fr\/wp-json\/wp\/v2\/media\/191488"}],"wp:attachment":[{"href":"https:\/\/www.europesays.com\/fr\/wp-json\/wp\/v2\/media?parent=191487"}],"wp:term":[{"taxonomy":"category","embeddable":true,"href":"https:\/\/www.europesays.com\/fr\/wp-json\/wp\/v2\/categories?post=191487"},{"taxonomy":"post_tag","embeddable":true,"href":"https:\/\/www.europesays.com\/fr\/wp-json\/wp\/v2\/tags?post=191487"}],"curies":[{"name":"wp","href":"https:\/\/api.w.org\/{rel}","templated":true}]}}