{"id":191489,"date":"2025-06-20T17:39:09","date_gmt":"2025-06-20T17:39:09","guid":{"rendered":"https:\/\/www.europesays.com\/fr\/191489\/"},"modified":"2025-06-20T17:39:09","modified_gmt":"2025-06-20T17:39:09","slug":"griffee-par-un-chien-errant-lors-dun-voyage-au-maroc-une-touriste-meurt-de-la-rage-plusieurs-mois-apres","status":"publish","type":"post","link":"https:\/\/www.europesays.com\/fr\/191489\/","title":{"rendered":"Griff\u00e9e par un chien errant lors d\u2019un voyage au Maroc, une touriste meurt de la rage plusieurs mois apr\u00e8s"},"content":{"rendered":"<p>Une femme de 59 ans, originaire de <a data-i13n=\"cpos:1;pos:1\" href=\"https:\/\/www.20minutes.fr\/monde\/grande-bretagne\/?at_medium=RSS%20feed&amp;at_campaign=ynews&amp;utm_source=yahoo&amp;utm_medium=rss&amp;utm_campaign=news_feed&amp;utm_content=in_article_link\" rel=\"nofollow noopener\" target=\"_blank\" data-ylk=\"slk:Grande-Bretagne;cpos:1;pos:1;elm:context_link;itc:0;sec:content-canvas\" class=\"link \">Grande-Bretagne<\/a>, est d\u00e9c\u00e9d\u00e9e mercredi 11 juin apr\u00e8s avoir contract\u00e9 la rage lors d\u2019un voyage au <a data-i13n=\"cpos:2;pos:1\" href=\"https:\/\/www.20minutes.fr\/dossier\/maroc?at_medium=RSS%20feed&amp;at_campaign=ynews&amp;utm_source=yahoo&amp;utm_medium=rss&amp;utm_campaign=news_feed&amp;utm_content=in_article_link\" rel=\"nofollow noopener\" target=\"_blank\" data-ylk=\"slk:Maroc;cpos:2;pos:1;elm:context_link;itc:0;sec:content-canvas\" class=\"link \">Maroc<\/a> en f\u00e9vrier. \u00ab Elle a \u00e9t\u00e9 tr\u00e8s l\u00e9g\u00e8rement griff\u00e9e par un <a data-i13n=\"cpos:3;pos:1\" href=\"https:\/\/www.20minutes.fr\/dossier\/chien?at_medium=RSS%20feed&amp;at_campaign=ynews&amp;utm_source=yahoo&amp;utm_medium=rss&amp;utm_campaign=news_feed&amp;utm_content=in_article_link\" rel=\"nofollow noopener\" target=\"_blank\" data-ylk=\"slk:chiot;cpos:3;pos:1;elm:context_link;itc:0;sec:content-canvas\" class=\"link \">chiot<\/a> \u00bb errant, a indiqu\u00e9 sa fille sur les r\u00e9seaux sociaux, dont les propos ont \u00e9t\u00e9 rapport\u00e9s la <a data-i13n=\"cpos:4;pos:1\" href=\"https:\/\/www.bbc.com\/news\/articles\/c98wyllp170o?at_medium=RSS%20feed&amp;at_campaign=ynews&amp;utm_source=yahoo&amp;utm_medium=rss&amp;utm_campaign=news_feed&amp;utm_content=in_article_link\" rel=\"nofollow noopener\" target=\"_blank\" data-ylk=\"slk:BBC;cpos:4;pos:1;elm:context_link;itc:0;sec:content-canvas\" class=\"link \">BBC<\/a>. Elle a ensuite ajout\u00e9 : \u00ab Il y a deux semaines, elle est tomb\u00e9e malade, en commen\u00e7ant par un mal de t\u00eate qui lui a fait perdre la capacit\u00e9 de marcher, de parler, de dormir et d\u2019avaler. Ce qui a provoqu\u00e9 son d\u00e9c\u00e8s. \u00bb<\/p>\n<p>La quinquag\u00e9naire avait \u00e9t\u00e9 diagnostiqu\u00e9e \u00e0 l\u2019<a data-i13n=\"cpos:5;pos:1\" href=\"https:\/\/www.20minutes.fr\/dossier\/hopital?at_medium=RSS%20feed&amp;at_campaign=ynews&amp;utm_source=yahoo&amp;utm_medium=rss&amp;utm_campaign=news_feed&amp;utm_content=in_article_link\" rel=\"nofollow noopener\" target=\"_blank\" data-ylk=\"slk:h\u00f4pital;cpos:5;pos:1;elm:context_link;itc:0;sec:content-canvas\" class=\"link \">h\u00f4pital<\/a> de Barnsley, puis transf\u00e9r\u00e9e \u00e0 l\u2019h\u00f4pital Royal Hallamshire de Sheffield. L\u2019Agence britannique de s\u00e9curit\u00e9 sanitaire (UKHSA) s\u2019est montr\u00e9e rassurante, indiquant qu\u2019il n\u2019y avait pas de risque de transmission de la rage entre personnes.<\/p>\n<p>Une consultation m\u00e9dicale rapide recommand\u00e9e<\/p>\n<p>La fille de la victime a rappel\u00e9 quelques mesures de pr\u00e9cautions : \u00ab Nous vous demandons de prendre au s\u00e9rieux les morsures d\u2019animaux, de vacciner vos <a data-i13n=\"cpos:6;pos:1\" href=\"https:\/\/www.20minutes.fr\/planete\/animaux\/?at_medium=RSS%20feed&amp;at_campaign=ynews&amp;utm_source=yahoo&amp;utm_medium=rss&amp;utm_campaign=news_feed&amp;utm_content=in_article_link\" rel=\"nofollow noopener\" target=\"_blank\" data-ylk=\"slk:animaux;cpos:6;pos:1;elm:context_link;itc:0;sec:content-canvas\" class=\"link \">animaux<\/a> de compagnie et d\u2019informer votre entourage. \u00bb D\u2019autant que les sympt\u00f4mes de la rage peuvent mettre trois \u00e0 douze semaines \u00e0 se manifester, voir ne pas appara\u00eetre avant plusieurs mois ou ann\u00e9es. Or, si ces derniers se manifestent, la maladie serait presque toujours mortelle. Le National Health Service (NHS) conseille de consulter imm\u00e9diatement un professionnel de sant\u00e9 en cas de morsure, griffure par un animal mais aussi si celui-ci vous l\u00e8che les yeux, le nez, la bouche ou une plaie ouverte.<\/p>\n<p><a data-i13n=\"cpos:7;pos:1\" href=\"https:\/\/www.20minutes.fr\/faits_divers\/4159596-20250620-griffee-chien-errant-lors-voyage-maroc-touriste-meurt-rage-plusieurs-mois-apres?at_medium=RSS%20feed&amp;at_campaign=ynews&amp;utm_source=yahoo&amp;utm_medium=rss&amp;utm_campaign=news_feed&amp;utm_content=read_more_link\" rel=\"nofollow noopener\" target=\"_blank\" data-ylk=\"slk:Lire la suite sur 20minutes;cpos:7;pos:1;elm:context_link;itc:0;sec:content-canvas\" class=\"link \">Lire la suite sur 20minutes<\/a><\/p>\n<p>\u00c0 lire aussi :<br \/><a data-i13n=\"cpos:8;pos:1\" href=\"https:\/\/www.20minutes.fr\/sante\/4070883-20240116-var-chiot-importe-maroc-rage?at_medium=RSS%20feed&amp;at_campaign=ynews&amp;utm_source=yahoo&amp;utm_medium=rss&amp;utm_campaign=news_feed&amp;utm_content=related_content_link\" rel=\"nofollow noopener\" target=\"_blank\" data-ylk=\"slk:Var : Un chiot import\u00e9 du Maroc avec la rage;cpos:8;pos:1;elm:context_link;itc:0;sec:content-canvas\" class=\"link \">Var : Un chiot import\u00e9 du Maroc avec la rage<\/a><br \/><a data-i13n=\"cpos:9;pos:1\" href=\"https:\/\/www.20minutes.fr\/monde\/2370787-20181113-maroc-britannique-fait-mordre-chat-decede-rage?at_medium=RSS%20feed&amp;at_campaign=ynews&amp;utm_source=yahoo&amp;utm_medium=rss&amp;utm_campaign=news_feed&amp;utm_content=related_content_link\" rel=\"nofollow noopener\" target=\"_blank\" data-ylk=\"slk:Maroc: Un Britannique se fait mordre par un chat et d\u00e9c\u00e8de de la rage;cpos:9;pos:1;elm:context_link;itc:0;sec:content-canvas\" class=\"link \">Maroc: Un Britannique se fait mordre par un chat et d\u00e9c\u00e8de de la rage<\/a><\/p>\n","protected":false},"excerpt":{"rendered":"Une femme de 59 ans, originaire de Grande-Bretagne, est d\u00e9c\u00e9d\u00e9e mercredi 11 juin apr\u00e8s avoir contract\u00e9 la rage&hellip;\n","protected":false},"author":2,"featured_media":191490,"comment_status":"","ping_status":"","sticky":false,"template":"","format":"standard","meta":{"footnotes":""},"categories":[5],"tags":[11,1011,27,5072,14,557,2223,12,33014,558,28],"class_list":{"0":"post-191489","1":"post","2":"type-post","3":"status-publish","4":"format-standard","5":"has-post-thumbnail","7":"category-international","8":"tag-actualites","9":"tag-fr","10":"tag-france","11":"tag-grande-bretagne","12":"tag-international","13":"tag-la-rage","14":"tag-maroc","15":"tag-news","16":"tag-rage","17":"tag-symptomes-de-la-rage","18":"tag-world"},"share_on_mastodon":{"url":"https:\/\/pubeurope.com\/@fr\/114716918689984933","error":""},"_links":{"self":[{"href":"https:\/\/www.europesays.com\/fr\/wp-json\/wp\/v2\/posts\/191489","targetHints":{"allow":["GET"]}}],"collection":[{"href":"https:\/\/www.europesays.com\/fr\/wp-json\/wp\/v2\/posts"}],"about":[{"href":"https:\/\/www.europesays.com\/fr\/wp-json\/wp\/v2\/types\/post"}],"author":[{"embeddable":true,"href":"https:\/\/www.europesays.com\/fr\/wp-json\/wp\/v2\/users\/2"}],"replies":[{"embeddable":true,"href":"https:\/\/www.europesays.com\/fr\/wp-json\/wp\/v2\/comments?post=191489"}],"version-history":[{"count":0,"href":"https:\/\/www.europesays.com\/fr\/wp-json\/wp\/v2\/posts\/191489\/revisions"}],"wp:featuredmedia":[{"embeddable":true,"href":"https:\/\/www.europesays.com\/fr\/wp-json\/wp\/v2\/media\/191490"}],"wp:attachment":[{"href":"https:\/\/www.europesays.com\/fr\/wp-json\/wp\/v2\/media?parent=191489"}],"wp:term":[{"taxonomy":"category","embeddable":true,"href":"https:\/\/www.europesays.com\/fr\/wp-json\/wp\/v2\/categories?post=191489"},{"taxonomy":"post_tag","embeddable":true,"href":"https:\/\/www.europesays.com\/fr\/wp-json\/wp\/v2\/tags?post=191489"}],"curies":[{"name":"wp","href":"https:\/\/api.w.org\/{rel}","templated":true}]}}