{"id":191499,"date":"2025-06-20T17:44:11","date_gmt":"2025-06-20T17:44:11","guid":{"rendered":"https:\/\/www.europesays.com\/fr\/191499\/"},"modified":"2025-06-20T17:44:11","modified_gmt":"2025-06-20T17:44:11","slug":"champigneulles-eleves-et-residents-des-fourasses-reunis-autour-des-jeux","status":"publish","type":"post","link":"https:\/\/www.europesays.com\/fr\/191499\/","title":{"rendered":"Champigneulles. \u00c9l\u00e8ves et r\u00e9sidents des Fourasses r\u00e9unis autour des jeux"},"content":{"rendered":"<p>La r\u00e9sidence autonome Les Fourasses a accueilli 16 \u00e9l\u00e8ves de moyenne section de l\u2019\u00e9cole Perrault pour une rencontre autour de jeux de soci\u00e9t\u00e9. Avec 10 des r\u00e9sidents, la classe de Magali Pr\u00e9gnon a partag\u00e9 un moment convivial en jouant aux petits chevaux et aux dominos. Trois enfants ont ensuite r\u00e9cit\u00e9 la po\u00e9sie apprise pour la f\u00eate des m\u00e8res, Pour ma m\u00e8re, de Maurice Car\u00eame avant d\u2019interpr\u00e9ter, avec le reste de leurs camarades, Les crocodiles et Il \u00e9tait un petit navire.<\/p>\n","protected":false},"excerpt":{"rendered":"La r\u00e9sidence autonome Les Fourasses a accueilli 16 \u00e9l\u00e8ves de moyenne section de l\u2019\u00e9cole Perrault pour une rencontre&hellip;\n","protected":false},"author":2,"featured_media":191500,"comment_status":"","ping_status":"","sticky":false,"template":"","format":"standard","meta":{"footnotes":""},"categories":[9635],"tags":[1111,11,13561,13560,1704,1057,1777,674,1011,27,775,10425,1702,12,25],"class_list":{"0":"post-191499","1":"post","2":"type-post","3":"status-publish","4":"format-standard","5":"has-post-thumbnail","7":"category-nancy","8":"tag-actu","9":"tag-actualites","10":"tag-cc-du-bassin-de-pompey-54b2","11":"tag-champigneulles","12":"tag-edition-nancy-et-agglomeration","13":"tag-education","14":"tag-eu","15":"tag-europe","16":"tag-fr","17":"tag-france","18":"tag-grand-est","19":"tag-maternelle-elementaire","20":"tag-nancy","21":"tag-news","22":"tag-republique-francaise"},"share_on_mastodon":{"url":"https:\/\/pubeurope.com\/@fr\/114716938592560197","error":""},"_links":{"self":[{"href":"https:\/\/www.europesays.com\/fr\/wp-json\/wp\/v2\/posts\/191499","targetHints":{"allow":["GET"]}}],"collection":[{"href":"https:\/\/www.europesays.com\/fr\/wp-json\/wp\/v2\/posts"}],"about":[{"href":"https:\/\/www.europesays.com\/fr\/wp-json\/wp\/v2\/types\/post"}],"author":[{"embeddable":true,"href":"https:\/\/www.europesays.com\/fr\/wp-json\/wp\/v2\/users\/2"}],"replies":[{"embeddable":true,"href":"https:\/\/www.europesays.com\/fr\/wp-json\/wp\/v2\/comments?post=191499"}],"version-history":[{"count":0,"href":"https:\/\/www.europesays.com\/fr\/wp-json\/wp\/v2\/posts\/191499\/revisions"}],"wp:featuredmedia":[{"embeddable":true,"href":"https:\/\/www.europesays.com\/fr\/wp-json\/wp\/v2\/media\/191500"}],"wp:attachment":[{"href":"https:\/\/www.europesays.com\/fr\/wp-json\/wp\/v2\/media?parent=191499"}],"wp:term":[{"taxonomy":"category","embeddable":true,"href":"https:\/\/www.europesays.com\/fr\/wp-json\/wp\/v2\/categories?post=191499"},{"taxonomy":"post_tag","embeddable":true,"href":"https:\/\/www.europesays.com\/fr\/wp-json\/wp\/v2\/tags?post=191499"}],"curies":[{"name":"wp","href":"https:\/\/api.w.org\/{rel}","templated":true}]}}