{"id":191513,"date":"2025-06-20T17:51:20","date_gmt":"2025-06-20T17:51:20","guid":{"rendered":"https:\/\/www.europesays.com\/fr\/191513\/"},"modified":"2025-06-20T17:51:20","modified_gmt":"2025-06-20T17:51:20","slug":"la-transaction-leboncoin-vire-a-lagression-et-au-vol","status":"publish","type":"post","link":"https:\/\/www.europesays.com\/fr\/191513\/","title":{"rendered":"la transaction Leboncoin vire \u00e0 l\u2019agression et au vol"},"content":{"rendered":"<p>            Par<br \/>\n        <strong><br \/>\n            <a href=\"https:\/\/actu.fr\/auteur\/emilien-jacques\" title=\"Consulter tous les articles de Emilien Jacques\" rel=\"nofollow noopener\" target=\"_blank\">Emilien Jacques<\/a><br \/>\n        <\/strong><\/p>\n<p>        Publi\u00e9 le<\/p>\n<p>            20 juin 2025 \u00e0 17h00        <\/p>\n<p>La vente a tourn\u00e9 \u00e0 la <b>catastrophe<\/b>. Le samedi 14\u00a0juin 2025, une femme, accompagn\u00e9e d\u2019un ami, s\u2019est retrouv\u00e9e prise au pi\u00e8ge d\u2019une dizaine d\u2019individus lorsqu\u2019elle s\u2019est rendue \u00e0 <a href=\"https:\/\/actu.fr\/normandie\/elbeuf_76231\" rel=\"nofollow noopener\" target=\"_blank\">Elbeuf (Seine-Maritime)<\/a>, sur les lieux du rendez-vous qu\u2019elle avait fix\u00e9 pour vendre sa <b>moto<\/b>.<\/p>\n<p>Un rendez-vous pris sur Leboncoin<\/p>\n<p class=\" wall-content\">Comme de nombreux particuliers, une jeune femme s\u2019est servie de la plateforme <b>Leboncoin <\/b>pour poster l\u2019annonce d\u2019une moto de type motocross \u00e0 vendre au prix de 3000 euros. Contact\u00e9e par un potentiel acheteur, la vendeuse venue d\u2019Amiens se rend avec un ami rue Traversi\u00e8re, \u00e0 Elbeuf, l\u00e0 o\u00f9 les deux parties se sont donn\u00e9 <b>rendez-vous<\/b>.<\/p>\n<p class=\" wall-content\">Sur place, un homme \u00ab\u2009d\u2019environ 17\u00a0ans\u2009\u00bb, selon la victime, les re\u00e7oit et demande rapidement \u00e0 essayer la moto. Devant le refus des deux vendeurs, l\u2019homme les invite \u00e0 les suivre un peu plus loin pour leur remettre l\u2019argent qui est cens\u00e9 s\u2019y trouver.<\/p>\n<p>Attendus par une dizaine d\u2019individus<\/p>\n<p class=\" wall-content\">Quelques m\u00e8tres plus loin, la jeune femme et son ami se retrouvent entour\u00e9s d\u2019une <b>dizaine d\u2019individus<\/b>. L\u2019un d\u2019eux les menace \u00e0 l\u2019aide d\u2019une pierre en leur demandant de lui c\u00e9der la moto. Face \u00e0 un nouveau refus, l\u2019homme pr\u00e9sente alors un <b>couteau <\/b>d\u2019une lame d\u2019une quinzaine de centim\u00e8tres et prof\u00e8re de nouvelles menaces. Pendant ce temps, l\u2019ami de la jeune vendeuse re\u00e7oit un violent coup de poing qui le fait chuter.<\/p>\n<p class=\" wall-content\">Les assaillants en profitent pour s\u2019emparer de la moto et fuir \u00e0 pied. Les deux victimes se sont rendues dans la foul\u00e9e au commissariat de police d\u2019Elbeuf. Une plainte a \u00e9t\u00e9 d\u00e9pos\u00e9e.<\/p>\n<p>Vid\u00e9os : en ce moment sur Actu<\/p>\n<p class=\" wall-content\">Suivez toute l\u2019actualit\u00e9 de vos villes et m\u00e9dias favoris en vous inscrivant \u00e0 <a href=\"https:\/\/moncompte.actu.fr\" title=\"D\u00e9couvez Mon Actu\" rel=\"nofollow noopener\" data-trk=\"{&quot;cta&quot;:{&quot;action&quot;:&quot;https:\\\/\\\/moncompte.actu.fr&quot;,&quot;category&quot;:&quot;mon compte&quot;,&quot;from&quot;:&quot;article footer&quot;,&quot;name&quot;:&quot;Mon actu&quot;,&quot;type&quot;:&quot;cta&quot;}}\" target=\"_blank\">Mon Actu<\/a>.<\/p>\n","protected":false},"excerpt":{"rendered":"Par Emilien Jacques Publi\u00e9 le 20 juin 2025 \u00e0 17h00 La vente a tourn\u00e9 \u00e0 la catastrophe. Le&hellip;\n","protected":false},"author":2,"featured_media":191514,"comment_status":"","ping_status":"","sticky":false,"template":"","format":"standard","meta":{"footnotes":""},"categories":[9587],"tags":[1111,11,1777,674,118,1011,27,1457,12,5161,25,9590,7501],"class_list":{"0":"post-191513","1":"post","2":"type-post","3":"status-publish","4":"format-standard","5":"has-post-thumbnail","7":"category-rouen","8":"tag-actu","9":"tag-actualites","10":"tag-eu","11":"tag-europe","12":"tag-faits-divers","13":"tag-fr","14":"tag-france","15":"tag-moto","16":"tag-news","17":"tag-normandie","18":"tag-republique-francaise","19":"tag-rouen","20":"tag-violences-urbaines"},"share_on_mastodon":{"url":"https:\/\/pubeurope.com\/@fr\/114716965772084570","error":""},"_links":{"self":[{"href":"https:\/\/www.europesays.com\/fr\/wp-json\/wp\/v2\/posts\/191513","targetHints":{"allow":["GET"]}}],"collection":[{"href":"https:\/\/www.europesays.com\/fr\/wp-json\/wp\/v2\/posts"}],"about":[{"href":"https:\/\/www.europesays.com\/fr\/wp-json\/wp\/v2\/types\/post"}],"author":[{"embeddable":true,"href":"https:\/\/www.europesays.com\/fr\/wp-json\/wp\/v2\/users\/2"}],"replies":[{"embeddable":true,"href":"https:\/\/www.europesays.com\/fr\/wp-json\/wp\/v2\/comments?post=191513"}],"version-history":[{"count":0,"href":"https:\/\/www.europesays.com\/fr\/wp-json\/wp\/v2\/posts\/191513\/revisions"}],"wp:featuredmedia":[{"embeddable":true,"href":"https:\/\/www.europesays.com\/fr\/wp-json\/wp\/v2\/media\/191514"}],"wp:attachment":[{"href":"https:\/\/www.europesays.com\/fr\/wp-json\/wp\/v2\/media?parent=191513"}],"wp:term":[{"taxonomy":"category","embeddable":true,"href":"https:\/\/www.europesays.com\/fr\/wp-json\/wp\/v2\/categories?post=191513"},{"taxonomy":"post_tag","embeddable":true,"href":"https:\/\/www.europesays.com\/fr\/wp-json\/wp\/v2\/tags?post=191513"}],"curies":[{"name":"wp","href":"https:\/\/api.w.org\/{rel}","templated":true}]}}