{"id":191529,"date":"2025-06-20T18:02:20","date_gmt":"2025-06-20T18:02:20","guid":{"rendered":"https:\/\/www.europesays.com\/fr\/191529\/"},"modified":"2025-06-20T18:02:20","modified_gmt":"2025-06-20T18:02:20","slug":"les-concerts-gratuits-a-decouvrir-en-ville","status":"publish","type":"post","link":"https:\/\/www.europesays.com\/fr\/191529\/","title":{"rendered":"les concerts gratuits \u00e0 d\u00e9couvrir en ville"},"content":{"rendered":"<p>            Par<br \/>\n        <strong><br \/>\n            <a href=\"https:\/\/actu.fr\/auteur\/thomas-bernard\" title=\"Consulter tous les articles de Thomas Bernard\" target=\"_blank\" rel=\"noopener\">Thomas Bernard<\/a><br \/>\n        <\/strong><\/p>\n<p>        Publi\u00e9 le<\/p>\n<p>            20 juin 2025 \u00e0 17h45        <\/p>\n<p>Chant, danse, artistes animeront Nantes, \u00e0 l\u2019occasion de la <a href=\"https:\/\/actu.fr\/tag\/fete-de-la-musique\" target=\"_blank\" rel=\"noopener\">F\u00eate de la musique<\/a>, organis\u00e9e ce samedi 21\u00a0juin 2025. Les rues de l\u2019hypercentre de la cit\u00e9 des ducs de Bretagne seront <strong>ferm\u00e9es \u00e0 la circulation de 19\u2009h \u00e0 2\u2009h\u200930<\/strong>. Les festivit\u00e9s musicales devront \u00eatre termin\u00e9es \u00e0 1h.<\/p>\n<p class=\" wall-content\">Musiciens et spectateurs se feront entendre<strong> en centre-ville \u00e0 partir de 17\u2009h<\/strong>. La r\u00e9daction d\u2019<a href=\"https:\/\/actu.fr\/nantes\/\" target=\"_blank\" rel=\"noopener\">actu Nantes<\/a> fait le point sur le programme* dans la ville de Jules Verne.<\/p>\n<p>Une sc\u00e8ne acoustique en centre-ville<\/p>\n<p class=\" wall-content\">Cette ann\u00e9e, <strong>sept groupes amateurs<\/strong> se produiront sur une sc\u00e8ne acoustique install\u00e9e dans la cour de l\u2019ancienne \u00e9cole des Beaux-Arts, devant l\u2019atelier Dulcie September\u2009:<\/p>\n<ul class=\" wall-content\">\n<li>17\u2009h \u2013 17\u2009h\u200930\u2009: Chorale Unisson\u2009;<\/li>\n<li>17\u2009h\u200930 \u2013 18\u2009h\u2009: Ensemble de cuivre de chambre du Conservatoire de Nantes\u2009;<\/li>\n<li>18\u2009h \u2013 19\u2009h\u200915\u2009: \u00c9cole de musique Nantaise de Cuivre\u2009;<\/li>\n<li>19\u2009h\u200915 \u2013 20\u2009h\u2009: Le Studio de la Danse\u2009;<\/li>\n<li>20\u2009h \u2013 20\u2009h\u200945\u2009: Le Grand Machin Chose\u2009;<\/li>\n<li>21\u2009h \u2013 21\u2009h\u200930\u2009: Bombardes &amp; Co\u2009;<\/li>\n<li>21\u2009h\u200930 \u2013 22\u2009h\u200915\u2009: Estilo faixa Dance France.<\/li>\n<\/ul>\n<p class=\" wall-content\">D\u2019autres musiciens amateurs pourront se produire en centre-ville,<strong> de 19\u2009h \u00e0 1\u2009h,<\/strong> dans un<strong> p\u00e9rim\u00e8tre d\u00e9fini<\/strong> par la Ville de Nantes (voir ci-dessous). Plusieurs rues du centre-ville accueilleront des festivit\u00e9s\u2009: comme <a href=\"https:\/\/www.facebook.com\/events\/1244866163844167\" target=\"_blank\" rel=\"noopener\">Jam\u2019in 2025 rue L\u00e9on-Jamin ou bien <\/a>une ambiance \u00e9lectro rue Scribe avec <a href=\"https:\/\/www.instagram.com\/p\/DLDEax1sQo3\/\" target=\"_blank\" rel=\"noopener\">le collectif Confluences.<\/a><\/p>\n<p>Vid\u00e9os : en ce moment sur Actu<\/p>\n<p class=\" wall-content\">\u00ab\u2009Chaque organisateur\/musicien s\u2019engage \u00e0 limiter la sonorisation sur l\u2019espace public \u00e0 un niveau mod\u00e9r\u00e9 dans le respect de ses voisins (riverains et organisateurs de concert). Il est recommand\u00e9 de ne pas d\u00e9passer un volume d\u2019\u00e9mission sonore \u00e0 98\u00a0db \u00e0 la source et \u00e0 baisser ou arr\u00eater sa sonorisation sur demande de tout repr\u00e9sentant de l\u2019autorit\u00e9 publique. Les animations musicales devront \u00eatre termin\u00e9es \u00e0 1h sur l\u2019espace public\u2009\u00bb, pr\u00e9vient la Ville de Nantes dans un communiqu\u00e9.<\/p>\n<p>Chorale, DJ set, musique urbaine<\/p>\n<p class=\" wall-content\">Plusieurs soir\u00e9es sont organis\u00e9es dans la ville de Jules Verne.<\/p>\n<p class=\" wall-content\">Par exemple, dans le quartier Chantenay, <strong>l\u2019association Arts &amp; Musique en Europe<\/strong>\u00a0<a href=\"https:\/\/arts-musique-europe.org\/samedi-21-juin-2025-17h-a-23h-x-place-des-garennes\/\" target=\"_blank\" rel=\"noopener\">c\u00e9l\u00e8bre la F\u00eate de la musique avec cinq concerts organis\u00e9s \u00e0 la maison de quartier du Dix<\/a>, de 17\u2009h \u00e0 22\u2009h. Les visiteurs pourront s\u2019ambiancer sur des musiques de Queen ou des chorales reprenant des chansons Disney.<\/p>\n<p class=\" wall-content\">Dans le quartier Madeleine-Champ de Mars, <strong>la rue Four\u00e9<\/strong> proposera trois ambiances diff\u00e9rentes\u2009: un remix des ann\u00e9es 1990-2000 par DJ Pizz, les Trompettes de Fallope mettront l\u2019ambiance avec cuivre et percussions et le groupe The Funky Monks reprendra des chansons des Red Hot Chili Peppers.<\/p>\n<p class=\" wall-content\"><strong>Le OFF\u00a0dans le Bas Chantenay<\/strong> se d\u00e9clinera en plusieurs \u00e9v\u00e9nements d\u00e8s 14h. Little Atlantique Brewery, Le Dahu, Les Usines, OHM Town et Macadam (entr\u00e9e gratuite jusqu\u2019\u00e0 0\u2009h\u200930, puis \u00e0 7\u00a0euros) transforment le quartier en mini-festival (<a href=\"https:\/\/www.facebook.com\/events\/717443050818632\/?acontext=%7B%22event_action_history%22%3A%5B%7B%22mechanism%22%3A%22discovery_custom_tab%22%2C%22surface%22%3A%22bookmark%22%7D%5D%2C%22ref_notif_type%22%3Anull%7D\" target=\"_blank\" rel=\"noopener\">le programme en cliquant ici<\/a>).<\/p>\n<p class=\" wall-content\">D\u2019autres performances, aux styles vari\u00e9s, auront lieu dans toute la ville comme un DJ set en soutien \u00e0 la Palestine \u00e0 <strong>la Chaumi\u00e8re<\/strong> ou bien un concert d\u2019Onda Libr\u00e9, au Magmaa Food Hall.<\/p>\n<p class=\" wall-content\">*Les repr\u00e9sentations mentionn\u00e9es ne sont pas exhaustives de l\u2019ensemble des animations propos\u00e9es \u00e0 Nantes<\/p>\n<p class=\" wall-content\">Suivez toute l\u2019actualit\u00e9 de vos villes et m\u00e9dias favoris en vous inscrivant \u00e0 <a href=\"https:\/\/moncompte.actu.fr\" title=\"D\u00e9couvez Mon Actu\" rel=\"nofollow noopener\" data-trk=\"{&quot;cta&quot;:{&quot;action&quot;:&quot;https:\\\/\\\/moncompte.actu.fr&quot;,&quot;category&quot;:&quot;mon compte&quot;,&quot;from&quot;:&quot;article footer&quot;,&quot;name&quot;:&quot;Mon actu&quot;,&quot;type&quot;:&quot;cta&quot;}}\" target=\"_blank\">Mon Actu<\/a>.<\/p>\n<ul class=\"ac-article-tag wall-content\">\n<li><a href=\"https:\/\/actu.fr\/tag\/danse\" data-trk=\"{&quot;cta&quot;:{&quot;action&quot;:&quot;Danse&quot;,&quot;category&quot;:&quot;tag&quot;,&quot;from&quot;:&quot;article footer&quot;,&quot;name&quot;:&quot;Danse&quot;,&quot;type&quot;:&quot;cta&quot;}}\" target=\"_blank\" rel=\"noopener\">#Danse<\/a><\/li>\n<li><a href=\"https:\/\/actu.fr\/tag\/fete-de-la-musique\" data-trk=\"{&quot;cta&quot;:{&quot;action&quot;:&quot;F\\u00eate de la musique&quot;,&quot;category&quot;:&quot;tag&quot;,&quot;from&quot;:&quot;article footer&quot;,&quot;name&quot;:&quot;F\\u00eate de la musique&quot;,&quot;type&quot;:&quot;cta&quot;}}\" target=\"_blank\" rel=\"noopener\">#F\u00eate de la musique<\/a><\/li>\n<\/ul>\n<p>                    <script async src=\"\/\/www.instagram.com\/embed.js\"><\/script><\/p>\n","protected":false},"excerpt":{"rendered":"Par Thomas Bernard Publi\u00e9 le 20 juin 2025 \u00e0 17h45 Chant, danse, artistes animeront Nantes, \u00e0 l\u2019occasion de&hellip;\n","protected":false},"author":2,"featured_media":191530,"comment_status":"","ping_status":"","sticky":false,"template":"","format":"standard","meta":{"footnotes":""},"categories":[2818],"tags":[1111,11,5972,1777,674,25885,1011,27,1652,766,12,2636,25],"class_list":{"0":"post-191529","1":"post","2":"type-post","3":"status-publish","4":"format-standard","5":"has-post-thumbnail","7":"category-nantes","8":"tag-actu","9":"tag-actualites","10":"tag-danse","11":"tag-eu","12":"tag-europe","13":"tag-fete-de-la-musique","14":"tag-fr","15":"tag-france","16":"tag-loisirs-culture","17":"tag-nantes","18":"tag-news","19":"tag-pays-de-la-loire","20":"tag-republique-francaise"},"share_on_mastodon":{"url":"https:\/\/pubeurope.com\/@fr\/114717009045578600","error":""},"_links":{"self":[{"href":"https:\/\/www.europesays.com\/fr\/wp-json\/wp\/v2\/posts\/191529","targetHints":{"allow":["GET"]}}],"collection":[{"href":"https:\/\/www.europesays.com\/fr\/wp-json\/wp\/v2\/posts"}],"about":[{"href":"https:\/\/www.europesays.com\/fr\/wp-json\/wp\/v2\/types\/post"}],"author":[{"embeddable":true,"href":"https:\/\/www.europesays.com\/fr\/wp-json\/wp\/v2\/users\/2"}],"replies":[{"embeddable":true,"href":"https:\/\/www.europesays.com\/fr\/wp-json\/wp\/v2\/comments?post=191529"}],"version-history":[{"count":0,"href":"https:\/\/www.europesays.com\/fr\/wp-json\/wp\/v2\/posts\/191529\/revisions"}],"wp:featuredmedia":[{"embeddable":true,"href":"https:\/\/www.europesays.com\/fr\/wp-json\/wp\/v2\/media\/191530"}],"wp:attachment":[{"href":"https:\/\/www.europesays.com\/fr\/wp-json\/wp\/v2\/media?parent=191529"}],"wp:term":[{"taxonomy":"category","embeddable":true,"href":"https:\/\/www.europesays.com\/fr\/wp-json\/wp\/v2\/categories?post=191529"},{"taxonomy":"post_tag","embeddable":true,"href":"https:\/\/www.europesays.com\/fr\/wp-json\/wp\/v2\/tags?post=191529"}],"curies":[{"name":"wp","href":"https:\/\/api.w.org\/{rel}","templated":true}]}}