{"id":191542,"date":"2025-06-20T18:09:10","date_gmt":"2025-06-20T18:09:10","guid":{"rendered":"https:\/\/www.europesays.com\/fr\/191542\/"},"modified":"2025-06-20T18:09:10","modified_gmt":"2025-06-20T18:09:10","slug":"meubles-touristiques-ding-dong-cest-la-brigade-de-controle","status":"publish","type":"post","link":"https:\/\/www.europesays.com\/fr\/191542\/","title":{"rendered":"[Meubl\u00e9s touristiques] Ding dong, c\u2019est la brigade de contr\u00f4le !"},"content":{"rendered":"\n<p>Ses 5 agents ont \u00e9t\u00e9 asserment\u00e9s le 15\u00a0mai par un juge du tribunal judiciaire de Marseille. Ils ont d\u00e9marr\u00e9 dans la foul\u00e9e les premiers contr\u00f4les en annon\u00e7ant leur visite par respect du contradictoire. Ils ont invit\u00e9 les propri\u00e9taires \u00e0 leur r\u00e9pondre dans un d\u00e9lai d\u2019un mois, \u00e0 produire des documents. Ils ont dress\u00e9 des proc\u00e8s-verbaux d\u2019infraction et mis en demeure de cesser les locations irr\u00e9guli\u00e8res.<\/p>\n<p>La loi leur conf\u00e8re un droit de visite des locaux entre 8 heures et 19 heures. Ils doivent pouvoir montrer un ordre de mission personnel et leur carte d\u2019identit\u00e9. \u00ab\u00a0L\u2019occupant ou le gardien du local est tenu de laisser visiter sur pr\u00e9sentation de l\u2019ordre de mission. La visite s\u2019effectue en sa pr\u00e9sence\u00a0\u00bb, \u00e9nonce l\u2019article L. 651-6 du code de la construction et de l\u2019habitation. <a rel=\"noopener noreferrer\" href=\"https:\/\/www.lamarseillaise.fr\/societe\/airbnb-la-ville-prepare-son-offensive-MN18374109\" target=\"_blank\">Les agents asserment\u00e9s de brigade<\/a> \u00ab\u00a0constatent les conditions dans lesquelles sont effectivement occup\u00e9s les locaux qu\u2019ils visitent. Ils sont habilit\u00e9s \u00e0 recevoir toute d\u00e9claration et \u00e0 se faire pr\u00e9senter par les propri\u00e9taires, locataires ou autres occupants des lieux toute pi\u00e8ce ou document \u00e9tablissant ces conditions.\u00a0\u00bb<\/p>\n<p>Quid en cas de refus\u00a0? La loi est claire\u00a0: \u00ab\u00a0Quiconque fait obstacle volontaire \u00e0 la mission des agents du service municipal du logement est passible d\u2019une amende civile [de 2\u00a0250\u00a0euros]\u00a0\u00bb. Et ce refus entra\u00eene la poursuite d\u2019office du parquet. Avec un potentiel de 5\u00a0000 logements en infraction, la t\u00e2che est vaste. Si l\u2019id\u00e9e n\u2019est pas d\u2019aller contr\u00f4ler chaque adresse, la brigade va monter en puissance pour passer \u00e0 15 agents et ambitionne un rythme de 10 assignations par mois.<\/p>\n","protected":false},"excerpt":{"rendered":"Ses 5 agents ont \u00e9t\u00e9 asserment\u00e9s le 15\u00a0mai par un juge du tribunal judiciaire de Marseille. Ils ont&hellip;\n","protected":false},"author":2,"featured_media":191543,"comment_status":"","ping_status":"","sticky":false,"template":"","format":"standard","meta":{"footnotes":""},"categories":[2814],"tags":[1111,11,1777,674,1011,27,884,12,11213,882,25],"class_list":{"0":"post-191542","1":"post","2":"type-post","3":"status-publish","4":"format-standard","5":"has-post-thumbnail","7":"category-marseille","8":"tag-actu","9":"tag-actualites","10":"tag-eu","11":"tag-europe","12":"tag-fr","13":"tag-france","14":"tag-marseille","15":"tag-news","16":"tag-plateformes","17":"tag-provence-alpes-cote-dazur","18":"tag-republique-francaise"},"share_on_mastodon":{"url":"https:\/\/pubeurope.com\/@fr\/114717036672412906","error":""},"_links":{"self":[{"href":"https:\/\/www.europesays.com\/fr\/wp-json\/wp\/v2\/posts\/191542","targetHints":{"allow":["GET"]}}],"collection":[{"href":"https:\/\/www.europesays.com\/fr\/wp-json\/wp\/v2\/posts"}],"about":[{"href":"https:\/\/www.europesays.com\/fr\/wp-json\/wp\/v2\/types\/post"}],"author":[{"embeddable":true,"href":"https:\/\/www.europesays.com\/fr\/wp-json\/wp\/v2\/users\/2"}],"replies":[{"embeddable":true,"href":"https:\/\/www.europesays.com\/fr\/wp-json\/wp\/v2\/comments?post=191542"}],"version-history":[{"count":0,"href":"https:\/\/www.europesays.com\/fr\/wp-json\/wp\/v2\/posts\/191542\/revisions"}],"wp:featuredmedia":[{"embeddable":true,"href":"https:\/\/www.europesays.com\/fr\/wp-json\/wp\/v2\/media\/191543"}],"wp:attachment":[{"href":"https:\/\/www.europesays.com\/fr\/wp-json\/wp\/v2\/media?parent=191542"}],"wp:term":[{"taxonomy":"category","embeddable":true,"href":"https:\/\/www.europesays.com\/fr\/wp-json\/wp\/v2\/categories?post=191542"},{"taxonomy":"post_tag","embeddable":true,"href":"https:\/\/www.europesays.com\/fr\/wp-json\/wp\/v2\/tags?post=191542"}],"curies":[{"name":"wp","href":"https:\/\/api.w.org\/{rel}","templated":true}]}}