{"id":191546,"date":"2025-06-20T18:11:18","date_gmt":"2025-06-20T18:11:18","guid":{"rendered":"https:\/\/www.europesays.com\/fr\/191546\/"},"modified":"2025-06-20T18:11:18","modified_gmt":"2025-06-20T18:11:18","slug":"a-lyon-les-controles-de-police-sintensifient","status":"publish","type":"post","link":"https:\/\/www.europesays.com\/fr\/191546\/","title":{"rendered":"\u00e0 Lyon, les contr\u00f4les de police s&rsquo;intensifient"},"content":{"rendered":"<p class=\"wp-block-post-excerpt__excerpt\">Les 17 et 18 juin, des op\u00e9rations de contr\u00f4le de police men\u00e9es dans les rues de Lyon ont d\u00e9bouch\u00e9 sur l\u2019arrestation d\u2019une dizaine de personnes sans-papiers. Dans le m\u00eame temps, le ministre de l\u2019Int\u00e9rieur a annonc\u00e9 des contr\u00f4les ciblant sp\u00e9cifiquement les \u00e9trangers. Alors que les organisations militantes appellent \u00e0 se mobiliser contre ces \u00ab\u00a0rafles\u00a0\u00bb, celles-ci sont en r\u00e9alit\u00e9 la continuit\u00e9 d\u2019une politique publique men\u00e9e depuis d\u00e9but 2025. <\/p>\n<p><a href=\"https:\/\/www.rue89lyon.fr\/actu\/\" rel=\"tag nofollow noopener\" target=\"_blank\">Actualit\u00e9<\/a>, <a href=\"https:\/\/www.rue89lyon.fr\/edition-abonnes\/\" rel=\"tag nofollow noopener\" target=\"_blank\">\u00c9dition abonn\u00e9s<\/a><\/p>\n<p>Sol\u00e8ne Guili<\/p>\n<p>Publi\u00e9 le 20 juin 2025\u00a0\u00a0\u00b7\u00a0\u00a0<\/p>\n<p>Imprim\u00e9 le 20 juin 2025 \u00e0 20h11\u00a0\u00a0\u00b7\u00a0\u00a0<\/p>\n<p>\t\t\t\t\t5\u00a0minutes\n<\/p>\n<p>Ce jeudi 19 juin en d\u00e9but d\u2019apr\u00e8s-midi, plusieurs unit\u00e9s des forces de l\u2019ordre tournent place Gabriel-P\u00e9ri (Lyon 7e). Alors qu\u2019une jeune femme sort son t\u00e9l\u00e9phone pour filmer un contr\u00f4le de police, les agents l\u2019aper\u00e7oivent et la contr\u00f4lent \u00e0 son tour. \u00ab\u00a0Ils m\u2019ont demand\u00e9 de ne pas diffuser la vid\u00e9o\u00a0\u00bb, rapporte-t-elle.<\/p>\n<p>Ce jour-l\u00e0, l\u2019ambiance est tendue \u00e0 la Guilloti\u00e8re. Partout dans Lyon, de nombreuses organisations militantes ont appel\u00e9 \u00e0 tenir des \u00ab\u00a0piquets et tourn\u00e9es anti-rafles\u00a0\u00bb, \u00e0 perturber les contr\u00f4les de police, ou encore \u00e0 \u00e9viter les gares et transports en commun pour les personnes racis\u00e9es. <\/p>\n<p>En cause : les annonces du ministre de l\u2019Int\u00e9rieur, Bruno Retailleau, d\u2019une \u00ab\u00a0op\u00e9ration nationale de contr\u00f4le des flux migratoires\u00a0\u00bb les 18 et 19 juin. 4000 agents des forces de l\u2019ordre ont \u00e9t\u00e9 mobilis\u00e9s sur le territoire dans un but assum\u00e9 de lutter contre l\u2019immigration irr\u00e9guli\u00e8re.<\/p>\n<p class=\"has-primary-color has-text-color\">\n\t\t\t<strong> Cet article fait partie de l\u2019\u00e9dition abonn\u00e9s.<\/strong><br \/>\n\t\t\t| D\u00e9j\u00e0 abonn\u00e9\u00a0?<br \/>\n\t\t\t<a href=\"https:\/\/www.rue89lyon.fr\/user\/login\/\" data-type=\"page\" data-id=\"128116\" rel=\"nofollow noopener\" target=\"_blank\">Connectez-vous<\/a>\n\t\t<\/p>\n<p>Abonnez-vous maintenant pour poursuivre votre lecture<\/p>\n<p><img loading=\"lazy\" decoding=\"async\" width=\"2048\" height=\"1627\" src=\"https:\/\/www.europesays.com\/fr\/wp-content\/uploads\/2025\/05\/04-paywall.png\" alt=\"Abonnez-vous\" class=\"wp-image-207191\"  \/><\/p>\n<p>\t\t\t<a href=\"https:\/\/www.rue89lyon.fr\/\" class=\"custom-logo-link\" rel=\"home nofollow noopener\" target=\"_blank\"><img loading=\"lazy\" decoding=\"async\" width=\"290\" height=\"89\" src=\"https:\/\/www.europesays.com\/fr\/wp-content\/uploads\/2025\/04\/1745556146_356_logo.png\" class=\"custom-logo\" alt=\"Rue89Lyon Infos, enqu\u00eates \u00e0 Lyon et dans la r\u00e9gion\"  \/><\/a><\/p>\n<p>\n\t\t\t\tAbonnez-vous maintenant pour suivre l\u2019actualit\u00e9 locale.\t\t\t<\/p>\n<p class=\"font-bold font-serif-heading mb-2 text-4xl\">\n\t\t\t\t\t\tL\u2019investigation locale \u00e0 port\u00e9e de main.\n\t\t\t\t\t<\/p>\n<p>\n\t\t\t\t\t\tAbonnez-vous et profitez d\u2019un acc\u00e8s illimit\u00e9 \u00e0 Rue89 Lyon. Annulez quand vous voulez.\n\t\t\t\t\t<\/p>\n<p class=\"xl:text-sm\">\n\t\t\t\t\tD\u00e9j\u00e0 abonn\u00e9\u00a0?<br \/>\n\t\t\t\t\t<a class=\"border border-transparent text-center transition-colors duration-instant focus:border-info focus:rounded focus:shadow-focus cursor-pointer text-black hover:text-gray-700 active:bg-black-700 font-semibold inline-block\" href=\"https:\/\/www.rue89lyon.fr\/user\/login\/?redirect=\/2025\/06\/20\/lyon-vagues-controles-police-sans-papiers-sont-pas-une-nouveaute\/\" rel=\"nofollow noopener\" target=\"_blank\">Connectez-vous<\/a>\t\t\t\t<\/p>\n<p>\n\t\t\t\tChoisissez votre formule\u00a0:\n\t\t\t<\/p>\n<p>\t\t\t\tFermer<\/p>\n","protected":false},"excerpt":{"rendered":"Les 17 et 18 juin, des op\u00e9rations de contr\u00f4le de police men\u00e9es dans les rues de Lyon ont&hellip;\n","protected":false},"author":2,"featured_media":191547,"comment_status":"","ping_status":"","sticky":false,"template":"","format":"standard","meta":{"footnotes":""},"categories":[1889],"tags":[1111,11,2430,1777,674,1011,27,2428,1251,12,25],"class_list":{"0":"post-191546","1":"post","2":"type-post","3":"status-publish","4":"format-standard","5":"has-post-thumbnail","7":"category-lyon","8":"tag-actu","9":"tag-actualites","10":"tag-auvergne-rhone-alpes","11":"tag-eu","12":"tag-europe","13":"tag-fr","14":"tag-france","15":"tag-lyon","16":"tag-migrants","17":"tag-news","18":"tag-republique-francaise"},"share_on_mastodon":{"url":"https:\/\/pubeurope.com\/@fr\/114717044910073548","error":""},"_links":{"self":[{"href":"https:\/\/www.europesays.com\/fr\/wp-json\/wp\/v2\/posts\/191546","targetHints":{"allow":["GET"]}}],"collection":[{"href":"https:\/\/www.europesays.com\/fr\/wp-json\/wp\/v2\/posts"}],"about":[{"href":"https:\/\/www.europesays.com\/fr\/wp-json\/wp\/v2\/types\/post"}],"author":[{"embeddable":true,"href":"https:\/\/www.europesays.com\/fr\/wp-json\/wp\/v2\/users\/2"}],"replies":[{"embeddable":true,"href":"https:\/\/www.europesays.com\/fr\/wp-json\/wp\/v2\/comments?post=191546"}],"version-history":[{"count":0,"href":"https:\/\/www.europesays.com\/fr\/wp-json\/wp\/v2\/posts\/191546\/revisions"}],"wp:featuredmedia":[{"embeddable":true,"href":"https:\/\/www.europesays.com\/fr\/wp-json\/wp\/v2\/media\/191547"}],"wp:attachment":[{"href":"https:\/\/www.europesays.com\/fr\/wp-json\/wp\/v2\/media?parent=191546"}],"wp:term":[{"taxonomy":"category","embeddable":true,"href":"https:\/\/www.europesays.com\/fr\/wp-json\/wp\/v2\/categories?post=191546"},{"taxonomy":"post_tag","embeddable":true,"href":"https:\/\/www.europesays.com\/fr\/wp-json\/wp\/v2\/tags?post=191546"}],"curies":[{"name":"wp","href":"https:\/\/api.w.org\/{rel}","templated":true}]}}