{"id":191554,"date":"2025-06-20T18:15:16","date_gmt":"2025-06-20T18:15:16","guid":{"rendered":"https:\/\/www.europesays.com\/fr\/191554\/"},"modified":"2025-06-20T18:15:16","modified_gmt":"2025-06-20T18:15:16","slug":"a-paris-limpressionnant-deplacement-du-transformateur-historique-au-coeur-des-halles","status":"publish","type":"post","link":"https:\/\/www.europesays.com\/fr\/191554\/","title":{"rendered":"\u00e0 Paris, l&rsquo;impressionnant d\u00e9placement du transformateur historique au c\u0153ur des Halles"},"content":{"rendered":"<p>            Par<br \/>\n        <strong><br \/>\n            <a href=\"https:\/\/actu.fr\/auteur\/joel-nandjui\" title=\"Consulter tous les articles de Joel Nandjui\" target=\"_blank\" rel=\"noopener\">Joel Nandjui<\/a><br \/>\n        <\/strong><\/p>\n<p>        Publi\u00e9 le<\/p>\n<p>            20 juin 2025 \u00e0 19h18        <\/p>\n<p>Au croisement de la rue du Cygne et de la rue Mond\u00e9tour, dans le 1\u1d49\u02b3 arrondissement de <a href=\"https:\/\/actu.fr\/paris\/dernieres-actus\" target=\"_blank\" rel=\"noopener\">Paris<\/a>, des barricades encerclent un trou de 20 m\u00e8tres de profondeur. Dans ce quartier o\u00f9 affluent de nombreux touristes, le chantier intrigue les plus curieux. \u00ab\u2009Qu\u2019est-ce qu\u2019ils vont faire ici\u2009?\u2009\u00bb, s\u2019interroge une passante, ce vendredi 20 juin 2025. La r\u00e9ponse \u00e0 cette question se trouve un peu plus loin. Tenu par une grue imposante et pos\u00e9 sur la plateforme d\u2019un camion, <a href=\"https:\/\/actu.fr\/ile-de-france\/paris_75056\/paris-c-est-quoi-cet-enorme-engin-de-70-tonnes-installe-dans-le-18e-arrondissement-par-enedis_61693765.html\" target=\"_blank\" rel=\"noopener\">un transformateur<\/a> \u00e9lectrique attend d\u2019\u00eatre descendu dans cette fosse, en plein c\u0153ur du quartier des<a href=\"https:\/\/actu.fr\/tag\/paris-les-halles\" target=\"_blank\" rel=\"noopener\"> Halles<\/a>.<\/p>\n<p>Cinquante mille clients desservis<\/p>\n<p class=\" wall-content\">Quelques heures plus t\u00f4t, les ouvriers avaient proc\u00e9d\u00e9 \u00e0 l\u2019enl\u00e8vement de l\u2019ancien transformateur. \u00ab\u2009Il a \u00e9t\u00e9 install\u00e9 en 1978, en m\u00eame temps que la reconstruction du quartier\u2009\u00bb, pr\u00e9cise Olivier Lagnel, directeur r\u00e9gional d\u00e9l\u00e9gu\u00e9 du groupe <a href=\"https:\/\/actu.fr\/tag\/enedis\" target=\"_blank\" rel=\"noopener\">Enedis<\/a>. L\u2019impressionnante unit\u00e9 de transformation \u00e9lectrique aura fourni de l\u2019\u00e9nergie \u00e0 plus de 50\u2009000 clients dans les trois premiers arrondissements de la capitale. Le Louvre, le centre commercial des Halles ou encore le <a href=\"https:\/\/actu.fr\/ile-de-france\/paris_75056\/un-saut-dans-le-vide-a-paris-la-fermeture-du-centre-pompidou-angoisse-les-commercants-du-quartier_62353032.html\" target=\"_blank\" rel=\"noopener\">Centre Pompidou<\/a> font partie des lieux embl\u00e9matiques qu\u2019elle a aliment\u00e9s.<\/p>\n<p class=\" wall-content\">Apr\u00e8s quarante-sept ans d\u2019activit\u00e9, le groupe Enedis a d\u00e9cid\u00e9 de le remplacer par une nouvelle machine. \u00ab\u2009Elle commen\u00e7ait \u00e0 montrer des signes de fatigue, et on sait qu\u2019un appareil de ce type a une dur\u00e9e de vie d\u2019\u00e0 peu pr\u00e8s cinquante ans\u2009\u00bb, explique \u00e0 nouveau Olivier Lagnel. L\u2019ancien \u00e9quipement va \u00eatre convoy\u00e9 vers une ville d\u2019\u00cele-de-France pour \u00eatre recycl\u00e9.<\/p>\n<p>    <img   decoding=\"async\" loading=\"lazy\" src=\"https:\/\/www.europesays.com\/fr\/wp-content\/uploads\/2025\/06\/design-sans-titre-2-960x640.jpg\" alt=\"L'ancien transformateur va \u00eatre achemin\u00e9 vers une ville \u00cele-de-France pour \u00eatre recycl\u00e9.\" width=\"960\" height=\"640\"\/><br \/>\n    L\u2019ancien transformateur va \u00eatre achemin\u00e9 vers une ville \u00cele-de-France pour \u00eatre recycl\u00e9. \u00a9JN\/actu Paris)<\/p>\n<p class=\" wall-content\">Sept m\u00e8tres de long, 5 m\u00e8tres de haut pour un poids de 125 tonnes\u2009: les dimensions de la nouvelle machine qui tr\u00f4ne sur le trottoir sont impressionnantes. Fabriqu\u00e9e en Allemagne, elle a \u00e9t\u00e9 achemin\u00e9e par voie fluviale jusqu\u2019\u00e0 Paris. Depuis le port de Tolbiac, elle a \u00e9t\u00e9 transport\u00e9e jeudi soir par convoi exceptionnel jusqu\u2019au centre de la capitale. Le chantier de remplacement a commenc\u00e9 en 2019, mais c\u2019est en mai 2025 que la loge a \u00e9t\u00e9 ouverte. D\u00e9barrass\u00e9e de son ancien locataire, elle est pr\u00eate \u00e0 recevoir le nouveau transformateur. \u00ab\u2009C\u2019est un projet hors norme qui arrive tr\u00e8s rarement\u2009\u00bb, s\u2019enthousiasme Olivier Lagnel.<\/p>\n<p>Vid\u00e9os : en ce moment sur ActuUn transfert d\u00e9licat<\/p>\n<p class=\" wall-content\">L\u2019op\u00e9ration de d\u00e9placement est minutieuse et repose sur la dext\u00e9rit\u00e9 du grutier. Lentement, fix\u00e9 \u00e0 la grue et soutenu par quatre harnais, l\u2019immense engin s\u2019\u00e9l\u00e8ve dans le ciel. Les yeux fix\u00e9s dans les airs, un ouvrier donne les directives aux \u00e9quipes. Les mouvements de l\u2019engin sont m\u00e9thodiques. Progressivement, elle s\u2019approche de la loge. Une fois positionn\u00e9 face \u00e0 cette ouverture g\u00e9ante, l\u2019appareil de levage marque une pause. Des ouvriers se pr\u00e9cipitent vers une porte pour rejoindre les entrailles du chantier et surveiller le processus de descente depuis les profondeurs.<\/p>\n<p class=\" wall-content\">Le bruit du bras articul\u00e9 recommence \u00e0 supplanter les murmures ambiants. Avec pr\u00e9caution, il r\u00e9p\u00e8te \u00e0 la perfection sa chor\u00e9graphie. Le transformateur dispara\u00eet peu \u00e0 peu du champ de vision pour \u00eatre englouti dans la fosse \u2014 o\u00f9 il restera pour au moins les cinquante prochaines ann\u00e9es. Le gros de cette impressionnante op\u00e9ration vient d\u2019\u00eatre r\u00e9alis\u00e9. Il faudra encore attendre six mois pour qu\u2019elle soit termin\u00e9e et que le nouvel \u00e9quipement recommence \u00e0 alimenter en \u00e9lectricit\u00e9 les habitants du quartier. Il aura co\u00fbt\u00e9 7,3 millions d\u2019euros au groupe Enedis et mobilis\u00e9 plus de 80 personnes.<\/p>\n<p class=\" wall-content\">Suivez toute l\u2019actualit\u00e9 de vos villes et m\u00e9dias favoris en vous inscrivant \u00e0 <a href=\"https:\/\/moncompte.actu.fr\" title=\"D\u00e9couvez Mon Actu\" rel=\"nofollow noopener\" data-trk=\"{&quot;cta&quot;:{&quot;action&quot;:&quot;https:\\\/\\\/moncompte.actu.fr&quot;,&quot;category&quot;:&quot;mon compte&quot;,&quot;from&quot;:&quot;article footer&quot;,&quot;name&quot;:&quot;Mon actu&quot;,&quot;type&quot;:&quot;cta&quot;}}\" target=\"_blank\">Mon Actu<\/a>.<\/p>\n","protected":false},"excerpt":{"rendered":"Par Joel Nandjui Publi\u00e9 le 20 juin 2025 \u00e0 19h18 Au croisement de la rue du Cygne et&hellip;\n","protected":false},"author":2,"featured_media":153587,"comment_status":"","ping_status":"","sticky":false,"template":"","format":"standard","meta":{"footnotes":""},"categories":[1888],"tags":[1111,1928,11,1927,3674,1777,674,1011,27,12,1926,626,29989,1925,25,104],"class_list":{"0":"post-191554","1":"post","2":"type-post","3":"status-publish","4":"format-standard","5":"has-post-thumbnail","7":"category-paris","8":"tag-actu","9":"tag-actu-paris","10":"tag-actualites","11":"tag-actualites-paris","12":"tag-enedis","13":"tag-eu","14":"tag-europe","15":"tag-fr","16":"tag-france","17":"tag-news","18":"tag-news-paris","19":"tag-paris","20":"tag-paris-les-halles","21":"tag-paris-news","22":"tag-republique-francaise","23":"tag-societe"},"share_on_mastodon":{"url":"https:\/\/pubeurope.com\/@fr\/114717060275949535","error":""},"_links":{"self":[{"href":"https:\/\/www.europesays.com\/fr\/wp-json\/wp\/v2\/posts\/191554","targetHints":{"allow":["GET"]}}],"collection":[{"href":"https:\/\/www.europesays.com\/fr\/wp-json\/wp\/v2\/posts"}],"about":[{"href":"https:\/\/www.europesays.com\/fr\/wp-json\/wp\/v2\/types\/post"}],"author":[{"embeddable":true,"href":"https:\/\/www.europesays.com\/fr\/wp-json\/wp\/v2\/users\/2"}],"replies":[{"embeddable":true,"href":"https:\/\/www.europesays.com\/fr\/wp-json\/wp\/v2\/comments?post=191554"}],"version-history":[{"count":0,"href":"https:\/\/www.europesays.com\/fr\/wp-json\/wp\/v2\/posts\/191554\/revisions"}],"wp:featuredmedia":[{"embeddable":true,"href":"https:\/\/www.europesays.com\/fr\/wp-json\/wp\/v2\/media\/153587"}],"wp:attachment":[{"href":"https:\/\/www.europesays.com\/fr\/wp-json\/wp\/v2\/media?parent=191554"}],"wp:term":[{"taxonomy":"category","embeddable":true,"href":"https:\/\/www.europesays.com\/fr\/wp-json\/wp\/v2\/categories?post=191554"},{"taxonomy":"post_tag","embeddable":true,"href":"https:\/\/www.europesays.com\/fr\/wp-json\/wp\/v2\/tags?post=191554"}],"curies":[{"name":"wp","href":"https:\/\/api.w.org\/{rel}","templated":true}]}}