{"id":191557,"date":"2025-06-20T18:17:10","date_gmt":"2025-06-20T18:17:10","guid":{"rendered":"https:\/\/www.europesays.com\/fr\/191557\/"},"modified":"2025-06-20T18:17:10","modified_gmt":"2025-06-20T18:17:10","slug":"un-sublime-objet-du-patrimoine-ornais-mis-en-valeur-au-cirque-dhiver-a-paris","status":"publish","type":"post","link":"https:\/\/www.europesays.com\/fr\/191557\/","title":{"rendered":"Un sublime objet du patrimoine Ornais mis en valeur au Cirque d\u2019Hiver \u00e0 Paris"},"content":{"rendered":"<p>            Par<br \/>\n        <strong><br \/>\n            <a href=\"https:\/\/actu.fr\/auteur\/journaliste-rn\" title=\"Consulter tous les articles de R\u00e9daction L&#039;Aigle\" target=\"_blank\" rel=\"noopener\">R\u00e9daction L&rsquo;Aigle<\/a><br \/>\n        <\/strong><\/p>\n<p>        Publi\u00e9 le<\/p>\n<p>            20 juin 2025 \u00e0 18h36        <\/p>\n<p>Mardi 3\u00a0juin, Jean-Luc Lebreton, Alain Lembr\u00e9 et Jacques Aim\u00e9, membres de l\u2019<b>association Culture et Patrimoine en Pays d\u2019Ouche (CPPO)<\/b> ont \u00e9t\u00e9 re\u00e7us par Louis Sampion-Bouglione au <a href=\"https:\/\/www.cirquedhiver.com\/\" target=\"_blank\" rel=\"noopener\">Cirque d\u2019Hiver de Paris<\/a>. Ils venaient lui remettre <b>une cave \u00e0 liqueurs<\/b>, r\u00e9plique du \u00ab\u2009Cirque d\u2019Hiver\u2009\u00bb <b>r\u00e9alis\u00e9e en 1893<\/b> par Jules Plaisance, un \u00e9b\u00e9niste de <a href=\"https:\/\/actu.fr\/normandie\/l-aigle_61214\" target=\"_blank\" rel=\"noopener\">L\u2019Aigle (Orne)<\/a>.<\/p>\n<p class=\" wall-content\">Le choix de remettre cette pi\u00e8ce \u00e0 Louis Sampion-Bouglione ne doit rien au hasard\u2026<\/p>\n<p>Il rejoint les collections de ce lieu mythique<\/p>\n<p class=\" wall-content\">Le nom de Sampion-Bouglione \u00e9voque une dynastie du spectacle et du \u00ab\u2009Cirque d\u2019Hiver\u2009\u00bb qu\u2019elle dirige depuis son acquisition en 1934. Fervent collectionneur et amateur d\u2019histoire, Louis Sampion-Bouglione a sauvegard\u00e9 les costumes des spectacles du cirque et ses nombreuses archives dans un mus\u00e9e priv\u00e9 au sein de l\u2019illustre monument.<\/p>\n<p class=\" wall-content\">Toujours en qu\u00eate de collections, son but est de<b> pr\u00e9server la culture du cirque et des artistes pass\u00e9s dans cette salle<\/b>.<\/p>\n<p class=\" wall-content\">L\u2019objet rejoindra ainsi un lieu charg\u00e9 d\u2019histoire\u2026<\/p>\n<p class=\" wall-content\">Construit par Jacques Hittorff en 1852, le \u00ab\u2009Cirque d\u2019Hiver\u2009\u00bb fut <b>inaugur\u00e9 par Louis Napol\u00e9on Bonaparte<\/b>. Renomm\u00e9 \u00ab\u2009Cirque Napol\u00e9on\u2009\u00bb, il ne retrouve son nom initial qu\u2019en 1873.<\/p>\n<p>Vid\u00e9os : en ce moment sur Actu<\/p>\n<p class=\" wall-content\">Consacr\u00e9 \u00e0 ses d\u00e9buts \u00e0 l\u2019art \u00e9questre, il devient rapidement<b> lieu d\u2019art du cirque<\/b>, avec notamment les d\u00e9buts de Jules L\u00e9otard au trap\u00e8ze, puis avec les spectacles des fr\u00e8res Bouglione.<\/p>\n<p class=\" wall-content\">Ce fut aussi le <b>lieu de tournage de la c\u00e9l\u00e8bre \u00e9mission de t\u00e9l\u00e9vision<\/b> comme \u00ab\u2009La Piste aux Etoiles\u2009\u00bb pr\u00e9sent\u00e9e d\u2019abord par Jean Nohain puis par Roger Lanzac.<\/p>\n<p>Un geste pour valoriser le savoir-faire aiglon<\/p>\n<p class=\" wall-content\">L\u2019association CPPO a d\u00e9cid\u00e9 de transmettre cet objet du patrimoine aiglon \u00e0 un mus\u00e9e.<\/p>\n<blockquote class=\"ac-article-quote wall-content\">\n<p>Il avait subi les outrages du temps et nous avons re\u00e7u l\u2019assurance qu\u2019il sera restaur\u00e9 et expos\u00e9 dans un lieu riche d\u2019histoire, o\u00f9 son auteur et sa provenance seront aussi mis en valeur.<\/p>\n<p>Les membres de l\u2019association.<\/p><\/blockquote>\n<p class=\" wall-content\">La cr\u00e9ation de cet objet par Jules Plaisance \u00e0 L\u2019Aigle reste une \u00e9nigme. Une cave \u00e0 liqueurs a \u00e9t\u00e9 r\u00e9alis\u00e9e par Baccarat presque \u00e0 l\u2019identique. Est-ce une imitation\u2009? Est-ce le prototype d\u2019une commande Baccarat\u2009?<\/p>\n<p>    <img   decoding=\"async\" loading=\"lazy\" class=\"size-large\" src=\"https:\/\/www.europesays.com\/fr\/wp-content\/uploads\/2025\/06\/072b798058486985b79805848ec5b7v-888x640.jpg\" alt=\"La cave \u00e0 liqueurs a \u00e9t\u00e9 remise au Cirque d'Hiver\" width=\"888\" height=\"640\"\/><br \/>\n    La cave \u00e0 liqueurs a \u00e9t\u00e9 remise au Cirque d\u2019Hiver \u00a9DR<\/p>\n<p class=\" wall-content\">C\u2019est un \u00ab\u2009chef-d\u2019\u0153uvre\u2009\u00bb consacrant <b>le savoir-faire professionnel d\u2019un menuisier \u00e9b\u00e9niste aiglon<\/b>.<\/p>\n<p>Qui \u00e9tait Jules Plaisance\u2009?<\/p>\n<p class=\" wall-content\">Jules Plaisance est n\u00e9 \u00e0 la Ferri\u00e8re-sur-Risle le 8\u00a0septembre\u00a01860 d\u2019une m\u00e8re femme de m\u00e9nage et d\u2019un p\u00e8re conducteur de trains aux Chemins de fer de l\u2019Ouest.<\/p>\n<p class=\" wall-content\">\u00ab\u2009Nos recherches ne nous ont pas permis de d\u00e9terminer o\u00f9 \u00e9tait situ\u00e9 son atelier ni s\u2019il travaillait avec son fr\u00e8re \u00c9douard, fabricant de meubles, au 12 rue de Bec Ham entre\u00a01892 et\u00a01909 \u00e0 L\u2019Aigle\u2009\u00bb, d\u00e9veloppent les membres du CPPO.<\/p>\n<p class=\" wall-content\">Suivez toute l\u2019actualit\u00e9 de vos villes et m\u00e9dias favoris en vous inscrivant \u00e0 <a href=\"https:\/\/moncompte.actu.fr\" title=\"D\u00e9couvez Mon Actu\" rel=\"nofollow noopener\" data-trk=\"{&quot;cta&quot;:{&quot;action&quot;:&quot;https:\\\/\\\/moncompte.actu.fr&quot;,&quot;category&quot;:&quot;mon compte&quot;,&quot;from&quot;:&quot;article footer&quot;,&quot;name&quot;:&quot;Mon actu&quot;,&quot;type&quot;:&quot;cta&quot;}}\" target=\"_blank\">Mon Actu<\/a>.<\/p>\n","protected":false},"excerpt":{"rendered":"Par R\u00e9daction L&rsquo;Aigle Publi\u00e9 le 20 juin 2025 \u00e0 18h36 Mardi 3\u00a0juin, Jean-Luc Lebreton, Alain Lembr\u00e9 et Jacques&hellip;\n","protected":false},"author":2,"featured_media":191558,"comment_status":"","ping_status":"","sticky":false,"template":"","format":"standard","meta":{"footnotes":""},"categories":[1888],"tags":[11,5398,1777,674,1011,27,12,626,2551,25,104],"class_list":{"0":"post-191557","1":"post","2":"type-post","3":"status-publish","4":"format-standard","5":"has-post-thumbnail","7":"category-paris","8":"tag-actualites","9":"tag-cirque","10":"tag-eu","11":"tag-europe","12":"tag-fr","13":"tag-france","14":"tag-news","15":"tag-paris","16":"tag-patrimoine","17":"tag-republique-francaise","18":"tag-societe"},"share_on_mastodon":{"url":"https:\/\/pubeurope.com\/@fr\/114717068430215485","error":""},"_links":{"self":[{"href":"https:\/\/www.europesays.com\/fr\/wp-json\/wp\/v2\/posts\/191557","targetHints":{"allow":["GET"]}}],"collection":[{"href":"https:\/\/www.europesays.com\/fr\/wp-json\/wp\/v2\/posts"}],"about":[{"href":"https:\/\/www.europesays.com\/fr\/wp-json\/wp\/v2\/types\/post"}],"author":[{"embeddable":true,"href":"https:\/\/www.europesays.com\/fr\/wp-json\/wp\/v2\/users\/2"}],"replies":[{"embeddable":true,"href":"https:\/\/www.europesays.com\/fr\/wp-json\/wp\/v2\/comments?post=191557"}],"version-history":[{"count":0,"href":"https:\/\/www.europesays.com\/fr\/wp-json\/wp\/v2\/posts\/191557\/revisions"}],"wp:featuredmedia":[{"embeddable":true,"href":"https:\/\/www.europesays.com\/fr\/wp-json\/wp\/v2\/media\/191558"}],"wp:attachment":[{"href":"https:\/\/www.europesays.com\/fr\/wp-json\/wp\/v2\/media?parent=191557"}],"wp:term":[{"taxonomy":"category","embeddable":true,"href":"https:\/\/www.europesays.com\/fr\/wp-json\/wp\/v2\/categories?post=191557"},{"taxonomy":"post_tag","embeddable":true,"href":"https:\/\/www.europesays.com\/fr\/wp-json\/wp\/v2\/tags?post=191557"}],"curies":[{"name":"wp","href":"https:\/\/api.w.org\/{rel}","templated":true}]}}