{"id":191559,"date":"2025-06-20T18:18:17","date_gmt":"2025-06-20T18:18:17","guid":{"rendered":"https:\/\/www.europesays.com\/fr\/191559\/"},"modified":"2025-06-20T18:18:17","modified_gmt":"2025-06-20T18:18:17","slug":"paris-un-an-apres-les-sinistres-de-lincendie-de-la-porte-de-saint-cloud-veulent-que-cet-incendie-serve-a-quelque-chose","status":"publish","type":"post","link":"https:\/\/www.europesays.com\/fr\/191559\/","title":{"rendered":"Paris : un an apr\u00e8s, les sinistr\u00e9s de l\u2019incendie de la Porte de Saint-Cloud veulent \u00ab que cet incendie serve \u00e0 quelque chose \u00bb"},"content":{"rendered":"<p class=\"paragraph text_align_left lp-f-body-02\">\u00ab En France, un incendie \u00e0 lieu toutes les deux minutes. \u00bb L\u2019air grave, Fran\u00e7oise Asensio rappelle ce jeudi \u00e0 l\u2019assembl\u00e9e d\u2019une vingtaine de personnes, r\u00e9unie au pied de l\u2019immeuble en brique aujourd\u2019hui entour\u00e9 de b\u00e2ches vertes, les raisons de leur pr\u00e9sence ici. Un an plus t\u00f4t, le logement qui les toise a pris feu.<\/p>\n<p class=\"paragraph text_align_left lp-f-body-02\">Le 20 juin 2024, les locataires de cette r\u00e9sidence sociale du XVIe arrondissement voyaient leur immeuble <a href=\"https:\/\/www.leparisien.fr\/paris-75\/important-incendie-porte-de-saint-cloud-une-dizaine-dappartements-detruits-les-pompiers-en-surveillance-21-06-2024-BKIN5ADSA5H4JBZDDC53S3UQYA.php\" target=\"_self\" rel=\"nofollow noopener\">saisi par les flammes<\/a> \u00e0 la suite d\u2019un incident m\u00e9nager dans un des appartements. Tous les habitants avaient pu \u00eatre mis en s\u00e9curit\u00e9, aucune victime n\u2019avait \u00e9t\u00e9 recens\u00e9e, et pourtant le drame fait encore \u00e9cho parmi certaines des 35 familles concern\u00e9es.<\/p>\n<p>Des cons\u00e9quences mat\u00e9rielles et psychologiques<\/p>\n<p class=\"paragraph text_align_left lp-f-body-02\">\u00ab Dans certains appartements, tout est parti en fum\u00e9e : les photos de la famille, des grands-parents&#8230; Des choses qu\u2019on ne pourra jamais retrouver \u00bb, s\u2019attriste la pr\u00e9sidente de l\u2019association cr\u00e9\u00e9e en d\u00e9cembre dernier. <\/p>\n<p class=\"paragraph text_align_left lp-f-body-02\">Au-del\u00e0 de la nostalgie, l\u2019\u00e9v\u00e9nement a eu des cons\u00e9quences traumatiques sur certains r\u00e9sidents. \u00ab Il y a des personnes qui, encore \u00e0 ce jour, ont une peur panique de certaines odeurs, de certains bruits, d\u00e9crit Me Jean-Baptiste Mahieu, qui assure le suivi juridique de l\u2019association. Des victimes continuent \u00e0 faire des cauchemars chaque nuit, ou s\u2019alertent \u00e0 chaque sir\u00e8ne. \u00bb Constitu\u00e9es en collectif, les victimes d\u00e9plorent aujourd\u2019hui que les assurances ne d\u00e9dommagent pas les prises en charge psychologiques de tels sinistres, parfois co\u00fbteuses.<\/p>\n<p class=\"paragraph text_align_left lp-f-body-02\">Pour d\u2019autres, des pertes mat\u00e9rielles et financi\u00e8res sont \u00e0 d\u00e9plorer. C\u2019est le cas de Fr\u00e9d\u00e9rique, professeure de piano que les dommages mat\u00e9riels ont emp\u00each\u00e9e d\u2019acc\u00e9der \u00e0 son outil de travail. \u00ab Ca a \u00e9t\u00e9 compliqu\u00e9, je dois encore me d\u00e9brouiller avec un piano qu\u2019on m\u2019a pr\u00eat\u00e9, pareil pour les partitions que je dois emprunter \u00bb, regrette-t-elle. Un autre habitant esp\u00e8re, lui, un remboursement du d\u00e9m\u00e9nagement de ses meubles dans son nouvel appartement.<\/p>\n<p class=\"paragraph text_align_left lp-f-body-02\">L\u2019association indique avoir d\u00e9cid\u00e9 de poursuivre en justice les assurances. En parall\u00e8le, le collectif s\u2019est tourn\u00e9 vers les pouvoirs publics pour obtenir gain de cause : leur v\u0153u au Conseil de Paris, port\u00e9 en mai dernier par l\u2019\u00e9lu Jacques-Fr\u00e9d\u00e9rique Sauvage (LR), a \u00e9t\u00e9 vot\u00e9 \u00e0 l\u2019unanimit\u00e9. Il demandait \u00e0 la Ville de Paris d\u2019intervenir aupr\u00e8s de la f\u00e9d\u00e9ration France Assureurs, mais \u00e9galement que soit d\u00e9ploy\u00e9 un Comit\u00e9 local d\u2019assistance aux victimes (CLAV) pour un meilleur suivi de ces derni\u00e8res.<\/p>\n","protected":false},"excerpt":{"rendered":"\u00ab En France, un incendie \u00e0 lieu toutes les deux minutes. \u00bb L\u2019air grave, Fran\u00e7oise Asensio rappelle ce&hellip;\n","protected":false},"author":2,"featured_media":191560,"comment_status":"","ping_status":"","sticky":false,"template":"","format":"standard","meta":{"footnotes":""},"categories":[1888],"tags":[11,1777,674,1011,27,1944,12,626,25],"class_list":{"0":"post-191559","1":"post","2":"type-post","3":"status-publish","4":"format-standard","5":"has-post-thumbnail","7":"category-paris","8":"tag-actualites","9":"tag-eu","10":"tag-europe","11":"tag-fr","12":"tag-france","13":"tag-ma-ville","14":"tag-news","15":"tag-paris","16":"tag-republique-francaise"},"share_on_mastodon":{"url":"https:\/\/pubeurope.com\/@fr\/114717072158529745","error":""},"_links":{"self":[{"href":"https:\/\/www.europesays.com\/fr\/wp-json\/wp\/v2\/posts\/191559","targetHints":{"allow":["GET"]}}],"collection":[{"href":"https:\/\/www.europesays.com\/fr\/wp-json\/wp\/v2\/posts"}],"about":[{"href":"https:\/\/www.europesays.com\/fr\/wp-json\/wp\/v2\/types\/post"}],"author":[{"embeddable":true,"href":"https:\/\/www.europesays.com\/fr\/wp-json\/wp\/v2\/users\/2"}],"replies":[{"embeddable":true,"href":"https:\/\/www.europesays.com\/fr\/wp-json\/wp\/v2\/comments?post=191559"}],"version-history":[{"count":0,"href":"https:\/\/www.europesays.com\/fr\/wp-json\/wp\/v2\/posts\/191559\/revisions"}],"wp:featuredmedia":[{"embeddable":true,"href":"https:\/\/www.europesays.com\/fr\/wp-json\/wp\/v2\/media\/191560"}],"wp:attachment":[{"href":"https:\/\/www.europesays.com\/fr\/wp-json\/wp\/v2\/media?parent=191559"}],"wp:term":[{"taxonomy":"category","embeddable":true,"href":"https:\/\/www.europesays.com\/fr\/wp-json\/wp\/v2\/categories?post=191559"},{"taxonomy":"post_tag","embeddable":true,"href":"https:\/\/www.europesays.com\/fr\/wp-json\/wp\/v2\/tags?post=191559"}],"curies":[{"name":"wp","href":"https:\/\/api.w.org\/{rel}","templated":true}]}}