{"id":191561,"date":"2025-06-20T18:19:12","date_gmt":"2025-06-20T18:19:12","guid":{"rendered":"https:\/\/www.europesays.com\/fr\/191561\/"},"modified":"2025-06-20T18:19:12","modified_gmt":"2025-06-20T18:19:12","slug":"en-russie-lautocensure-sinstalle-dans-le-monde-du-livre","status":"publish","type":"post","link":"https:\/\/www.europesays.com\/fr\/191561\/","title":{"rendered":"en Russie, l\u2019autocensure s\u2019installe dans le monde du livre"},"content":{"rendered":"\n<p>\u201cNous pr\u00e9f\u00e9rons ne pas prendre de risques\u201d, confie Maria, \u00e9ditrice \u00e0 Moscou, sous pseudonyme. <a class=\"ithalc\" data-ithal=\"lien_externe\" data-ithalc=\"[nav_article]\" target=\"_blank\" href=\"https:\/\/www.dw.com\/ru\/kniga-simvol-pocemu-repressii-v-rf-obrusilis-na-kniznyj-rynok\/a-72977205\" rel=\"noopener\">Dans les colonnes de la version russe de la <strong>Deutsche Welle<\/strong><\/a><strong>,<\/strong> elle r\u00e9sume l\u2019\u00e9tat d\u2019esprit d\u2019une industrie du livre russe paralys\u00e9e par la peur. Depuis \u201cl\u2019affaire des \u00e9diteurs\u201d, comme la presse russe la surnomme d\u00e9sormais, la profession est constamment sous tension.<\/p>\n<p>Car \u201ccette fois, ils [siloviki, soit les forces de s\u00e9curit\u00e9 russes] ne sont pas seulement venus chercher des \u00e9crivains, ils ont enfonc\u00e9 la porte plus largement, ils sont entr\u00e9s dans toute la sph\u00e8re du livre, observe Natalia Zviaguina, directrice d\u2019Amnesty International Russie, <a class=\"ithalc\" data-ithal=\"lien_externe\" data-ithalc=\"[nav_article]\" target=\"_blank\" href=\"https:\/\/theins.ru\/news\/281340\" rel=\"noopener\">interview\u00e9e par le m\u00e9dia ind\u00e9pendant russe <strong>The Insider<\/strong><\/a><strong>.<\/strong> [Certains] responsables des ventes se trouvent sous la menace de lourdes peines &#8211; des gens qui, en r\u00e9alit\u00e9, ne sont m\u00eame pas tenus de lire ce qu\u2019ils vendent.\u201d<\/p>\n<p>Le 15\u00a0mai dernier, le tribunal de Moscou a plac\u00e9 en r\u00e9sidence surveill\u00e9e trois salari\u00e9s des maisons Popcorn Books et Individuum, et ouvert une enqu\u00eate pour \u201corganisation d\u2019activit\u00e9s par une organisation extr\u00e9miste\u201d, <a class=\"ithalc\" data-ithal=\"lien_externe\" data-ithalc=\"[nav_article]\" target=\"_blank\" href=\"https:\/\/www.bbc.com\/russian\/articles\/cvgdm07gdv7o\" rel=\"noopener\">rapporte la <strong>BBC Russie<\/strong><\/a><strong>.<\/strong><\/p>\n<p>Le parquet accuse les trois hommes &#8211; un directeur ex\u00e9cutif, un responsable des ventes et un gestionnaire de stock et de distribution &#8211; d\u2019avoir \u201cdiffus\u00e9 des ou<\/p>\n","protected":false},"excerpt":{"rendered":"\u201cNous pr\u00e9f\u00e9rons ne pas prendre de risques\u201d, confie Maria, \u00e9ditrice \u00e0 Moscou, sous pseudonyme. Dans les colonnes de&hellip;\n","protected":false},"author":2,"featured_media":191562,"comment_status":"","ping_status":"","sticky":false,"template":"","format":"standard","meta":{"footnotes":""},"categories":[1591],"tags":[11,9006,674,1887,33020,2624,12,1885,1886,132,1857],"class_list":{"0":"post-191561","1":"post","2":"type-post","3":"status-publish","4":"format-standard","5":"has-post-thumbnail","7":"category-russie","8":"tag-actualites","9":"tag-censure","10":"tag-europe","11":"tag-federation-de-russie","12":"tag-lgbtqi","13":"tag-littu00e9rature","14":"tag-news","15":"tag-russia","16":"tag-russian-federation","17":"tag-russie","18":"tag-sociu00e9tu00e9"},"share_on_mastodon":{"url":"https:\/\/pubeurope.com\/@fr\/114717076418721933","error":""},"_links":{"self":[{"href":"https:\/\/www.europesays.com\/fr\/wp-json\/wp\/v2\/posts\/191561","targetHints":{"allow":["GET"]}}],"collection":[{"href":"https:\/\/www.europesays.com\/fr\/wp-json\/wp\/v2\/posts"}],"about":[{"href":"https:\/\/www.europesays.com\/fr\/wp-json\/wp\/v2\/types\/post"}],"author":[{"embeddable":true,"href":"https:\/\/www.europesays.com\/fr\/wp-json\/wp\/v2\/users\/2"}],"replies":[{"embeddable":true,"href":"https:\/\/www.europesays.com\/fr\/wp-json\/wp\/v2\/comments?post=191561"}],"version-history":[{"count":0,"href":"https:\/\/www.europesays.com\/fr\/wp-json\/wp\/v2\/posts\/191561\/revisions"}],"wp:featuredmedia":[{"embeddable":true,"href":"https:\/\/www.europesays.com\/fr\/wp-json\/wp\/v2\/media\/191562"}],"wp:attachment":[{"href":"https:\/\/www.europesays.com\/fr\/wp-json\/wp\/v2\/media?parent=191561"}],"wp:term":[{"taxonomy":"category","embeddable":true,"href":"https:\/\/www.europesays.com\/fr\/wp-json\/wp\/v2\/categories?post=191561"},{"taxonomy":"post_tag","embeddable":true,"href":"https:\/\/www.europesays.com\/fr\/wp-json\/wp\/v2\/tags?post=191561"}],"curies":[{"name":"wp","href":"https:\/\/api.w.org\/{rel}","templated":true}]}}