{"id":191567,"date":"2025-06-20T18:22:09","date_gmt":"2025-06-20T18:22:09","guid":{"rendered":"https:\/\/www.europesays.com\/fr\/191567\/"},"modified":"2025-06-20T18:22:09","modified_gmt":"2025-06-20T18:22:09","slug":"deux-avions-militaires-degrades-par-des-militants-propalestiniens-sur-une-base-aerienne","status":"publish","type":"post","link":"https:\/\/www.europesays.com\/fr\/191567\/","title":{"rendered":"deux avions militaires d\u00e9grad\u00e9s par des militants propalestiniens sur une base a\u00e9rienne"},"content":{"rendered":"<p>Le Premier ministre Keir Starmer a qualifi\u00e9 ces actes de \u00abscandaleux\u00bb. \u00abUn examen complet de la s\u00e9curit\u00e9\u00bb a \u00e9t\u00e9 diligent\u00e9 \u00e0 Brize Norton pour comprendre comment les militants ont pu acc\u00e9der aux appareils.<\/p>\n<p class=\"fig-paragraph\">Des militants du\u00a0<a href=\"http:\/\/www.lefigaro.fr\/international\/a-paris-les-manifestants-pro-palestine-fustigent-l-evenement-israel-is-forever-20241114\" target=\"_blank\" data-fig-type=\"Article\" rel=\"noopener\" data-gtm-custom-categorie=\"navigation\" data-gtm-custom-action=\"crossclick\" data-gtm-custom-label=\"Contextuel\" data-gtm-event=\"customEventSPE\" data-fig-domain=\"LEFIGARO\">groupe propalestinien\u00a0<\/a>Palestine Action ont annonc\u00e9 ce vendredi 20 juin s&rsquo;\u00eatre introduits sur la plus importante base de l&rsquo;arm\u00e9e de l&rsquo;air au\u00a0<a href=\"http:\/\/www.lefigaro.fr\/international\/une-tache-sur-notre-societe-le-gouvernement-britannique-presente-ses-excuses-aux-milliers-de-victimes-des-gangs-pedocriminels-20250618\" target=\"_blank\" data-fig-type=\"Article\" rel=\"noopener\" data-gtm-custom-categorie=\"navigation\" data-gtm-custom-action=\"crossclick\" data-gtm-custom-label=\"Contextuel\" data-gtm-event=\"customEventSPE\" data-fig-domain=\"LEFIGARO\">Royaume-Uni\u00a0<\/a>et avoir \u00abendommag\u00e9\u00bb des avions militaires, un acte qualifi\u00e9 de \u00abscandaleux\u00bb par le Premier ministre\u00a0<a href=\"http:\/\/www.lefigaro.fr\/international\/royaume-uni-un-ukrainien-soupconne-d-incendie-sur-des-proprietes-liees-a-keir-starmer-place-en-detention-20250516\" target=\"_blank\" data-fig-type=\"NewsFlash\" rel=\"noopener\" data-gtm-custom-categorie=\"navigation\" data-gtm-custom-action=\"crossclick\" data-gtm-custom-label=\"Contextuel\" data-gtm-event=\"customEventSPE\" data-fig-domain=\"LEFIGARO\">Keir Starmer<\/a>.<\/p>\n<p class=\"fig-paragraph\">Des images diffus\u00e9es par Palestine Action sur X montrent une personne lancer de la peinture rouge sur ce qui ressemble \u00e0 un r\u00e9acteur d&rsquo;avion. Le groupe affirme avoir \u00abendommag\u00e9 deux avions militaires\u00bb qui stationnaient sur la base de Brize Norton, dans l&rsquo;Oxfordshire, au nord-ouest de Londres.<\/p>\n<p class=\"fig-paragraph\">\u00abLe Royaume-Uni est un participant direct au g\u00e9nocide \u00e0 Gaza. L&rsquo;arm\u00e9e (britannique) collecte des renseignements, ravitaille des avions de combat et envoie des armes utilis\u00e9es pour accro\u00eetre les attaques contre les Palestiniens\u00bb, a d\u00e9clar\u00e9 le groupe pour expliquer son action.<\/p>\n<p>\u00abNos forces arm\u00e9es repr\u00e9sentent le meilleur du Royaume-Uni\u00bb<\/p>\n<p class=\"fig-paragraph\">Le minist\u00e8re de la D\u00e9fense a condamn\u00e9 cette action. La police a \u00e9t\u00e9 charg\u00e9e de l&rsquo;enqu\u00eate. \u00abL&rsquo;acte de vandalisme commis \u00e0 la base de la RAF Brize Norton est scandaleux\u00bb, a r\u00e9agi le Premier ministre Keir Starmer sur X. \u00abNos forces arm\u00e9es repr\u00e9sentent le meilleur du Royaume-Uni et (leurs membres) risquent leur vie pour nous chaque jour. Il est de notre responsabilit\u00e9 de soutenir ceux qui nous d\u00e9fendent\u00bb, a-t-il ajout\u00e9.<\/p>\n<p class=\"fig-paragraph\">\u00abUn examen complet de la s\u00e9curit\u00e9 est en cours \u00e0 Brize Norton\u00bb, a soulign\u00e9 un porte-parole du chef du gouvernement. \u00abNous prendrons les mesures n\u00e9cessaires pour enqu\u00eater et engager des poursuites\u00bb, a-t-il ajout\u00e9. L&rsquo;incident \u00abn&rsquo;a pas interrompu les op\u00e9rations\u00bb sur la base, a assur\u00e9 ce porte-parole.<\/p>\n<p class=\"fig-paragraph\">Brize Norton est la plus importante base de l&rsquo;arm\u00e9e de l&rsquo;air sur le sol britannique et sert d&rsquo;appui pour les op\u00e9rations et exercices britanniques \u00e0 l&rsquo;\u00e9tranger. Des avions en d\u00e9collent pour rejoindre la base d&rsquo;Akrotiri \u00e0 Chypre, la plus importante base militaire britannique dans la r\u00e9gion.<\/p>\n","protected":false},"excerpt":{"rendered":"Le Premier ministre Keir Starmer a qualifi\u00e9 ces actes de \u00abscandaleux\u00bb. \u00abUn examen complet de la s\u00e9curit\u00e9\u00bb a&hellip;\n","protected":false},"author":2,"featured_media":191568,"comment_status":"","ping_status":"","sticky":false,"template":"","format":"standard","meta":{"footnotes":""},"categories":[1588],"tags":[259,11,260,1777,674,14,14027,261,12,3518,262,473,1853,1851,1850,1852],"class_list":{"0":"post-191567","1":"post","2":"type-post","3":"status-publish","4":"format-standard","5":"has-post-thumbnail","7":"category-royaume-uni","8":"tag-actualite-internationale","9":"tag-actualites","10":"tag-affaires-etrangeres","11":"tag-eu","12":"tag-europe","13":"tag-international","14":"tag-militants","15":"tag-ministere-des-affaires-etrangeres","16":"tag-news","17":"tag-palestine","18":"tag-politique-etrangere","19":"tag-royaume-uni","20":"tag-royaume-uni-de-grande-bretagne-et-dirlande-du-nord","21":"tag-uk","22":"tag-united-kingdom","23":"tag-united-kingdom-of-great-britain-and-northern-ireland"},"share_on_mastodon":{"url":"https:\/\/pubeurope.com\/@fr\/114717088600871740","error":""},"_links":{"self":[{"href":"https:\/\/www.europesays.com\/fr\/wp-json\/wp\/v2\/posts\/191567","targetHints":{"allow":["GET"]}}],"collection":[{"href":"https:\/\/www.europesays.com\/fr\/wp-json\/wp\/v2\/posts"}],"about":[{"href":"https:\/\/www.europesays.com\/fr\/wp-json\/wp\/v2\/types\/post"}],"author":[{"embeddable":true,"href":"https:\/\/www.europesays.com\/fr\/wp-json\/wp\/v2\/users\/2"}],"replies":[{"embeddable":true,"href":"https:\/\/www.europesays.com\/fr\/wp-json\/wp\/v2\/comments?post=191567"}],"version-history":[{"count":0,"href":"https:\/\/www.europesays.com\/fr\/wp-json\/wp\/v2\/posts\/191567\/revisions"}],"wp:featuredmedia":[{"embeddable":true,"href":"https:\/\/www.europesays.com\/fr\/wp-json\/wp\/v2\/media\/191568"}],"wp:attachment":[{"href":"https:\/\/www.europesays.com\/fr\/wp-json\/wp\/v2\/media?parent=191567"}],"wp:term":[{"taxonomy":"category","embeddable":true,"href":"https:\/\/www.europesays.com\/fr\/wp-json\/wp\/v2\/categories?post=191567"},{"taxonomy":"post_tag","embeddable":true,"href":"https:\/\/www.europesays.com\/fr\/wp-json\/wp\/v2\/tags?post=191567"}],"curies":[{"name":"wp","href":"https:\/\/api.w.org\/{rel}","templated":true}]}}