{"id":191569,"date":"2025-06-20T18:23:08","date_gmt":"2025-06-20T18:23:08","guid":{"rendered":"https:\/\/www.europesays.com\/fr\/191569\/"},"modified":"2025-06-20T18:23:08","modified_gmt":"2025-06-20T18:23:08","slug":"cyberhebdo-du-20-juin-2025-semaine-agitee-en-allemagne-et-aux-etats-unis","status":"publish","type":"post","link":"https:\/\/www.europesays.com\/fr\/191569\/","title":{"rendered":"Cyberhebdo du 20 juin 2025 : semaine agit\u00e9e en Allemagne et aux \u00c9tats-Unis"},"content":{"rendered":"<p>&#13;<\/p>\n<p>Bienvenue dans ce nouveau num\u00e9ro du Cyberhebdo, votre rendez-vous hebdomadaire sur l\u2019actualit\u00e9 des cyberattaques \u00e0 travers le monde.<\/p>\n<p>Au cours de la semaine \u00e9coul\u00e9e, nous avons recens\u00e9 dix incidents majeurs rapport\u00e9s dans la presse internationale, touchant un large \u00e9ventail de pays : Tonga (TON), Canada (CAN), Allemagne (DEU), Italie (ITA), Australie (AUS), Colombie (COL), \u00c9tats-Unis (USA) et Suisse (CHE).<\/p>\n<p>Les \u00c9tats-Unis et l&rsquo;Allemagne se distinguent cette semaine comme les pays les plus repr\u00e9sent\u00e9s, avec deux attaques m\u00e9diatis\u00e9es chacun, tandis que les autres pays mentionn\u00e9s ont chacun \u00e9t\u00e9 le th\u00e9\u00e2tre d\u2019un incident notable. Cette diversit\u00e9 g\u00e9ographique illustre une fois de plus l\u2019ampleur et la globalisation de la menace cyber. Tour d\u2019horizon des faits marquants de la semaine.<\/p>\n<p>Nous vous rappelons que notre revue de presse se concentre sur les cyberattaques significatives et ne traite pas des attaques DDoS ni des d\u00e9figurations de sites Web.<\/p>\n<p>12\/06\/2025 &#8211; <b>Aflac Incorporated<\/b> (USA)<br \/>Aflac Incorporated a subi une faille de s\u00e9curit\u00e9, entra\u00eenant l&rsquo;acc\u00e8s non autoris\u00e9 \u00e0 des donn\u00e9es sensibles de clients et d&#8217;employ\u00e9s, y compris des num\u00e9ros de s\u00e9curit\u00e9 sociale et des informations de sant\u00e9. L&rsquo;entreprise a pris des mesures pour contenir l&rsquo;incident et offre des services de surveillance de cr\u00e9dit et de protection d&rsquo;identit\u00e9 gratuits. L&rsquo;enqu\u00eate est toujours en cours pour d\u00e9terminer l&rsquo;\u00e9tendue d&rsquo;un incident qui appara\u00eet li\u00e9 au recentrage de <a href=\"https:\/\/www.lemagit.fr\/actualites\/366626063\/Scattered-Spider-elargit-sa-toile-au-secteur-de-lassurance\" rel=\"nofollow noopener\" target=\"_blank\">Scattered Spider sur le secteur de l&rsquo;assurance<\/a>. (<a href=\"https:\/\/www.stocktitan.net\/news\/AFL\/aflac-incorporated-discloses-cybersecurity-1k6cl3k3oi0a.html\" rel=\"nofollow noopener\" target=\"_blank\">source<\/a>)<\/p>\n<p>13\/06\/2025 &#8211; <b>Vertel<\/b> (AUS)<br \/>Le prestataire australien de services manag\u00e9s Vertel a \u00e9t\u00e9 victime d&rsquo;une attaque de ransomware par le groupe Space Bears, qui a exfiltr\u00e9 des donn\u00e9es sensibles. L&rsquo;entreprise a confirm\u00e9 l&rsquo;incident et travaille avec des experts en cybers\u00e9curit\u00e9 pour comprendre l&rsquo;\u00e9tendue de l&rsquo;attaque. Les hackers menacent de publier les donn\u00e9es vol\u00e9es d&rsquo;ici la fin juin si la ran\u00e7on n&rsquo;est pas pay\u00e9e. (<a href=\"https:\/\/www.cyberdaily.au\/security\/12262-exclusive-aussie-msp-vertel-confirms-space-bears-ransomware-attack\" rel=\"nofollow noopener\" target=\"_blank\">source<\/a>)<\/p>\n<p>13\/06\/2025 &#8211; <b>WestJet<\/b> (CAN)<br \/>WestJet a subi une br\u00e8che de s\u00e9curit\u00e9 informatique affectant ses syst\u00e8mes internes et son application. L&rsquo;entreprise a mobilis\u00e9 des \u00e9quipes sp\u00e9cialis\u00e9es pour enqu\u00eater et limiter les impacts. Les op\u00e9rations de l&rsquo;entreprise sont maintenues et les \u00e9quipes travaillent pour maintenir la s\u00e9curit\u00e9 op\u00e9rationnelle et prot\u00e9ger les donn\u00e9es sensibles. L&rsquo;enqu\u00eate est en cours avec la participation de la police et de Transports Canada. (<a href=\"https:\/\/calgaryherald.com\/business\/westjet-cybersecurity-incident-june-2025\" rel=\"nofollow noopener\" target=\"_blank\">source<\/a>)<\/p>\n<p>15\/06\/2025 &#8211; <strong>Unit\u00e9 administrative sp\u00e9ciale de la justice p\u00e9nale militaire et polici\u00e8re<\/strong>\u00a0(COL)<br \/>L&rsquo;unit\u00e9 administrative sp\u00e9ciale de la justice p\u00e9nale militaire et polici\u00e8re a \u00e9t\u00e9 victime d&rsquo;une cyberattaque. Les premi\u00e8res investigations ont r\u00e9v\u00e9l\u00e9 des atteintes \u00e0 la confidentialit\u00e9 de l&rsquo;information, notamment des donn\u00e9es de configuration des services de r\u00e9seau et de communication. Des plans de contingence et de r\u00e9cup\u00e9ration sont en cours pour r\u00e9tablir les services technologiques. (<a href=\"https:\/\/www.radiosantafe.com\/2025\/06\/17\/justicia-penal-militar-y-policial-en-emergencia-por-ataque-cibernetico\/\" rel=\"nofollow noopener\" target=\"_blank\">source<\/a>)<\/p>\n<p>16\/06\/2025 &#8211; <strong>Syst\u00e8me d&rsquo;information sanitaire national du Tonga<\/strong> (TON)<br \/>Le syst\u00e8me d&rsquo;information sanitaire national du Tonga a subi une attaque de ransomware, ce qui a conduit \u00e0 sa fermeture et au recours \u00e0 des op\u00e9rations manuelles. Les pirates ont crypt\u00e9 les donn\u00e9es et exigent un paiement, mais les autorit\u00e9s assurent que les informations ne seront pas endommag\u00e9es. Une \u00e9quipe australienne de cybers\u00e9curit\u00e9 est arriv\u00e9e pour aider \u00e0 r\u00e9soudre le probl\u00e8me. (<a href=\"https:\/\/talanoaotonga.to\/health-ministrys-information-system-hit-by-ransomware-attack\/\" rel=\"nofollow noopener\" target=\"_blank\">source<\/a>)<\/p>\n<p>18\/06\/2025 &#8211; <b>Asp de Palerme<\/b> (ITA)<br \/>L&rsquo;Asp de Palermo a \u00e9t\u00e9 victime d&rsquo;une attaque informatique le 18 juin, affectant 45 postes de travail et potentiellement compromettant des donn\u00e9es personnelles. L&rsquo;administration a pris des mesures pour limiter les d\u00e9g\u00e2ts et avertit les utilisateurs de faire preuve de vigilance face aux messages suspects. Les autorit\u00e9s comp\u00e9tentes ont \u00e9t\u00e9 inform\u00e9es et une enqu\u00eate est en cours. (<a href=\"https:\/\/livesicilia.it\/attacco-informatico-allasp-di-palermo-postazioni-fuori-uso\/\" rel=\"nofollow noopener\" target=\"_blank\">source<\/a>)<\/p>\n<p>18\/06\/2025 &#8211; <b>Villars-sur-Gl\u00e2ne<\/b> (CHE)<br \/>La commune de Villars-sur-Gl\u00e2ne a subi une cyberattaque touchant ses syst\u00e8mes informatiques. Des mesures ont \u00e9t\u00e9 prises pour contrer l&rsquo;attaque et s\u00e9curiser l&rsquo;infrastructure. L&rsquo;attaque aurait \u00e9t\u00e9 de type ran\u00e7ongiciel, mais aucune information n&rsquo;a \u00e9t\u00e9 divulgu\u00e9e sur les cons\u00e9quences. Les autorit\u00e9s comp\u00e9tentes ont \u00e9t\u00e9 inform\u00e9es et une analyse est en cours. (<a href=\"https:\/\/frapp.ch\/fr\/articles\/stories\/un-incident-de-cybersecurite-dans-la-commune-de-villars\" rel=\"nofollow noopener\" target=\"_blank\">source<\/a>)<\/p>\n<p>18\/06\/2025 &#8211; <b>IKT-Ost A\u00f6R<\/b> (DEU)<br \/>Un cyberattaque a vis\u00e9 les syst\u00e8mes informatiques de plusieurs \u00e9coles dans les villes de Demmin et Neustrelitz, en Allemagne, provoquant des perturbations dans l&rsquo;utilisation des appareils \u00e9lectroniques. Les \u00e9coles touch\u00e9es incluent le Regionalen Beruflichen Bildungszentrum, la F\u00f6rderschule Neustrelitz et le Goethe-Gymnasium Demmin. Les autorit\u00e9s enqu\u00eatent sur l&rsquo;incident et travaillent \u00e0 r\u00e9tablir les services. (<a href=\"https:\/\/www.ndr.de\/nachrichten\/mecklenburg-vorpommern\/haff-mueritz\/vermutlich-hackerangriff-auf-schulen-in-demmin-und-neustrelitz,mvregioneubrandenburg-112.html\" rel=\"nofollow noopener\" target=\"_blank\">source<\/a>)<\/p>\n<p>18\/06\/2025 &#8211; <strong>Comt\u00e9 de Mower<\/strong>\u00a0(USA)<br \/>Le comt\u00e9 de Mower a subi une attaque de ransomware, ce qui a entra\u00een\u00e9 la fermeture de la plupart de ses syst\u00e8mes. Les sp\u00e9cialistes en informatique du comt\u00e9 travaillent pour r\u00e9soudre le probl\u00e8me et esp\u00e8rent r\u00e9tablir la plupart des fonctions d&rsquo;ici vendredi. Les ressources d&rsquo;urgence telles que le 911 continuent de fonctionner. (<a href=\"https:\/\/www.austindailyherald.com\/2025\/06\/mower-county-systems-down-after-ransomware-attack\/\" rel=\"nofollow noopener\" target=\"_blank\">source<\/a>)<\/p>\n<p>19\/06\/2025 &#8211; <b>Leymann-Baustoffe<\/b> (DEU)<br \/>La cha\u00eene de magasins de mat\u00e9riaux de construction Leymann-Baustoffe a \u00e9t\u00e9 victime d&rsquo;une attaque informatique, affectant \u00e9galement des filiales \u00e0 Storkow, Beeskow, Eisenh\u00fcttenstadt et Francfort-sur-l&rsquo;Oder, outre-Rhin. Les d\u00e9tails de l&rsquo;attaque ne sont pas pr\u00e9cis\u00e9s. (<a href=\"https:\/\/www.moz.de\/lokales\/beeskow\/cyber-angriff-baumarktkette-leymann-baustoffe-it-attacke-mit-folgen-78131983.html\" rel=\"nofollow noopener\" target=\"_blank\">source<\/a>)<\/p>\n<p>Revue de presse r\u00e9alis\u00e9e en partie avec ChatGPT. <a href=\"https:\/\/www.lemagit.fr\/actualites\/365535799\/Cyberhebdo-LeMagIT-met-lIA-au-service-de-linformation-de-ses-lecteurs\" rel=\"nofollow noopener\" target=\"_blank\">Les explications sont \u00e0 lire ici<\/a>.<\/p>\n","protected":false},"excerpt":{"rendered":"&#13; Bienvenue dans ce nouveau num\u00e9ro du Cyberhebdo, votre rendez-vous hebdomadaire sur l\u2019actualit\u00e9 des cyberattaques \u00e0 travers le&hellip;\n","protected":false},"author":2,"featured_media":191570,"comment_status":"","ping_status":"","sticky":false,"template":"","format":"standard","meta":{"footnotes":""},"categories":[1587],"tags":[11,672,1804,1805,1803,1777,674,1801,12,1802],"class_list":{"0":"post-191569","1":"post","2":"type-post","3":"status-publish","4":"format-standard","5":"has-post-thumbnail","7":"category-allemagne","8":"tag-actualites","9":"tag-allemagne","10":"tag-bundesrepublik-deutschland","11":"tag-de","12":"tag-deutschland","13":"tag-eu","14":"tag-europe","15":"tag-germany","16":"tag-news","17":"tag-republique-federale-dallemagne"},"share_on_mastodon":{"url":"https:\/\/pubeurope.com\/@fr\/114717091609969638","error":""},"_links":{"self":[{"href":"https:\/\/www.europesays.com\/fr\/wp-json\/wp\/v2\/posts\/191569","targetHints":{"allow":["GET"]}}],"collection":[{"href":"https:\/\/www.europesays.com\/fr\/wp-json\/wp\/v2\/posts"}],"about":[{"href":"https:\/\/www.europesays.com\/fr\/wp-json\/wp\/v2\/types\/post"}],"author":[{"embeddable":true,"href":"https:\/\/www.europesays.com\/fr\/wp-json\/wp\/v2\/users\/2"}],"replies":[{"embeddable":true,"href":"https:\/\/www.europesays.com\/fr\/wp-json\/wp\/v2\/comments?post=191569"}],"version-history":[{"count":0,"href":"https:\/\/www.europesays.com\/fr\/wp-json\/wp\/v2\/posts\/191569\/revisions"}],"wp:featuredmedia":[{"embeddable":true,"href":"https:\/\/www.europesays.com\/fr\/wp-json\/wp\/v2\/media\/191570"}],"wp:attachment":[{"href":"https:\/\/www.europesays.com\/fr\/wp-json\/wp\/v2\/media?parent=191569"}],"wp:term":[{"taxonomy":"category","embeddable":true,"href":"https:\/\/www.europesays.com\/fr\/wp-json\/wp\/v2\/categories?post=191569"},{"taxonomy":"post_tag","embeddable":true,"href":"https:\/\/www.europesays.com\/fr\/wp-json\/wp\/v2\/tags?post=191569"}],"curies":[{"name":"wp","href":"https:\/\/api.w.org\/{rel}","templated":true}]}}