{"id":191573,"date":"2025-06-20T18:25:11","date_gmt":"2025-06-20T18:25:11","guid":{"rendered":"https:\/\/www.europesays.com\/fr\/191573\/"},"modified":"2025-06-20T18:25:11","modified_gmt":"2025-06-20T18:25:11","slug":"depuis-le-covid-cet-amenageur-de-vans-chinonais-a-vu-son-activite-decoller","status":"publish","type":"post","link":"https:\/\/www.europesays.com\/fr\/191573\/","title":{"rendered":"depuis le Covid, cet am\u00e9nageur de vans chinonais a vu son activit\u00e9 d\u00e9coller"},"content":{"rendered":"<p>Des tiroirs extra-larges coulissants, un bac \u00e0 douche cach\u00e9 dans le plancher, un coin cuisine avec un petit r\u00e9chaud et un frigo, une table \u00e0 manger amovible\u2026 Pour transformer un van exigu et spartiate en espace de vie dot\u00e9 du confort \u00e9l\u00e9mentaire, Christophe Mazel et ses trois salari\u00e9s ne manquent pas d\u2019inventivit\u00e9.<\/p>\n<p>Depuis 2016, l\u2019entreprise <a target=\"_blank\" href=\"https:\/\/aiv37.com\/\" rel=\"nofollow noopener\">All Inside Vans<\/a>, install\u00e9e dans la zone commerciale de Chinon, am\u00e9nage tout type de v\u00e9hicule pour des particuliers (Berlingot, Ford Transit, Renault Master\u2026) et des entreprises (utilitaires, camionnettes, bus\u2026)&#8230;. <\/p>\n<p>    Cet article a \u00e9t\u00e9 tronqu\u00e9. Abonnez-vous pour lire l&rsquo;article complet sur notre site.<\/p>\n<p style=\"margin: 0 !important; padding: 0 !important; font-size: 12px !important;\">Cet article a \u00e9t\u00e9 tronqu\u00e9. Abonnez-vous pour lire l&rsquo;article complet.<\/p>\n<p>    <a href=\"https:\/\/www.lanouvellerepublique.fr\/abonnements\" style=\"display: inline-block; margin-top: 5px !important; padding: 6px 12px !important; background: #cb1c27; color: white; text-decoration: none; border-radius: 4px; font-size: 12px !important;\" rel=\"nofollow noopener\" target=\"_blank\"><br \/>\n      S&rsquo;abonner<br \/>\n    <\/a><\/p>\n","protected":false},"excerpt":{"rendered":"Des tiroirs extra-larges coulissants, un bac \u00e0 douche cach\u00e9 dans le plancher, un coin cuisine avec un petit&hellip;\n","protected":false},"author":2,"featured_media":191574,"comment_status":"","ping_status":"","sticky":false,"template":"","format":"standard","meta":{"footnotes":""},"categories":[1586],"tags":[1392,11,16806,33,1777,674,1779,1011,27,1387,12,25,1778,364],"class_list":{"0":"post-191573","1":"post","2":"type-post","3":"status-publish","4":"format-standard","5":"has-post-thumbnail","7":"category-europe","8":"tag-a-la-une-local","9":"tag-actualites","10":"tag-chinon","11":"tag-economie","12":"tag-eu","13":"tag-europe","14":"tag-european-union","15":"tag-fr","16":"tag-france","17":"tag-indre-et-loire","18":"tag-news","19":"tag-republique-francaise","20":"tag-ue","21":"tag-union-europeenne"},"share_on_mastodon":{"url":"https:\/\/pubeurope.com\/@fr\/114717099599615197","error":""},"_links":{"self":[{"href":"https:\/\/www.europesays.com\/fr\/wp-json\/wp\/v2\/posts\/191573","targetHints":{"allow":["GET"]}}],"collection":[{"href":"https:\/\/www.europesays.com\/fr\/wp-json\/wp\/v2\/posts"}],"about":[{"href":"https:\/\/www.europesays.com\/fr\/wp-json\/wp\/v2\/types\/post"}],"author":[{"embeddable":true,"href":"https:\/\/www.europesays.com\/fr\/wp-json\/wp\/v2\/users\/2"}],"replies":[{"embeddable":true,"href":"https:\/\/www.europesays.com\/fr\/wp-json\/wp\/v2\/comments?post=191573"}],"version-history":[{"count":0,"href":"https:\/\/www.europesays.com\/fr\/wp-json\/wp\/v2\/posts\/191573\/revisions"}],"wp:featuredmedia":[{"embeddable":true,"href":"https:\/\/www.europesays.com\/fr\/wp-json\/wp\/v2\/media\/191574"}],"wp:attachment":[{"href":"https:\/\/www.europesays.com\/fr\/wp-json\/wp\/v2\/media?parent=191573"}],"wp:term":[{"taxonomy":"category","embeddable":true,"href":"https:\/\/www.europesays.com\/fr\/wp-json\/wp\/v2\/categories?post=191573"},{"taxonomy":"post_tag","embeddable":true,"href":"https:\/\/www.europesays.com\/fr\/wp-json\/wp\/v2\/tags?post=191573"}],"curies":[{"name":"wp","href":"https:\/\/api.w.org\/{rel}","templated":true}]}}