{"id":191575,"date":"2025-06-20T18:26:10","date_gmt":"2025-06-20T18:26:10","guid":{"rendered":"https:\/\/www.europesays.com\/fr\/191575\/"},"modified":"2025-06-20T18:26:10","modified_gmt":"2025-06-20T18:26:10","slug":"deja-accuse-de-tentative-dagression-sexuelle-le-senateur-joel-guerriau-vise-par-un-nouveau-temoignage-liberation","status":"publish","type":"post","link":"https:\/\/www.europesays.com\/fr\/191575\/","title":{"rendered":"d\u00e9j\u00e0 accus\u00e9 de tentative d\u2019agression sexuelle, le s\u00e9nateur Jo\u00ebl Guerriau vis\u00e9 par un nouveau t\u00e9moignage \u2013 Lib\u00e9ration"},"content":{"rendered":"<p class=\"sc-ksZaOG ehjQrN text-element\">L\u2019affaire Jo\u00ebl Guerriau prend de l\u2019ampleur. Le s\u00e9nateur, <a href=\"https:\/\/www.liberation.fr\/societe\/police-justice\/soupcons-de-soumission-chimique-visant-la-deputee-sandrine-josso-proces-requis-contre-le-senateur-joel-guerriau-20250407_XA4D6DKWQBEEJBA32S3IHETFG4\/\" target=\"_blank\" rel=\"noreferrer nofollow noopener\" title=\"https:\/\/www.liberation.fr\/societe\/police-justice\/soupcons-de-soumission-chimique-visant-la-deputee-sandrine-josso-proces-requis-contre-le-senateur-joel-guerriau-20250407_XA4D6DKWQBEEJBA32S3IHETFG4\/\">soup\u00e7onn\u00e9<\/a> d\u2019avoir drogu\u00e9 en novembre 2023 la d\u00e9put\u00e9e Sandrine Josso afin de commettre une agression sexuelle, est vis\u00e9 par un nouveau t\u00e9moignage \u00e0 son encontre, relay\u00e9 jeudi 19 juin par l\u2019\u00e9mission Compl\u00e9ment d\u2019enqu\u00eate sur France 2.<\/p>\n<p class=\"sc-ksZaOG ehjQrN text-element\">Dans son enqu\u00eate sur les coulisses du S\u00e9nat, dont la cha\u00eene a d\u00e9voil\u00e9 une partie sur les r\u00e9seaux sociaux, France 2 revient sur l\u2019affaire qui a conduit <a href=\"https:\/\/www.liberation.fr\/societe\/police-justice\/soupcons-de-soumission-chimique-visant-la-deputee-sandrine-josso-proces-requis-contre-le-senateur-joel-guerriau-20250407_XA4D6DKWQBEEJBA32S3IHETFG4\/\" target=\"_blank\" rel=\"noreferrer nofollow noopener\" title=\"https:\/\/www.liberation.fr\/societe\/police-justice\/soupcons-de-soumission-chimique-visant-la-deputee-sandrine-josso-proces-requis-contre-le-senateur-joel-guerriau-20250407_XA4D6DKWQBEEJBA32S3IHETFG4\/\">le parquet \u00e0 requ\u00e9rir en avril un proc\u00e8s<\/a> \u00e0 l\u2019encontre du s\u00e9nateur, soup\u00e7onn\u00e9 d\u2019avoir drogu\u00e9 \u00e0 son insu sa coll\u00e8gue d\u00e9put\u00e9e lors d\u2019une soir\u00e9e dans son appartement parisien, ce qu\u2019il nie avoir fait volontairement, avan\u00e7ant notamment une \u00aberreur de manipulation\u00bb.<\/p>\n<p class=\"sc-ksZaOG ehjQrN text-element\">Le reportage diffus\u00e9 jeudi soir relaye notamment le t\u00e9moignage d\u2019une femme s\u2019exprimant face cam\u00e9ra mais \u00e0 visage couvert, avec le son de sa voix modifi\u00e9. Elle affirme que Jo\u00ebl Guerriau aurait \u00ababus\u00e9\u00bb d\u2019elle apr\u00e8s une soir\u00e9e pass\u00e9e au domicile parisien du s\u00e9nateur de Loire-Atlantique en mai 2022. Elle raconte avoir eu \u00abla t\u00eate qui tournait\u00bb, puis avoir repris ses esprits dans la chambre du s\u00e9nateur, qu\u2019elle connaissait du milieu politique et avec lequel elle aurait eu un diff\u00e9rend judiciaire. \u00abJ\u2019ai d\u00e9cid\u00e9 de l\u2019enterrer au plus profond de mon \u00eatre\u00bb, dit-elle encore, expliquant avoir eu un d\u00e9clic en entendant parler de l\u2019affaire de novembre 2023.<\/p>\n<p class=\"sc-ksZaOG ehjQrN text-element\">Les \u00e9quipes de Compl\u00e9ment d\u2019enqu\u00eate affirment que cette femme a contact\u00e9 les enqu\u00eateurs pour t\u00e9moigner mais qu\u2019elle n\u2019a pas port\u00e9 plainte pour l\u2019instant. Sollicit\u00e9 par l\u2019\u00e9mission, l\u2019avocat du s\u00e9nateur a indiqu\u00e9 que M. Guerriau \u00abd\u00e9ment [ait] avec la plus grande fermet\u00e9 ces nouvelles rumeurs\u00bb, les qualifiant d\u2019\u00abextravagances qui ont pour seul objectif de conduire Jo\u00ebl Guerriau \u00e0 l\u2019\u00e9chafaud de l\u2019opinion publique\u00bb.<\/p>\n<p class=\"sc-ksZaOG ehjQrN text-element\">Depuis sa mise en examen, le parlementaire, plac\u00e9 sous contr\u00f4le judiciaire, avait \u00e9t\u00e9 <a href=\"https:\/\/www.liberation.fr\/politique\/soupcons-de-soumission-chimique-la-place-du-senateur-guerriau-nest-plus-au-senat-affirme-gerard-larcher-20240925_INLAFF7SIBHXBBXPR7AU2PGFXU\/\" target=\"_blank\" rel=\"noreferrer nofollow noopener\" title=\"https:\/\/www.liberation.fr\/politique\/soupcons-de-soumission-chimique-la-place-du-senateur-guerriau-nest-plus-au-senat-affirme-gerard-larcher-20240925_INLAFF7SIBHXBBXPR7AU2PGFXU\/\">suspendu<\/a> de son parti Horizons et de son groupe parlementaire Les Ind\u00e9pendants-R\u00e9publique et Territoires. Il avait indiqu\u00e9 vouloir \u00abpr\u00e9server la s\u00e9r\u00e9nit\u00e9\u00bb du S\u00e9nat en se mettant \u00aben retrait de la participation aux travaux parlementaires\u00bb\u00bb, mais avait exclu de d\u00e9missionner, estimant en septembre 2024 \u00abtotalement injuste\u00bb de quitter ses fonctions alors que la justice n\u2019avait pas encore \u00abtranch\u00e9\u00bb.<\/p>\n","protected":false},"excerpt":{"rendered":"L\u2019affaire Jo\u00ebl Guerriau prend de l\u2019ampleur. Le s\u00e9nateur, soup\u00e7onn\u00e9 d\u2019avoir drogu\u00e9 en novembre 2023 la d\u00e9put\u00e9e Sandrine Josso&hellip;\n","protected":false},"author":2,"featured_media":191576,"comment_status":"","ping_status":"","sticky":false,"template":"","format":"standard","meta":{"footnotes":""},"categories":[2],"tags":[11,1011,27,6758,12,25,1004],"class_list":{"0":"post-191575","1":"post","2":"type-post","3":"status-publish","4":"format-standard","5":"has-post-thumbnail","7":"category-actualites","8":"tag-actualites","9":"tag-fr","10":"tag-france","11":"tag-me-too","12":"tag-news","13":"tag-republique-francaise","14":"tag-senat"},"share_on_mastodon":{"url":"https:\/\/pubeurope.com\/@fr\/114717103498339476","error":""},"_links":{"self":[{"href":"https:\/\/www.europesays.com\/fr\/wp-json\/wp\/v2\/posts\/191575","targetHints":{"allow":["GET"]}}],"collection":[{"href":"https:\/\/www.europesays.com\/fr\/wp-json\/wp\/v2\/posts"}],"about":[{"href":"https:\/\/www.europesays.com\/fr\/wp-json\/wp\/v2\/types\/post"}],"author":[{"embeddable":true,"href":"https:\/\/www.europesays.com\/fr\/wp-json\/wp\/v2\/users\/2"}],"replies":[{"embeddable":true,"href":"https:\/\/www.europesays.com\/fr\/wp-json\/wp\/v2\/comments?post=191575"}],"version-history":[{"count":0,"href":"https:\/\/www.europesays.com\/fr\/wp-json\/wp\/v2\/posts\/191575\/revisions"}],"wp:featuredmedia":[{"embeddable":true,"href":"https:\/\/www.europesays.com\/fr\/wp-json\/wp\/v2\/media\/191576"}],"wp:attachment":[{"href":"https:\/\/www.europesays.com\/fr\/wp-json\/wp\/v2\/media?parent=191575"}],"wp:term":[{"taxonomy":"category","embeddable":true,"href":"https:\/\/www.europesays.com\/fr\/wp-json\/wp\/v2\/categories?post=191575"},{"taxonomy":"post_tag","embeddable":true,"href":"https:\/\/www.europesays.com\/fr\/wp-json\/wp\/v2\/tags?post=191575"}],"curies":[{"name":"wp","href":"https:\/\/api.w.org\/{rel}","templated":true}]}}