{"id":191596,"date":"2025-06-20T18:39:12","date_gmt":"2025-06-20T18:39:12","guid":{"rendered":"https:\/\/www.europesays.com\/fr\/191596\/"},"modified":"2025-06-20T18:39:12","modified_gmt":"2025-06-20T18:39:12","slug":"au-grand-palais-niki-de-saint-phalle-jean-tinguely-et-pontus-hulten-se-font-desirer","status":"publish","type":"post","link":"https:\/\/www.europesays.com\/fr\/191596\/","title":{"rendered":"Au Grand Palais, Niki de Saint Phalle, Jean Tinguely et Pontus Hulten se font d\u00e9sirer"},"content":{"rendered":"<p>      L\u2019exposition, qui devait accueillir le public d\u00e8s ce vendredi 20\u00a0juin, a \u00e9t\u00e9 report\u00e9e au 26\u00a0juin, la fin du chantier du b\u00e2timent parisien ayant pris du retard. Quant au Palais de la D\u00e9couverte, \u00e9galement partiellement ouvert, son avenir est toujours incertain.              <a href=\"https:\/\/www.europesays.com\/fr\/wp-content\/uploads\/2025\/06\/d96919a_upload-1-jnpmkcxuomw5-000-62uf8np.jpg\" data-pswp-width=\"\" data-pswp-height=\"\" class=\"media__hd\" target=\"_blank\">      <img decoding=\"async\" fetchpriority=\"high\" src=\"https:\/\/www.europesays.com\/fr\/wp-content\/uploads\/2025\/06\/d96919a_upload-1-jnpmkcxuomw5-000-62uf8np.jpg\" class=\"media__picture js-media-zoom-main \" alt=\"Les sculptures color\u00e9es de Niki de Saint Phalle qui seront expos\u00e9es au Grand Palais cet \u00e9t\u00e9. \" title=\"Photo Emma Da Silva\/AFP\"\/>      <\/p>\n<p class=\"media__legend\"> Les sculptures color\u00e9es de Niki de Saint Phalle qui seront expos\u00e9es au Grand Palais cet \u00e9t\u00e9.   Photo Emma Da Silva\/AFP  <\/p>\n<p>     <\/a>                    <\/p>\n<p class=\"author author--simple\">Par  <a class=\"author author--link\" href=\"https:\/\/www.telerama.fr\/recherche\/articles?q=Virginie+F%C3%A9lix\" rel=\"nofollow noopener\" target=\"_blank\"> Virginie F\u00e9lix <\/a>    <\/p>\n<p class=\"publication__date\">Publi\u00e9 le 20 juin 2025 \u00e0 15h35<\/p>\n<p>   Partager   <\/p>\n<ul class=\"sharing-popin--results\">\n<li class=\"sharing-popin--item sharing-popin--item-container\"> Partage  <\/li>\n<li data-share=\"linkedin\" class=\"sharing-popin--item\">  LinkedIn <\/li>\n<li data-share=\"facebook\" class=\"sharing-popin--item\">  Facebook <\/li>\n<li data-share=\"mail\" data-social=\"mail\" class=\"sharing-popin--item\">  Envoyer par email <\/li>\n<li data-share=\"copy\" class=\"sharing-popin--item\">  Copier le lien <\/li>\n<\/ul>\n<p>        Favoris       <\/p>\n<p>                <a class=\"openapp__link\" data-event=\"click-open-app\">  Lire dans l&rsquo;application<br \/>\n  <\/a>                              <\/p>\n<p class=\"paragraph\">Il faudra encore patienter quelques jours pour se plonger dans les d\u00e9dales de la fructueuse collaboration artistique entre <a target=\"_blank\" href=\"https:\/\/www.telerama.fr\/arts-expositions\/niki-de-saint-phalle-toujours-en-plein-le-mille-7026071.php\" rel=\"nofollow noopener\">Niki de Saint Phalle,<\/a> Jean Tinguely et Pontus Hulten. Initialement pr\u00e9vue le 20\u00a0juin, l\u2019ouverture de la r\u00e9trospective dans les galeries du Grand Palais a d\u00fb \u00eatre report\u00e9e au 26\u00a0juin. \u00ab\u00a0Le temps de finir la maintenance des galeries d\u2019expositions\u00a0\u00bb, explique un communiqu\u00e9 du Centre Pompidou, qui coproduit l\u2019\u00e9v\u00e9nement et dont la conservatrice, Sophie Duplaix, assure le commissariat. Du c\u00f4t\u00e9 du Grand Palais, on \u00e9voque un retard d\u00fb \u00e0 \u00ab\u00a0des petites finitions de sc\u00e9nographie et d\u2019installation de l\u2019exposition, car le timing de montage \u00e9tait assez serr\u00e9\u00a0\u00bb.<\/p>\n<p class=\"paragraph\"><a target=\"_blank\" href=\"https:\/\/www.telerama.fr\/arts-expositions\/la-nouvelle-vie-du-grand-palais-un-enorme-shaker-melangeant-expos-soirees-concerts-7022603.php\" rel=\"nofollow noopener\">En travaux depuis mars\u00a02021,<\/a> le Grand Palais devait ouvrir ses portes il y a d\u00e9j\u00e0 une semaine. Mais ce n\u2019est finalement qu\u2019hier, jeudi 19\u00a0juin, qu\u2019a pu avoir lieu la pr\u00e9sentation \u00e0 la presse du b\u00e2timent r\u00e9nov\u00e9. Dans une ambiance de chantier qui sentait le pl\u00e2tre et la poussi\u00e8re, et o\u00f9 s\u2019activaient encore les ouvriers au milieu des journalistes venus d\u00e9couvrir les r\u00e9sultats du profond lifting.<\/p>\n<p class=\"paragraph\">Depuis le 6\u00a0juin, les visiteurs ont n\u00e9anmoins d\u00e9j\u00e0 acc\u00e8s, sous la nef, aux \u00e9v\u00e9nements de la programmation du<a target=\"_blank\" href=\"https:\/\/www.telerama.fr\/arts-expositions\/grand-palais-l-ete-sera-chaud-sous-la-verriere-7026137.php\" rel=\"nofollow noopener\"> Grand Palais d\u2019\u00e9t\u00e9<\/a>\u00a0: la\u00a0for\u00eat sonore suspendue du plasticien br\u00e9silien Ernesto Neto, le labyrinthe tr\u00e8s intime du \u00ab\u00a0Grand Palais de ma m\u00e8re\u00a0\u00bb, con\u00e7u par l\u2019artiste et dramaturge Mohamed El Khatib ou encore les ballons gonflables et tr\u00e8s instagrammables du grand barnum immersif \u00ab\u00a0Euphoria\u00a0\u00bb\u2026 Du c\u00f4t\u00e9 des galeries, les expositions <a target=\"_blank\" href=\"https:\/\/www.telerama.fr\/arts-expositions\/l-art-brut-c-est-le-refoule-de-l-art-contemporain-retour-sur-l-histoire-d-un-genre-qui-n-en-etait-pas-un-7026065.php\" rel=\"nofollow noopener\">\u00ab\u00a0Art brut\u00a0\u00bb<\/a> et \u00ab\u00a0Tapisseries royales\u00a0\u00bb sont, elles, visibles depuis ce vendredi 20\u00a0juin.<\/p>\n<p class=\"edito__prefixe\">   \u00c0 lire aussi :   <\/p>\n<p class=\"edito__text-container\">     <a alt=\"Lire aussi\" href=\"https:\/\/www.telerama.fr\/arts-expositions\/les-meilleures-expositions-a-voir-a-paris-en-juin-2025-3526-7020274.php\" class=\"article__title--edito\" rel=\"nofollow noopener\" target=\"_blank\">Les meilleures expositions \u00e0 voir en ce moment \u00e0 Paris<\/a>  <\/p>\n<p class=\"paragraph\">Le Palais de la d\u00e9couverte, dont <a target=\"_blank\" href=\"https:\/\/www.telerama.fr\/arts-expositions\/le-palais-de-la-decouverte-mis-en-peril-par-le-limogeage-de-son-directeur-7026136.php\" rel=\"nofollow noopener\">l\u2019avenir est toujours en suspens<\/a>, a, lui, rouvert partiellement ses portes le 20\u00a0juin, avec l\u2019exposition \u00ab\u00a0Transparence\u00a0\u00bb. Le public a \u00e9galement acc\u00e8s au palais des Enfants ainsi qu\u2019\u00e0 la majestueuse rotonde d\u2019Antin. Pour les autres galeries, \u00ab\u00a0ce ne sera pas avant\u00a02026\u00a0\u00bb, selon le service de communication du Grand Palais.<\/p>\n<p class=\"paragraph\">Un chantier pharaonique pas achev\u00e9, donc. Et dont on pourra aussi se faire une id\u00e9e en visionnant le documentaire\u00a0<a target=\"_blank\" href=\"https:\/\/www.telerama.fr\/television\/les-metamorphoses-du-grand-palais-de-stefan-cornic-notre-critique_cri-7033445.php\" rel=\"nofollow noopener\">Les M\u00e9tamorphoses du Grand Palais<\/a> (2024), rediffus\u00e9 le 29\u00a0juin \u00e0 22h20, sur France 5. Le r\u00e9alisateur Stefan Cornic a pu pendant deux ans glisser sa cam\u00e9ra dans les coulisses au milieu des architectes et des ouvriers charg\u00e9s d\u2019offrir une jeunesse \u00e0 ce b\u00e2timent parisien embl\u00e9matique, vieux de cent vingt ans.<\/p>\n","protected":false},"excerpt":{"rendered":"L\u2019exposition, qui devait accueillir le public d\u00e8s ce vendredi 20\u00a0juin, a \u00e9t\u00e9 report\u00e9e au 26\u00a0juin, la fin du&hellip;\n","protected":false},"author":2,"featured_media":191597,"comment_status":"","ping_status":"","sticky":false,"template":"","format":"standard","meta":{"footnotes":""},"categories":[1358],"tags":[1348,1384,1385,1386,58,59,1011,27],"class_list":{"0":"post-191596","1":"post","2":"type-post","3":"status-publish","4":"format-standard","5":"has-post-thumbnail","7":"category-arts-et-design","8":"tag-arts","9":"tag-arts-and-design","10":"tag-arts-et-design","11":"tag-design","12":"tag-divertissement","13":"tag-entertainment","14":"tag-fr","15":"tag-france"},"share_on_mastodon":{"url":"https:\/\/pubeurope.com\/@fr\/114717154675338381","error":""},"_links":{"self":[{"href":"https:\/\/www.europesays.com\/fr\/wp-json\/wp\/v2\/posts\/191596","targetHints":{"allow":["GET"]}}],"collection":[{"href":"https:\/\/www.europesays.com\/fr\/wp-json\/wp\/v2\/posts"}],"about":[{"href":"https:\/\/www.europesays.com\/fr\/wp-json\/wp\/v2\/types\/post"}],"author":[{"embeddable":true,"href":"https:\/\/www.europesays.com\/fr\/wp-json\/wp\/v2\/users\/2"}],"replies":[{"embeddable":true,"href":"https:\/\/www.europesays.com\/fr\/wp-json\/wp\/v2\/comments?post=191596"}],"version-history":[{"count":0,"href":"https:\/\/www.europesays.com\/fr\/wp-json\/wp\/v2\/posts\/191596\/revisions"}],"wp:featuredmedia":[{"embeddable":true,"href":"https:\/\/www.europesays.com\/fr\/wp-json\/wp\/v2\/media\/191597"}],"wp:attachment":[{"href":"https:\/\/www.europesays.com\/fr\/wp-json\/wp\/v2\/media?parent=191596"}],"wp:term":[{"taxonomy":"category","embeddable":true,"href":"https:\/\/www.europesays.com\/fr\/wp-json\/wp\/v2\/categories?post=191596"},{"taxonomy":"post_tag","embeddable":true,"href":"https:\/\/www.europesays.com\/fr\/wp-json\/wp\/v2\/tags?post=191596"}],"curies":[{"name":"wp","href":"https:\/\/api.w.org\/{rel}","templated":true}]}}